{"id":86138,"date":"2018-05-07T05:01:40","date_gmt":"2018-05-07T09:01:40","guid":{"rendered":"http:\/\/www.eltrabajo.cl\/2017\/?p=86138"},"modified":"2018-05-07T05:01:40","modified_gmt":"2018-05-07T09:01:40","slug":"brindan-tratamientos-dentales-a-21-internos-en-carcel-sanfelipena","status":"publish","type":"post","link":"https:\/\/eltrabajo.cl\/portal\/brindan-tratamientos-dentales-a-21-internos-en-carcel-sanfelipena\/","title":{"rendered":"Brindan tratamientos dentales a 21 internos en c\u00e1rcel sanfelipe\u00f1a"},"content":{"rendered":"<figure id=\"attachment_86139\" aria-describedby=\"caption-attachment-86139\" style=\"width: 579px\" class=\"wp-caption alignnone\"><img data-recalc-dims=\"1\" loading=\"lazy\" decoding=\"async\" class=\"size-full wp-image-86139\" src=\"https:\/\/i0.wp.com\/www.eltrabajo.cl\/portal\/wp-content\/uploads\/2018\/05\/Salud1.jpg?resize=579%2C301\" alt=\"Desde el mes de marzo dos profesionales del \u00e1rea de salud comenzaron a atender semanalmente a estos privados de libertad de la unidad penitenciaria de San Felipe.\" width=\"579\" height=\"301\" srcset=\"https:\/\/i0.wp.com\/eltrabajo.cl\/portal\/wp-content\/uploads\/2018\/05\/Salud1.jpg?w=579&amp;ssl=1 579w, https:\/\/i0.wp.com\/eltrabajo.cl\/portal\/wp-content\/uploads\/2018\/05\/Salud1.jpg?resize=200%2C104&amp;ssl=1 200w, https:\/\/i0.wp.com\/eltrabajo.cl\/portal\/wp-content\/uploads\/2018\/05\/Salud1.jpg?resize=300%2C156&amp;ssl=1 300w, https:\/\/i0.wp.com\/eltrabajo.cl\/portal\/wp-content\/uploads\/2018\/05\/Salud1.jpg?resize=289%2C150&amp;ssl=1 289w, https:\/\/i0.wp.com\/eltrabajo.cl\/portal\/wp-content\/uploads\/2018\/05\/Salud1.jpg?resize=400%2C208&amp;ssl=1 400w\" sizes=\"auto, (max-width: 579px) 100vw, 579px\" \/><figcaption id=\"caption-attachment-86139\" class=\"wp-caption-text\">Desde el mes de marzo dos profesionales del \u00e1rea de salud comenzaron a atender semanalmente a estos privados de libertad de la unidad penitenciaria de San Felipe.<\/figcaption><\/figure>\n<ul>\n<li><span style=\"color: #ff0000;\"><strong>Universidad de Valpara\u00edso y municipio de San Felipe:<\/strong><\/span><\/li>\n<\/ul>\n<p>En 2015 la Escuela de Medicina de la Universidad de Valpara\u00edso realiz\u00f3 una investigaci\u00f3n al interior de los centros de cumplimiento penitenciarios de San Felipe y Los Andes. Este fue el primer paso en la estrecha relaci\u00f3n entre la casa de estudios y las unidades del Aconcagua y que permiti\u00f3 que en la actualidad se est\u00e9 capacitando a internos en el establecimiento penitenciario sanfelipe\u00f1o.<br \/>\nEn total son 21 los reclusos que forman parte de este programa piloto \u00fanico en el pa\u00eds y que, adem\u00e1s de las clases impartidas por la casa de estudios, incluye la atenci\u00f3n de salud por parte de un odont\u00f3logo y un m\u00e9dico del Centro de Salud Familiar San Felipe El Real, dependiente del Servicio de Salud Aconcagua. Los profesionales comenzaron su labor en el recinto penal el 6 de marzo.<br \/>\nLa odont\u00f3loga Claudia Contreras asiste todos los d\u00edas jueves de 14:00 a 16:30 horas. Luego de dos meses de atenci\u00f3n la profesional confiesa que ha sido una positiva experiencia.<br \/>\n\u201cLa recepci\u00f3n por parte de los internos ha sido muy buena, la mayor\u00eda adhiere al tratamiento. La idea es hacer todo tipo de tratamiento que est\u00e9 al alcance, m\u00e1s que sacar dientes, tambi\u00e9n tapar caries, prevenir, hacer limpiezas y ense\u00f1arles a ellos c\u00f3mo cuidarse\u201d.<br \/>\nSimilar visi\u00f3n es la que tiene el jefe del CCP de San Felipe, mayor Brallan Silva. El alcaide sostuvo que \u201cdesde el momento que se implement\u00f3 el proyecto ha funcionado de buena manera. Se ha atendido a bastantes internos en lo que es doctor y dentista. Hemos conversado con la poblaci\u00f3n penal y est\u00e1n contentos. Se est\u00e1 dando prioridad a la tercera edad y los casos de mayor urgencia. Adem\u00e1s, ya empezamos con las clases que est\u00e1 dando el servicio de salud a los internos\u201d.<br \/>\nUno de los pacientes de la dantista es Emanuel L\u00f3pez, el joven de 22 a\u00f1os reconoce que \u201cla atenci\u00f3n de la especialista es bastante beneficiosa, porque uno, como preso, de repente no tiene las posibilidades y tampoco los medios para poder acceder a esta atenci\u00f3n. Una buena iniciativa y que sigan con el proyecto porque es bastante beneficioso para todos los internos\u201d.<br \/>\nConjuntamente a la atenci\u00f3n de salud se buscar\u00e1 educar en materias de salud a los reclusos. En cuanto a las tem\u00e1ticas a trata con la poblaci\u00f3n penal, el coordinador regional de salud de Gendarmer\u00eda, Luis N\u00fa\u00f1ez, sostuvo que \u201cson alrededor de 21 internos los que est\u00e1n participando en estas diferentes charlas, las que tienen que ver con temas de salud, como lo son las enfermedades infecciosas, cr\u00f3nicas, salud mental y sexualidad. Tambi\u00e9n se les entregan habilidades ling\u00fc\u00edsticas y comunicacionales que les permitan al interno tener otras herramientas para desenvolverse una vez que egresen\u201d.<br \/>\nRespecto a la finalidad de esta iniciativa, la acad\u00e9mica de la escuela de medicina de la Universidad de Valpara\u00edso, Daisy Iturrieta, precis\u00f3 que \u201cel proyecto tiene por objetivo fortalecer habilidades para la vida para estos internos que est\u00e1n ad portas de egresar. Es un proyecto desde la mirada del enfoque de derecho, desde la mirada de la equidad y desde la mirada de la determinaci\u00f3n social\u201d. Cabe destacar que el Seremi de Salud, Francisco \u00c1lvarez, destac\u00f3 que se entregar\u00e1 todo el apoyo para que esta experiencia se replique en otras unidades penitenciarias de la regi\u00f3n.<\/p>\n<figure id=\"attachment_86140\" aria-describedby=\"caption-attachment-86140\" style=\"width: 578px\" class=\"wp-caption alignnone\"><img data-recalc-dims=\"1\" loading=\"lazy\" decoding=\"async\" class=\"size-full wp-image-86140\" src=\"https:\/\/i0.wp.com\/www.eltrabajo.cl\/portal\/wp-content\/uploads\/2018\/05\/Salud2.jpg?resize=578%2C386\" alt=\"Los profesionales de la salud y los internos cooperan mutuamente para poder avanzar en esta campa\u00f1a saludable.\" width=\"578\" height=\"386\" srcset=\"https:\/\/i0.wp.com\/eltrabajo.cl\/portal\/wp-content\/uploads\/2018\/05\/Salud2.jpg?w=578&amp;ssl=1 578w, https:\/\/i0.wp.com\/eltrabajo.cl\/portal\/wp-content\/uploads\/2018\/05\/Salud2.jpg?resize=200%2C134&amp;ssl=1 200w, https:\/\/i0.wp.com\/eltrabajo.cl\/portal\/wp-content\/uploads\/2018\/05\/Salud2.jpg?resize=300%2C200&amp;ssl=1 300w, https:\/\/i0.wp.com\/eltrabajo.cl\/portal\/wp-content\/uploads\/2018\/05\/Salud2.jpg?resize=225%2C150&amp;ssl=1 225w, https:\/\/i0.wp.com\/eltrabajo.cl\/portal\/wp-content\/uploads\/2018\/05\/Salud2.jpg?resize=400%2C267&amp;ssl=1 400w\" sizes=\"auto, (max-width: 578px) 100vw, 578px\" \/><figcaption id=\"caption-attachment-86140\" class=\"wp-caption-text\">Los profesionales de la salud y los internos cooperan mutuamente para poder avanzar en esta campa\u00f1a saludable.<\/figcaption><\/figure>\n","protected":false},"excerpt":{"rendered":"<p>Universidad de Valpara\u00edso y municipio de San Felipe: En 2015 la Escuela de Medicina de la Universidad de Valpara\u00edso realiz\u00f3 una investigaci\u00f3n al interior de los centros de cumplimiento penitenciarios de San&#8230;<\/p>\n","protected":false},"author":1,"featured_media":86140,"comment_status":"open","ping_status":"open","sticky":false,"template":"","format":"standard","meta":{"advanced_seo_description":"","jetpack_seo_html_title":"","jetpack_seo_noindex":false,"_jetpack_memberships_contains_paid_content":false,"footnotes":""},"categories":[1],"tags":[],"class_list":["post-86138","post","type-post","status-publish","format-standard","has-post-thumbnail","hentry","category-cronica"],"jetpack_featured_media_url":"https:\/\/i0.wp.com\/eltrabajo.cl\/portal\/wp-content\/uploads\/2018\/05\/Salud2.jpg?fit=578%2C386&ssl=1","jetpack_sharing_enabled":true,"jetpack_likes_enabled":true,"jetpack-related-posts":[],"_links":{"self":[{"href":"https:\/\/eltrabajo.cl\/portal\/wp-json\/wp\/v2\/posts\/86138","targetHints":{"allow":["GET"]}}],"collection":[{"href":"https:\/\/eltrabajo.cl\/portal\/wp-json\/wp\/v2\/posts"}],"about":[{"href":"https:\/\/eltrabajo.cl\/portal\/wp-json\/wp\/v2\/types\/post"}],"author":[{"embeddable":true,"href":"https:\/\/eltrabajo.cl\/portal\/wp-json\/wp\/v2\/users\/1"}],"replies":[{"embeddable":true,"href":"https:\/\/eltrabajo.cl\/portal\/wp-json\/wp\/v2\/comments?post=86138"}],"version-history":[{"count":0,"href":"https:\/\/eltrabajo.cl\/portal\/wp-json\/wp\/v2\/posts\/86138\/revisions"}],"wp:featuredmedia":[{"embeddable":true,"href":"https:\/\/eltrabajo.cl\/portal\/wp-json\/wp\/v2\/media\/86140"}],"wp:attachment":[{"href":"https:\/\/eltrabajo.cl\/portal\/wp-json\/wp\/v2\/media?parent=86138"}],"wp:term":[{"taxonomy":"category","embeddable":true,"href":"https:\/\/eltrabajo.cl\/portal\/wp-json\/wp\/v2\/categories?post=86138"},{"taxonomy":"post_tag","embeddable":true,"href":"https:\/\/eltrabajo.cl\/portal\/wp-json\/wp\/v2\/tags?post=86138"}],"curies":[{"name":"wp","href":"https:\/\/api.w.org\/{rel}","templated":true}]}}