{"id":86154,"date":"2018-05-07T05:05:39","date_gmt":"2018-05-07T09:05:39","guid":{"rendered":"http:\/\/www.eltrabajo.cl\/2017\/?p=86154"},"modified":"2018-05-07T05:05:39","modified_gmt":"2018-05-07T09:05:39","slug":"entrevista-a-la-abogada-defensora-del-supuesto-asesino-de-ambar-lazcano","status":"publish","type":"post","link":"https:\/\/eltrabajo.cl\/portal\/entrevista-a-la-abogada-defensora-del-supuesto-asesino-de-ambar-lazcano\/","title":{"rendered":"Entrevista a la abogada defensora del supuesto asesino de \u00c1mbar Lazcano"},"content":{"rendered":"<figure id=\"attachment_86155\" aria-describedby=\"caption-attachment-86155\" style=\"width: 580px\" class=\"wp-caption alignnone\"><img data-recalc-dims=\"1\" loading=\"lazy\" decoding=\"async\" class=\"size-full wp-image-86155\" src=\"https:\/\/i0.wp.com\/www.eltrabajo.cl\/portal\/wp-content\/uploads\/2018\/05\/Abogada_Alicia-Rojas.jpg?resize=580%2C403\" alt=\"Alicia Rojas Vega, abogada defensora del imputado por la muerte de la peque\u00f1a \u00c1mbar.\" width=\"580\" height=\"403\" srcset=\"https:\/\/i0.wp.com\/eltrabajo.cl\/portal\/wp-content\/uploads\/2018\/05\/Abogada_Alicia-Rojas.jpg?w=580&amp;ssl=1 580w, https:\/\/i0.wp.com\/eltrabajo.cl\/portal\/wp-content\/uploads\/2018\/05\/Abogada_Alicia-Rojas.jpg?resize=200%2C139&amp;ssl=1 200w, https:\/\/i0.wp.com\/eltrabajo.cl\/portal\/wp-content\/uploads\/2018\/05\/Abogada_Alicia-Rojas.jpg?resize=300%2C208&amp;ssl=1 300w, https:\/\/i0.wp.com\/eltrabajo.cl\/portal\/wp-content\/uploads\/2018\/05\/Abogada_Alicia-Rojas.jpg?resize=216%2C150&amp;ssl=1 216w, https:\/\/i0.wp.com\/eltrabajo.cl\/portal\/wp-content\/uploads\/2018\/05\/Abogada_Alicia-Rojas.jpg?resize=400%2C278&amp;ssl=1 400w\" sizes=\"auto, (max-width: 580px) 100vw, 580px\" \/><figcaption id=\"caption-attachment-86155\" class=\"wp-caption-text\">Alicia Rojas Vega, abogada defensora del imputado por la muerte de la peque\u00f1a \u00c1mbar.<\/figcaption><\/figure>\n<ul>\n<li><span style=\"color: #ff0000;\"><strong>Alicia Rojas: \u00abUno espera que la opini\u00f3n y la conmoci\u00f3n p\u00fablica no sean elementos que determinen el resultado del proceso\u00bb<\/strong><\/span><\/li>\n<\/ul>\n<p>La jurista Alicia Rojas Vega es la abogada defensora que le toc\u00f3 estar al lado del imputado por la muerte de la menor \u00c1mbar el d\u00eda del control de detenci\u00f3n y despu\u00e9s de formalizaci\u00f3n que se realiz\u00f3 este lunes, admite que es complejo defender a imputados por este tipo de delitos, sin embargo la experiencia la ha llevado a separar su vida de lo personal a lo profesional, porque en esta \u00faltima debe responder a la confianza entregada por sus defendidos.<br \/>\nEn cuanto a este caso, donde est\u00e1 imputado Miguel Andr\u00e9s Espinoza Aravena, ella espera que la presi\u00f3n medi\u00e1tica no sea un elemento decidor \u00ablo que uno espera es que la opini\u00f3n y la conmoci\u00f3n p\u00fablica no sean un elemento que determinen el proceso ni el resultado del mismo, porque esto se mueve por otros cauces que dicen relaci\u00f3n con la justicia, las pruebas y en ese sentido esta causa tiene un plazo de investigaci\u00f3n de seis meses, que es bastante adecuado para todo el trabajo que hay que realizar\u00bb indic\u00f3 Rojas.<\/p>\n<p><span style=\"color: #ff0000;\"><strong>INFORME DECISIVO<\/strong><\/span><br \/>\nSe est\u00e1 a la espera del peritaje del SML, porque la audiencia de formalizaci\u00f3n se realiz\u00f3 con los informes de los dos hospitales que atendieron a la menor. Este informe determinar\u00e1 si las lesiones provocaron la muerte de la menor.<br \/>\n<strong>&#8211; \u00bfCu\u00e1ndo habla del peritaje del SML es para ver si efectivamente las lesiones causadas por su representado son las causantes de la muerte de \u00c1mbar? <\/strong><br \/>\n&#8211; Exacto, porque \u00e9l fue formalizado eventualmente como culpable de una violaci\u00f3n con homicidio, ese es el tipo penal que se le invoc\u00f3 a \u00e9l en la formalizaci\u00f3n, para eso se requiere que hay un nexo causal entre las lesiones que presentaba la menor y la causa de la muerte.<br \/>\n<strong>&#8211; \u00bfLos peritajes a \u00e9l son para ver si tiene alguna patolog\u00eda psicol\u00f3gica?<\/strong><br \/>\n&#8211; S\u00ed, son los frecuentes en este tipo de causa.<br \/>\n<strong>&#8211; \u00bfC\u00f3mo lo vio en el control de detenci\u00f3n, esboz\u00f3 alguna frase?<\/strong><br \/>\n&#8211; Yo estuve en control detenci\u00f3n con \u00e9l el d\u00eda s\u00e1bado, porque como la menor estaba siendo operada no se sab\u00eda cu\u00e1l iba a ser el resultado de la operaci\u00f3n y por consiguiente se ampli\u00f3 la detenci\u00f3n, el lunes fue la audiencia de formalizaci\u00f3n, entonces yo he tenido la oportunidad de verlo dos veces, claro y cualquiera comprender\u00e1 est\u00e1 afectado, \u00e9l aparte del delito que se le est\u00e1 invocando que entiende que es muy grave, entiende que la menor falleci\u00f3, tambi\u00e9n est\u00e1 toda la presi\u00f3n social y todas las agresiones que ha tenido que vivir en este periodo.<br \/>\n<strong>&#8211; \u00bfPero en la interna qu\u00e9 le comenta, fueron as\u00ed los hechos?<\/strong><br \/>\n&#8211; En la interna hay una confianza entre imputado y defensor que uno no puede transgredir, sin embargo, s\u00ed le puedo relatar y que sali\u00f3 en la audiencia de formalizaci\u00f3n, \u00e9l prest\u00f3 una declaraci\u00f3n inicial en la PDI, cuando reci\u00e9n los m\u00e9dicos llaman a la Polic\u00eda y \u00e9l se\u00f1ala que la menor se cay\u00f3.<br \/>\n<strong>&#8211; Pero hay una violaci\u00f3n anal, seg\u00fan se dijo en la audiencia de formalizaci\u00f3n \u00bf\u00e9l reconoce eso?<\/strong><br \/>\n&#8211; No, hay lesiones anales que fueron determinadas por los hospitales.<br \/>\n<strong>&#8211; \u00bfEsas lesiones c\u00f3mo se habr\u00edan producido?<\/strong><br \/>\n&#8211; No, ah\u00ed no tengo una explicaci\u00f3n todav\u00eda.<br \/>\n<strong>&#8211; \u00bfEs complicado defender a una persona acusada de este tipo de delitos, o hay que ser fr\u00edo y profesional?<\/strong><br \/>\n&#8211; Es complejo y ning\u00fan ser humano es fr\u00edo como usted me dice, sin embargo uno con los a\u00f1os aprende a separar las vidas, tengo una personal que no tiene que ver con mi vida profesional y en mis horas de trabajo tengo que responder a la confianza que me han se\u00f1alado y que me han dado mis defendidos dentro del marco de lo que significa el Derecho, porque tampoco vamos a invocar situaciones absurdas y eso uno lo conversa con el imputado.<br \/>\n<strong>&#8211; \u00bf\u00c9l se siente arrepentido?<\/strong><br \/>\n&#8211; No he conversado ese tema con \u00e9l, lo que pasa es que la gente se siente arrepentida cuando reconoce que ha cometido algo y \u00e9l en su primera declaraci\u00f3n no ha reconocido eso, el arrepentimiento es un acto de constricci\u00f3n que todo ser humano hace cuando sabe y reconoce que ha cometido algo inadecuado en t\u00e9rminos generales, no estamos hablando de este caso en particular.<br \/>\n<strong>&#8211; El hermano acusa a la pareja de su defendido que es su hermana, \u00bfqu\u00e9 participaci\u00f3n tiene ella o qu\u00e9 le coment\u00f3 el imputado?<\/strong><br \/>\n&#8211; Mire, yo entiendo que el hermano ha hecho una serie de declaraciones que \u00e9l hab\u00eda pedido varias veces, por lo que yo he escuchado, el cuidado de la menor y entiendo el dolor que pueda estar sintiendo, pero aqu\u00ed hay cosas que \u00e9l ha dicho que no tienen relaci\u00f3n por lo menos con lo que existe en la carpeta investigativa hasta el momento, no le puedo decir m\u00e1s adelante, pero lo que exist\u00eda hasta el momento de la formalizaci\u00f3n como por ejemplo que la hermana lo sab\u00eda, no hay ning\u00fan antecedente, ning\u00fan antecedente ni m\u00e9dico, ni del colegio que la menor hubiese presentado lesiones antes de esta oportunidad, la menor ese d\u00eda estuvo en el jard\u00edn infantil y fue egresada en perfecta condiciones a la hora de salida con todos los ni\u00f1os, por consiguiente no hay denuncia de ninguna persona sobre lesiones anteriores ni de \u00e9l ni de nadie, por consiguiente uno entiende que dentro de la conmoci\u00f3n la gente empiece a elucubrar a generar ideas que no est\u00e1n respaldadas hasta el momento por otro antecedente, le digo hasta el momento, porque la causa est\u00e1 dentro del proceso de investigaci\u00f3n.<br \/>\n<strong>&#8211; Ahora, dicen los vecinos, la misma profesional del jard\u00edn, que muchas veces sent\u00eda que hab\u00eda rechazo, \u00bfnunca fue denunciado o no est\u00e1 en la carpeta?<\/strong><br \/>\n&#8211; No, es m\u00e1s, yo puedo decir que vi en la prensa las declaraciones iniciales de las t\u00edas del jard\u00edn, donde dec\u00edan que la ni\u00f1a era una ni\u00f1a feliz, que nunca hab\u00edan advertido absolutamente nada, eso es lo que vi yo y creo que toda la gente que estuvo viendo esas noticias eso es, pero en la carpeta no hay antecedentes, uno entiende los casos de conmoci\u00f3n la gente empieza a decir yo lo sab\u00eda, yo lo hab\u00eda visto.<br \/>\n<strong>&#8211; \u00bfPero s\u00ed hab\u00edan visto algo podr\u00edan haberlo denunciado o no?<\/strong><br \/>\n&#8211; Ah claro, claro, pero no hay ninguna denuncia.<br \/>\n<strong>&#8211; \u00bfQu\u00e9 se puede decir al respecto de este caso, que opere la justicia? <\/strong><br \/>\n&#8211; Uno entiende la reacci\u00f3n popular, entiende el dolor, no entiendo los destrozos que se hicieron ese d\u00eda, nadie puede justificar eso, entiendo el dolor de la gente, sin embargo aqu\u00ed hay que entender dentro de un proceso son las pruebas las que mandan y eso es lo que est\u00e1 establecido en la justicia y en las leyes que este pa\u00eds se ha dado, m\u00e1s all\u00e1 de la reacci\u00f3n que uno pueda entender natural de dolor, porque la gente tambi\u00e9n est\u00e1 pidiendo poco menos que la Pena de Muerte, perd\u00f3n hace a\u00f1os que se derog\u00f3 la Pena de Muerte en este pa\u00eds.<\/p>\n<figure id=\"attachment_86156\" aria-describedby=\"caption-attachment-86156\" style=\"width: 578px\" class=\"wp-caption alignnone\"><img data-recalc-dims=\"1\" loading=\"lazy\" decoding=\"async\" class=\"size-full wp-image-86156\" src=\"https:\/\/i0.wp.com\/www.eltrabajo.cl\/portal\/wp-content\/uploads\/2018\/05\/Abogada_Miguel-Andres-Espinoza-Aravena.jpg?resize=578%2C386\" alt=\"Andr\u00e9s Espinoza est\u00e1 en prisi\u00f3n preventiva, \u00e9l est\u00e1 claro por los hechos que se le formaliz\u00f3, algo que en la audiencia se le pregunt\u00f3 luego del relato del fiscal. FOTO:FRANCISCO FLORES SEGUEL\/AGENCIAUNO\" width=\"578\" height=\"386\" srcset=\"https:\/\/i0.wp.com\/eltrabajo.cl\/portal\/wp-content\/uploads\/2018\/05\/Abogada_Miguel-Andres-Espinoza-Aravena.jpg?w=578&amp;ssl=1 578w, https:\/\/i0.wp.com\/eltrabajo.cl\/portal\/wp-content\/uploads\/2018\/05\/Abogada_Miguel-Andres-Espinoza-Aravena.jpg?resize=200%2C134&amp;ssl=1 200w, https:\/\/i0.wp.com\/eltrabajo.cl\/portal\/wp-content\/uploads\/2018\/05\/Abogada_Miguel-Andres-Espinoza-Aravena.jpg?resize=300%2C200&amp;ssl=1 300w, https:\/\/i0.wp.com\/eltrabajo.cl\/portal\/wp-content\/uploads\/2018\/05\/Abogada_Miguel-Andres-Espinoza-Aravena.jpg?resize=225%2C150&amp;ssl=1 225w, https:\/\/i0.wp.com\/eltrabajo.cl\/portal\/wp-content\/uploads\/2018\/05\/Abogada_Miguel-Andres-Espinoza-Aravena.jpg?resize=400%2C267&amp;ssl=1 400w\" sizes=\"auto, (max-width: 578px) 100vw, 578px\" \/><figcaption id=\"caption-attachment-86156\" class=\"wp-caption-text\">Andr\u00e9s Espinoza est\u00e1 en prisi\u00f3n preventiva, \u00e9l est\u00e1 claro por los hechos que se le formaliz\u00f3, algo que en la audiencia se le pregunt\u00f3 luego del relato del fiscal. FOTO:FRANCISCO FLORES SEGUEL\/AGENCIAUNO<\/figcaption><\/figure>\n","protected":false},"excerpt":{"rendered":"<p>Alicia Rojas: \u00abUno espera que la opini\u00f3n y la conmoci\u00f3n p\u00fablica no sean elementos que determinen el resultado del proceso\u00bb La jurista Alicia Rojas Vega es la abogada defensora que le toc\u00f3&#8230;<\/p>\n","protected":false},"author":1,"featured_media":86155,"comment_status":"open","ping_status":"open","sticky":false,"template":"","format":"standard","meta":{"advanced_seo_description":"","jetpack_seo_html_title":"","jetpack_seo_noindex":false,"_jetpack_memberships_contains_paid_content":false,"footnotes":""},"categories":[1],"tags":[],"class_list":["post-86154","post","type-post","status-publish","format-standard","has-post-thumbnail","hentry","category-cronica"],"jetpack_featured_media_url":"https:\/\/i0.wp.com\/eltrabajo.cl\/portal\/wp-content\/uploads\/2018\/05\/Abogada_Alicia-Rojas.jpg?fit=580%2C403&ssl=1","jetpack_sharing_enabled":true,"jetpack_likes_enabled":true,"jetpack-related-posts":[],"_links":{"self":[{"href":"https:\/\/eltrabajo.cl\/portal\/wp-json\/wp\/v2\/posts\/86154","targetHints":{"allow":["GET"]}}],"collection":[{"href":"https:\/\/eltrabajo.cl\/portal\/wp-json\/wp\/v2\/posts"}],"about":[{"href":"https:\/\/eltrabajo.cl\/portal\/wp-json\/wp\/v2\/types\/post"}],"author":[{"embeddable":true,"href":"https:\/\/eltrabajo.cl\/portal\/wp-json\/wp\/v2\/users\/1"}],"replies":[{"embeddable":true,"href":"https:\/\/eltrabajo.cl\/portal\/wp-json\/wp\/v2\/comments?post=86154"}],"version-history":[{"count":0,"href":"https:\/\/eltrabajo.cl\/portal\/wp-json\/wp\/v2\/posts\/86154\/revisions"}],"wp:featuredmedia":[{"embeddable":true,"href":"https:\/\/eltrabajo.cl\/portal\/wp-json\/wp\/v2\/media\/86155"}],"wp:attachment":[{"href":"https:\/\/eltrabajo.cl\/portal\/wp-json\/wp\/v2\/media?parent=86154"}],"wp:term":[{"taxonomy":"category","embeddable":true,"href":"https:\/\/eltrabajo.cl\/portal\/wp-json\/wp\/v2\/categories?post=86154"},{"taxonomy":"post_tag","embeddable":true,"href":"https:\/\/eltrabajo.cl\/portal\/wp-json\/wp\/v2\/tags?post=86154"}],"curies":[{"name":"wp","href":"https:\/\/api.w.org\/{rel}","templated":true}]}}