{"id":86162,"date":"2018-05-08T05:00:26","date_gmt":"2018-05-08T09:00:26","guid":{"rendered":"http:\/\/www.eltrabajo.cl\/2017\/?p=86162"},"modified":"2018-05-08T05:00:26","modified_gmt":"2018-05-08T09:00:26","slug":"natali-rosas-y-jorge-cifuentes-ganan-la-primera-fecha-del-columbia-challenge","status":"publish","type":"post","link":"https:\/\/eltrabajo.cl\/portal\/natali-rosas-y-jorge-cifuentes-ganan-la-primera-fecha-del-columbia-challenge\/","title":{"rendered":"Natali Rosas y Jorge Cifuentes ganan la primera fecha del Columbia Challenge"},"content":{"rendered":"<figure id=\"attachment_86163\" aria-describedby=\"caption-attachment-86163\" style=\"width: 580px\" class=\"wp-caption alignnone\"><img data-recalc-dims=\"1\" loading=\"lazy\" decoding=\"async\" class=\"size-full wp-image-86163\" src=\"https:\/\/i0.wp.com\/www.eltrabajo.cl\/portal\/wp-content\/uploads\/2018\/05\/natali-y-jorge.jpg?resize=580%2C399\" alt=\"Natali Rosas y Jorge Cifuentes se impusieron con claridad en los dobles mixtos en la primera fecha del circuito Columbia Challenge en Til Til.\" width=\"580\" height=\"399\" srcset=\"https:\/\/i0.wp.com\/eltrabajo.cl\/portal\/wp-content\/uploads\/2018\/05\/natali-y-jorge.jpg?w=580&amp;ssl=1 580w, https:\/\/i0.wp.com\/eltrabajo.cl\/portal\/wp-content\/uploads\/2018\/05\/natali-y-jorge.jpg?resize=200%2C138&amp;ssl=1 200w, https:\/\/i0.wp.com\/eltrabajo.cl\/portal\/wp-content\/uploads\/2018\/05\/natali-y-jorge.jpg?resize=300%2C206&amp;ssl=1 300w, https:\/\/i0.wp.com\/eltrabajo.cl\/portal\/wp-content\/uploads\/2018\/05\/natali-y-jorge.jpg?resize=218%2C150&amp;ssl=1 218w, https:\/\/i0.wp.com\/eltrabajo.cl\/portal\/wp-content\/uploads\/2018\/05\/natali-y-jorge.jpg?resize=400%2C275&amp;ssl=1 400w\" sizes=\"auto, (max-width: 580px) 100vw, 580px\" \/><figcaption id=\"caption-attachment-86163\" class=\"wp-caption-text\">Natali Rosas y Jorge Cifuentes se impusieron con claridad en los dobles mixtos en la primera fecha del circuito Columbia Challenge en Til Til.<\/figcaption><\/figure>\n<p>El s\u00e1bado reci\u00e9n pasado en la comuna de Til Til, espec\u00edficamente en la medialuna donde se encuentra el monumento al h\u00e9roe patrio Manuel Rodr\u00edguez, se dio inicio al circuito Columbia Adventure Challenge, evento que trae novedades en su formato competitivo para este 2018.<br \/>\nLa novedad m\u00e1s interesante que trae la principal competencia del Deporte Aventura chileno, es que en cada una de sus fechas habr\u00e1 dedicaci\u00f3n exclusiva a cada una de las disciplinas que integran esta dura pr\u00e1ctica deportiva. As\u00ed la primera fecha consisti\u00f3 en MTB (ciclismo) con orientaci\u00f3n, mientras que la segunda ser\u00e1 Treking con orientaci\u00f3n; la cuarta Kayaks con orientaci\u00f3n, hasta llegar a la \u00faltima fecha con todas las anteriores combinadas.<br \/>\nNatali Rosas con su compa\u00f1ero Jorge Cifuentes se impusieron en los dobles mixtos, confirmando ambos su categor\u00eda: \u201cHace un par de a\u00f1os que no participaba en el Columbia, por lo que consider\u00e9 que ya era un tiempo para volver y poner en pr\u00e1ctica toda la experiencia que he ganado durante todo este periodo en el extranjero. Nos coordinamos con Jorge (Cifuentes) porque queremos dar qu\u00e9 hablar este a\u00f1o y lo logramos porque conseguimos ganar, con holgura ya que lo hicimos con un crono de 5 horas con 56 minutos\u201d, declar\u00f3 con indisimulada satisfacci\u00f3n a El Trabajo Deportivo la atleta santamariana.<br \/>\nCon esta gran presentaci\u00f3n Natali cerr\u00f3 su preparaci\u00f3n para lo que ser\u00e1 su participaci\u00f3n en la fecha del circuito Mundial del Deporte Aventura en Sud\u00e1frica, cita en la cual lucir\u00e1 una divisa especialmente preparada para la ocasi\u00f3n, ya que en ella lucir\u00e1n los nombres de la empresas y personas que siempre han estado a su lado, como lo son: El alcalde Claudio Zurita y la Municipalidad de Santa Mar\u00eda, Kyes centro de medicina, est\u00e9tica, deportiva y rehabilitaci\u00f3n, Waldo Taller, Aventura Aconcagua y Diario El Trabajo.<\/p>\n","protected":false},"excerpt":{"rendered":"<p>El s\u00e1bado reci\u00e9n pasado en la comuna de Til Til, espec\u00edficamente en la medialuna donde se encuentra el monumento al h\u00e9roe patrio Manuel Rodr\u00edguez, se dio inicio al circuito Columbia Adventure Challenge,&#8230;<\/p>\n","protected":false},"author":1,"featured_media":86163,"comment_status":"open","ping_status":"open","sticky":false,"template":"","format":"standard","meta":{"advanced_seo_description":"","jetpack_seo_html_title":"","jetpack_seo_noindex":false,"_jetpack_memberships_contains_paid_content":false,"footnotes":""},"categories":[19],"tags":[],"class_list":["post-86162","post","type-post","status-publish","format-standard","has-post-thumbnail","hentry","category-deportes"],"jetpack_featured_media_url":"https:\/\/i0.wp.com\/eltrabajo.cl\/portal\/wp-content\/uploads\/2018\/05\/natali-y-jorge.jpg?fit=580%2C399&ssl=1","jetpack_sharing_enabled":true,"jetpack_likes_enabled":true,"jetpack-related-posts":[],"_links":{"self":[{"href":"https:\/\/eltrabajo.cl\/portal\/wp-json\/wp\/v2\/posts\/86162","targetHints":{"allow":["GET"]}}],"collection":[{"href":"https:\/\/eltrabajo.cl\/portal\/wp-json\/wp\/v2\/posts"}],"about":[{"href":"https:\/\/eltrabajo.cl\/portal\/wp-json\/wp\/v2\/types\/post"}],"author":[{"embeddable":true,"href":"https:\/\/eltrabajo.cl\/portal\/wp-json\/wp\/v2\/users\/1"}],"replies":[{"embeddable":true,"href":"https:\/\/eltrabajo.cl\/portal\/wp-json\/wp\/v2\/comments?post=86162"}],"version-history":[{"count":0,"href":"https:\/\/eltrabajo.cl\/portal\/wp-json\/wp\/v2\/posts\/86162\/revisions"}],"wp:featuredmedia":[{"embeddable":true,"href":"https:\/\/eltrabajo.cl\/portal\/wp-json\/wp\/v2\/media\/86163"}],"wp:attachment":[{"href":"https:\/\/eltrabajo.cl\/portal\/wp-json\/wp\/v2\/media?parent=86162"}],"wp:term":[{"taxonomy":"category","embeddable":true,"href":"https:\/\/eltrabajo.cl\/portal\/wp-json\/wp\/v2\/categories?post=86162"},{"taxonomy":"post_tag","embeddable":true,"href":"https:\/\/eltrabajo.cl\/portal\/wp-json\/wp\/v2\/tags?post=86162"}],"curies":[{"name":"wp","href":"https:\/\/api.w.org\/{rel}","templated":true}]}}