{"id":86177,"date":"2018-05-08T05:04:37","date_gmt":"2018-05-08T09:04:37","guid":{"rendered":"http:\/\/www.eltrabajo.cl\/2017\/?p=86177"},"modified":"2018-05-08T05:04:37","modified_gmt":"2018-05-08T09:04:37","slug":"core-aprueba-700-millones-para-operar-a-personas-con-problemas-de-caderas","status":"publish","type":"post","link":"https:\/\/eltrabajo.cl\/portal\/core-aprueba-700-millones-para-operar-a-personas-con-problemas-de-caderas\/","title":{"rendered":"Core aprueba $700 millones para operar a personas con problemas de caderas"},"content":{"rendered":"<figure id=\"attachment_86178\" aria-describedby=\"caption-attachment-86178\" style=\"width: 580px\" class=\"wp-caption alignnone\"><img data-recalc-dims=\"1\" loading=\"lazy\" decoding=\"async\" class=\"size-full wp-image-86178\" src=\"https:\/\/i0.wp.com\/www.eltrabajo.cl\/portal\/wp-content\/uploads\/2018\/05\/Rolando-Stevenson.jpg?resize=580%2C403\" alt=\"Rolando Juan Stevenson Velasco, Consejero Regional del Valle de Aconcagua.\" width=\"580\" height=\"403\" srcset=\"https:\/\/i0.wp.com\/eltrabajo.cl\/portal\/wp-content\/uploads\/2018\/05\/Rolando-Stevenson.jpg?w=580&amp;ssl=1 580w, https:\/\/i0.wp.com\/eltrabajo.cl\/portal\/wp-content\/uploads\/2018\/05\/Rolando-Stevenson.jpg?resize=200%2C139&amp;ssl=1 200w, https:\/\/i0.wp.com\/eltrabajo.cl\/portal\/wp-content\/uploads\/2018\/05\/Rolando-Stevenson.jpg?resize=300%2C208&amp;ssl=1 300w, https:\/\/i0.wp.com\/eltrabajo.cl\/portal\/wp-content\/uploads\/2018\/05\/Rolando-Stevenson.jpg?resize=216%2C150&amp;ssl=1 216w, https:\/\/i0.wp.com\/eltrabajo.cl\/portal\/wp-content\/uploads\/2018\/05\/Rolando-Stevenson.jpg?resize=400%2C278&amp;ssl=1 400w\" sizes=\"auto, (max-width: 580px) 100vw, 580px\" \/><figcaption id=\"caption-attachment-86178\" class=\"wp-caption-text\">Rolando Juan Stevenson Velasco, Consejero Regional del Valle de Aconcagua.<\/figcaption><\/figure>\n<ul>\n<li><span style=\"color: #ff0000;\"><strong>Consejero Rolando Stevenson:\u00a0<\/strong><\/span><\/li>\n<\/ul>\n<p>El consejero regional Rolando Stevenson Velasco dijo que en la reuni\u00f3n plenaria del jueves pasado se tomaron varios acuerdos relacionados con San Felipe; lo primero es que se destinaron 111 millones de pesos definitivamente para terminar el Centro de Salud Familiar de Panquehue, que va a tener un servicio para m\u00e1s de siete mil personas que est\u00e1n afiliadas a ese centro de salud; este problema se produjo porque la empresa se declar\u00f3 en quiebra y con las boletas de garant\u00eda y con las multas se pag\u00f3 a los trabajadores, cosa que les interesaba sobre manera a los consejeros regionales del Valle de Aconcagua.<br \/>\nJunto con ello el consejero Stevenson indic\u00f3 que el Cesfam de Panquehue va a ser de mayor impacto en la zona \u201cpor su calidad, modernidad, el dise\u00f1o que tiene, realmente estoy satisfecho como consejero regional que hayamos financiado este proyecto que va a terminar costando arriba de dos mil setecientos millones de pesos\u201d, se\u00f1al\u00f3.<br \/>\nPor otra parte dio a conocer una muy buena noticia para las personas que son menores de 65 a\u00f1os y que tienen problemas de desplazamiento por sus caderas.<br \/>\nLo anterior porque el Consejo Regional aprob\u00f3 un aporte de 700 millones de pesos para que a trav\u00e9s de la fundaci\u00f3n Levantemos Chile, puedan ser operadas una importante cantidad de personas de la regi\u00f3n: \u201cPara el Servicio de Salud San Felipe-Los Andes hemos conseguido 54 cupos, lo que significa que estas personas no pagan un solo centavo por este beneficio que en el sector privado tiene un costo de cinco millones de pesos la operaci\u00f3n, y hasta treinta millones en las cl\u00ednicas privadas, que significa adem\u00e1s que se est\u00e1 cubriendo un sector que hab\u00eda quedado de lado y esto porque lo digo con nombre y apellido, con la anterior directora de Salud, la doctora Vilma Olave, ella envi\u00f3 una informaci\u00f3n al Consejo Regional diciendo que no hab\u00edan casos pendientes de este tipo, sin embargo los consejeros en general del Valle de Aconcagua rechazamos esa postura porque sabemos que hay gente que estaba esperando, y el resultado es que hay una n\u00f3mina de 54 personas que son las m\u00e1s urgentes que necesitan este tipo de operaci\u00f3n que va a aplicar desde el mes de junio hasta el mes de diciembre, esto es por una lista de los servicios de salud, no es un asunto que resuelvan los consejeros regionales, nosotros resolvemos el problema en general y en particular a trav\u00e9s de la n\u00f3mina, y fuera de eso de personas de 65 a\u00f1os hacia arriba hay una lista de espera que el servicio no ha sido capaz de absorber, que es seguramente m\u00e1s grande que las personas calificadas en esta instancia\u201d, finaliz\u00f3 Stevenson.<\/p>\n","protected":false},"excerpt":{"rendered":"<p>Consejero Rolando Stevenson:\u00a0 El consejero regional Rolando Stevenson Velasco dijo que en la reuni\u00f3n plenaria del jueves pasado se tomaron varios acuerdos relacionados con San Felipe; lo primero es que se destinaron&#8230;<\/p>\n","protected":false},"author":1,"featured_media":86178,"comment_status":"open","ping_status":"open","sticky":false,"template":"","format":"standard","meta":{"advanced_seo_description":"","jetpack_seo_html_title":"","jetpack_seo_noindex":false,"_jetpack_memberships_contains_paid_content":false,"footnotes":""},"categories":[1],"tags":[],"class_list":["post-86177","post","type-post","status-publish","format-standard","has-post-thumbnail","hentry","category-cronica"],"jetpack_featured_media_url":"https:\/\/i0.wp.com\/eltrabajo.cl\/portal\/wp-content\/uploads\/2018\/05\/Rolando-Stevenson.jpg?fit=580%2C403&ssl=1","jetpack_sharing_enabled":true,"jetpack_likes_enabled":true,"jetpack-related-posts":[],"_links":{"self":[{"href":"https:\/\/eltrabajo.cl\/portal\/wp-json\/wp\/v2\/posts\/86177","targetHints":{"allow":["GET"]}}],"collection":[{"href":"https:\/\/eltrabajo.cl\/portal\/wp-json\/wp\/v2\/posts"}],"about":[{"href":"https:\/\/eltrabajo.cl\/portal\/wp-json\/wp\/v2\/types\/post"}],"author":[{"embeddable":true,"href":"https:\/\/eltrabajo.cl\/portal\/wp-json\/wp\/v2\/users\/1"}],"replies":[{"embeddable":true,"href":"https:\/\/eltrabajo.cl\/portal\/wp-json\/wp\/v2\/comments?post=86177"}],"version-history":[{"count":0,"href":"https:\/\/eltrabajo.cl\/portal\/wp-json\/wp\/v2\/posts\/86177\/revisions"}],"wp:featuredmedia":[{"embeddable":true,"href":"https:\/\/eltrabajo.cl\/portal\/wp-json\/wp\/v2\/media\/86178"}],"wp:attachment":[{"href":"https:\/\/eltrabajo.cl\/portal\/wp-json\/wp\/v2\/media?parent=86177"}],"wp:term":[{"taxonomy":"category","embeddable":true,"href":"https:\/\/eltrabajo.cl\/portal\/wp-json\/wp\/v2\/categories?post=86177"},{"taxonomy":"post_tag","embeddable":true,"href":"https:\/\/eltrabajo.cl\/portal\/wp-json\/wp\/v2\/tags?post=86177"}],"curies":[{"name":"wp","href":"https:\/\/api.w.org\/{rel}","templated":true}]}}