{"id":86209,"date":"2018-05-09T05:02:33","date_gmt":"2018-05-09T09:02:33","guid":{"rendered":"http:\/\/www.eltrabajo.cl\/2017\/?p=86209"},"modified":"2018-05-09T05:02:33","modified_gmt":"2018-05-09T09:02:33","slug":"motorista-herido-al-impactar-muro-en-sector-manantiales-de-panquehue","status":"publish","type":"post","link":"https:\/\/eltrabajo.cl\/portal\/motorista-herido-al-impactar-muro-en-sector-manantiales-de-panquehue\/","title":{"rendered":"Motorista herido al impactar muro en sector Manantiales de Panquehue"},"content":{"rendered":"<figure id=\"attachment_86211\" aria-describedby=\"caption-attachment-86211\" style=\"width: 579px\" class=\"wp-caption alignnone\"><img data-recalc-dims=\"1\" loading=\"lazy\" decoding=\"async\" class=\"size-full wp-image-86211\" src=\"https:\/\/i0.wp.com\/www.eltrabajo.cl\/portal\/wp-content\/uploads\/2018\/05\/MOTORISTA-2.jpg?resize=579%2C326\" alt=\"El motorista impact\u00f3 contra este muro a gran velocidad, resultando con lesiones de consideraci\u00f3n.\" width=\"579\" height=\"326\" srcset=\"https:\/\/i0.wp.com\/eltrabajo.cl\/portal\/wp-content\/uploads\/2018\/05\/MOTORISTA-2.jpg?w=579&amp;ssl=1 579w, https:\/\/i0.wp.com\/eltrabajo.cl\/portal\/wp-content\/uploads\/2018\/05\/MOTORISTA-2.jpg?resize=200%2C113&amp;ssl=1 200w, https:\/\/i0.wp.com\/eltrabajo.cl\/portal\/wp-content\/uploads\/2018\/05\/MOTORISTA-2.jpg?resize=300%2C169&amp;ssl=1 300w, https:\/\/i0.wp.com\/eltrabajo.cl\/portal\/wp-content\/uploads\/2018\/05\/MOTORISTA-2.jpg?resize=266%2C150&amp;ssl=1 266w, https:\/\/i0.wp.com\/eltrabajo.cl\/portal\/wp-content\/uploads\/2018\/05\/MOTORISTA-2.jpg?resize=400%2C225&amp;ssl=1 400w\" sizes=\"auto, (max-width: 579px) 100vw, 579px\" \/><figcaption id=\"caption-attachment-86211\" class=\"wp-caption-text\">El motorista impact\u00f3 contra este muro a gran velocidad, resultando con lesiones de consideraci\u00f3n.<\/figcaption><\/figure>\n<ul>\n<li><strong><span style=\"color: #ff0000;\">A primeras horas de ayer martes en ex ruta 60 CH:<\/span>\u00a0Personal de Carabineros, Bomberos y el Samu asistieron al accidente, derivando al paciente hasta el servicio de urgencias del Hospital San Camilo de San Felipe, fuera de riesgo vital.<\/strong><\/li>\n<\/ul>\n<p>Con lesiones de consideraci\u00f3n result\u00f3 un motorista de 25 a\u00f1os de edad luego de impactar su m\u00f3vil contra un muro a un costado del kil\u00f3metro 15 de la ex ruta 60 CH en el sector Los Manantiales de Panquehue, tras efectuar una maniobra evasiva para esquivar a un automovilista que adelant\u00f3 a otro veh\u00edculo, ingresando a la pista del motorista, origin\u00e1ndose el accidente la ma\u00f1ana de este martes, alrededor de las 08:30 horas.<br \/>\nSeg\u00fan la informaci\u00f3n proporcionada a Diario El Trabajo por el Teniente C\u00e9sar Bustamante, por causas que se investigan \u00abel motorista, quien circulaba en direcci\u00f3n al poniente, debi\u00f3 efectuar una maniobra evasiva ya que un conductor que lo hac\u00eda por la pista contraria, realiz\u00f3 una maniobra de adelantamiento en forma imprudente, este motorista al efectuar esta maniobra pierde el control de su motocicleta y\u00e9ndose hacia una costado sali\u00e9ndose de la pista impactando contra una pandereta\u00bb.<br \/>\nAl lugar concurri\u00f3 personal de Bomberos y el Samu para asistir al paciente para ser estabilizado y derivado al servicio de urgencias del Hospital San Camilo de San Felipe.<br \/>\nSeg\u00fan inform\u00f3 Carabineros, el conductor se encuentra en dicho centro hospitalario fuera de riesgo vital.<br \/>\nAl respecto la polic\u00eda uniformada determin\u00f3 que no hubo m\u00e1s participantes en el hecho, entregando los antecedentes a la Fiscal\u00eda de San Felipe.<br \/>\n<strong>Pablo Salinas Sald\u00edas<\/strong><\/p>\n<figure id=\"attachment_86210\" aria-describedby=\"caption-attachment-86210\" style=\"width: 578px\" class=\"wp-caption alignnone\"><img data-recalc-dims=\"1\" loading=\"lazy\" decoding=\"async\" class=\"size-full wp-image-86210\" src=\"https:\/\/i0.wp.com\/www.eltrabajo.cl\/portal\/wp-content\/uploads\/2018\/05\/MOTORISTA-1.jpg?resize=578%2C309\" alt=\"El accidente se origin\u00f3 alrededor de las 08:30 horas de ayer martes en el sector Los Manantiales de Panquehue.\" width=\"578\" height=\"309\" srcset=\"https:\/\/i0.wp.com\/eltrabajo.cl\/portal\/wp-content\/uploads\/2018\/05\/MOTORISTA-1.jpg?w=578&amp;ssl=1 578w, https:\/\/i0.wp.com\/eltrabajo.cl\/portal\/wp-content\/uploads\/2018\/05\/MOTORISTA-1.jpg?resize=200%2C107&amp;ssl=1 200w, https:\/\/i0.wp.com\/eltrabajo.cl\/portal\/wp-content\/uploads\/2018\/05\/MOTORISTA-1.jpg?resize=300%2C160&amp;ssl=1 300w, https:\/\/i0.wp.com\/eltrabajo.cl\/portal\/wp-content\/uploads\/2018\/05\/MOTORISTA-1.jpg?resize=281%2C150&amp;ssl=1 281w, https:\/\/i0.wp.com\/eltrabajo.cl\/portal\/wp-content\/uploads\/2018\/05\/MOTORISTA-1.jpg?resize=400%2C214&amp;ssl=1 400w\" sizes=\"auto, (max-width: 578px) 100vw, 578px\" \/><figcaption id=\"caption-attachment-86210\" class=\"wp-caption-text\">El accidente se origin\u00f3 alrededor de las 08:30 horas de ayer martes en el sector Los Manantiales de Panquehue.<\/figcaption><\/figure>\n","protected":false},"excerpt":{"rendered":"<p>A primeras horas de ayer martes en ex ruta 60 CH:\u00a0Personal de Carabineros, Bomberos y el Samu asistieron al accidente, derivando al paciente hasta el servicio de urgencias del Hospital San Camilo&#8230;<\/p>\n","protected":false},"author":1,"featured_media":86210,"comment_status":"open","ping_status":"open","sticky":false,"template":"","format":"standard","meta":{"advanced_seo_description":"","jetpack_seo_html_title":"","jetpack_seo_noindex":false,"_jetpack_memberships_contains_paid_content":false,"footnotes":""},"categories":[21],"tags":[],"class_list":["post-86209","post","type-post","status-publish","format-standard","has-post-thumbnail","hentry","category-policial"],"jetpack_featured_media_url":"https:\/\/i0.wp.com\/eltrabajo.cl\/portal\/wp-content\/uploads\/2018\/05\/MOTORISTA-1.jpg?fit=578%2C309&ssl=1","jetpack_sharing_enabled":true,"jetpack_likes_enabled":true,"jetpack-related-posts":[],"_links":{"self":[{"href":"https:\/\/eltrabajo.cl\/portal\/wp-json\/wp\/v2\/posts\/86209","targetHints":{"allow":["GET"]}}],"collection":[{"href":"https:\/\/eltrabajo.cl\/portal\/wp-json\/wp\/v2\/posts"}],"about":[{"href":"https:\/\/eltrabajo.cl\/portal\/wp-json\/wp\/v2\/types\/post"}],"author":[{"embeddable":true,"href":"https:\/\/eltrabajo.cl\/portal\/wp-json\/wp\/v2\/users\/1"}],"replies":[{"embeddable":true,"href":"https:\/\/eltrabajo.cl\/portal\/wp-json\/wp\/v2\/comments?post=86209"}],"version-history":[{"count":0,"href":"https:\/\/eltrabajo.cl\/portal\/wp-json\/wp\/v2\/posts\/86209\/revisions"}],"wp:featuredmedia":[{"embeddable":true,"href":"https:\/\/eltrabajo.cl\/portal\/wp-json\/wp\/v2\/media\/86210"}],"wp:attachment":[{"href":"https:\/\/eltrabajo.cl\/portal\/wp-json\/wp\/v2\/media?parent=86209"}],"wp:term":[{"taxonomy":"category","embeddable":true,"href":"https:\/\/eltrabajo.cl\/portal\/wp-json\/wp\/v2\/categories?post=86209"},{"taxonomy":"post_tag","embeddable":true,"href":"https:\/\/eltrabajo.cl\/portal\/wp-json\/wp\/v2\/tags?post=86209"}],"curies":[{"name":"wp","href":"https:\/\/api.w.org\/{rel}","templated":true}]}}