{"id":86224,"date":"2018-05-10T05:01:21","date_gmt":"2018-05-10T09:01:21","guid":{"rendered":"http:\/\/www.eltrabajo.cl\/2017\/?p=86224"},"modified":"2018-05-10T05:01:21","modified_gmt":"2018-05-10T09:01:21","slug":"diputados-del-distrito-6-crean-la-bancada-por-la-region-de-aconcagua","status":"publish","type":"post","link":"https:\/\/eltrabajo.cl\/portal\/diputados-del-distrito-6-crean-la-bancada-por-la-region-de-aconcagua\/","title":{"rendered":"Diputados del Distrito 6 crean la Bancada por la Regi\u00f3n de Aconcagua"},"content":{"rendered":"<figure id=\"attachment_86225\" aria-describedby=\"caption-attachment-86225\" style=\"width: 579px\" class=\"wp-caption alignnone\"><img data-recalc-dims=\"1\" loading=\"lazy\" decoding=\"async\" class=\"size-full wp-image-86225\" src=\"https:\/\/i0.wp.com\/www.eltrabajo.cl\/portal\/wp-content\/uploads\/2018\/05\/bancada-de-diputados.jpg?resize=579%2C285\" alt=\"Este martes se conform\u00f3 la bancada de diputados. De izquierda a derecha: Diputada Camila Flores, Yuri Quiroz del Movimiento Yo Amo Regi\u00f3n de Aconcagua, Diputado Diego Ib\u00e1\u00f1ez, Diputado Daniel Vardesi, Diputada Carolina Marz\u00e1n, Diputado Andr\u00e9s Longton, Diputado Luis Pardo y Diputado Marcelo Schilling.\" width=\"579\" height=\"285\" srcset=\"https:\/\/i0.wp.com\/eltrabajo.cl\/portal\/wp-content\/uploads\/2018\/05\/bancada-de-diputados.jpg?w=579&amp;ssl=1 579w, https:\/\/i0.wp.com\/eltrabajo.cl\/portal\/wp-content\/uploads\/2018\/05\/bancada-de-diputados.jpg?resize=200%2C98&amp;ssl=1 200w, https:\/\/i0.wp.com\/eltrabajo.cl\/portal\/wp-content\/uploads\/2018\/05\/bancada-de-diputados.jpg?resize=300%2C148&amp;ssl=1 300w, https:\/\/i0.wp.com\/eltrabajo.cl\/portal\/wp-content\/uploads\/2018\/05\/bancada-de-diputados.jpg?resize=400%2C197&amp;ssl=1 400w\" sizes=\"auto, (max-width: 579px) 100vw, 579px\" \/><figcaption id=\"caption-attachment-86225\" class=\"wp-caption-text\">Este martes se conform\u00f3 la bancada de diputados. De izquierda a derecha: Diputada Camila Flores, Yuri Quiroz del Movimiento Yo Amo Regi\u00f3n de Aconcagua, Diputado Diego Ib\u00e1\u00f1ez, Diputado Daniel Vardesi, Diputada Carolina Marz\u00e1n, Diputado Andr\u00e9s Longton, Diputado Luis Pardo y Diputado Marcelo Schilling.<\/figcaption><\/figure>\n<ul>\n<li><span style=\"color: #ff0000;\"><strong>Finalmente este martes 8 de mayo en dependencias del Congreso se concret\u00f3 la creaci\u00f3n de la bancada de Diputados por la Regi\u00f3n de Aconcagua.<\/strong> <\/span><\/li>\n<\/ul>\n<p>Luego que se realizara el Primer Encuentro Ciudadano por la Regi\u00f3n de Aconcagua, el pasado 28 de abril de 2018, en dependencias de la Universidad de Aconcagua, y tal como lo hab\u00eda prometido el Diputado Diego Ib\u00e1\u00f1ez, el d\u00eda martes 8 de mayo finalmente se concret\u00f3 la creaci\u00f3n de la Bancada de Diputados por la Regi\u00f3n de Aconcagua, con la asistencia de miembros del movimiento social \u2018Yo Amo Regi\u00f3n de Aconcagua\u2019, y los Diputados Diego Iba\u00f1ez, Andr\u00e9s Longton, Marcelo Schilling, Carolina Marz\u00e1n, Luis Pardo, Camila Flores y Daniel Vardesi.<br \/>\nLa bancada tendr\u00e1 por objeto apoyar, gestionar y colaborarar permanentemente, en todas las instancias necesarias que tengan por finalidad crear la Regi\u00f3n de Aconcagua, como tambi\u00e9n generar instancias de discusi\u00f3n y sociabilizaci\u00f3n de materias relacionadas con la descentralizaci\u00f3n.<br \/>\nPor su parte, el articulador del Movimiento Ciudadano \u2018Yo Amo Regi\u00f3n de Aconcagua\u2019, Yuri Quiroz, sostuvo que \u201choy hemos sido parte de un hecho hist\u00f3rico, para el anhelo de la Regi\u00f3n de Aconcagua, por cuanto los diputados han hecho suya esta demanda de los habitantes y autoridades de las comunas interiores que formar\u00e1n y ser\u00e1n parte de la futura Regi\u00f3n de Aconcagua\u201d.<br \/>\nEn tanto el Secretario de la Corporacion Aconcagua Regi\u00f3n y Director de la Carrera de Derecho de la Universidad de Aconcagua, Claudio Gomez Castro, sostuvo que \u201cestamos muy contentos con este peque\u00f1o paso en este gran camino para la recuperaci\u00f3n de la Regi\u00f3n de Aconcagua, por cuanto ya podemos apreciar el respaldo de la totalidad de los diputados del distrito 6, sumado al apoyo de gran parte de los senadores, lo que viene a ser un gran avance, por cuanto ser\u00e1n ellos los mandatados por Ley para aprobar la recuperaci\u00f3n de la Regi\u00f3n de Aconcagua en caso que el ejecutivo env\u00ede el proyecto de Ley\u201d.<br \/>\nCon respecto a los pasos a seguir, G\u00f3mez sostuvo: \u201cEstamos muy optimistas con respecto al futuro, pero a la vez somos realistas, y creemos que la regi\u00f3n requiere un trabajo de mediano plazo, de a lo menos 6 a\u00f1os, por lo que cada avance forma un cimiento para el paso posterior, y dentro de este contexto, la semana pasada Yuri Quiroz ingres\u00f3 a trav\u00e9s de la oficina de partes del Palacio Presidencial, un oficio dirigido al Subdere Felipe Salaberry, con la finalidad que conceda audiencia, a fin de que manifieste la disposici\u00f3n del Gobierno frente al tema, y gestionar el estudio de costos que debe realizar el Ministerio de Hacienda, seg\u00fan el protocolo que se ha utilizado para la creaci\u00f3n de las \u00faltimas 3 regiones\u201d.<\/p>\n","protected":false},"excerpt":{"rendered":"<p>Finalmente este martes 8 de mayo en dependencias del Congreso se concret\u00f3 la creaci\u00f3n de la bancada de Diputados por la Regi\u00f3n de Aconcagua. Luego que se realizara el Primer Encuentro Ciudadano&#8230;<\/p>\n","protected":false},"author":1,"featured_media":86225,"comment_status":"open","ping_status":"open","sticky":false,"template":"","format":"standard","meta":{"advanced_seo_description":"","jetpack_seo_html_title":"","jetpack_seo_noindex":false,"_jetpack_memberships_contains_paid_content":false,"footnotes":""},"categories":[16],"tags":[],"class_list":["post-86224","post","type-post","status-publish","format-standard","has-post-thumbnail","hentry","category-politica"],"jetpack_featured_media_url":"https:\/\/i0.wp.com\/eltrabajo.cl\/portal\/wp-content\/uploads\/2018\/05\/bancada-de-diputados.jpg?fit=579%2C285&ssl=1","jetpack_sharing_enabled":true,"jetpack_likes_enabled":true,"jetpack-related-posts":[],"_links":{"self":[{"href":"https:\/\/eltrabajo.cl\/portal\/wp-json\/wp\/v2\/posts\/86224","targetHints":{"allow":["GET"]}}],"collection":[{"href":"https:\/\/eltrabajo.cl\/portal\/wp-json\/wp\/v2\/posts"}],"about":[{"href":"https:\/\/eltrabajo.cl\/portal\/wp-json\/wp\/v2\/types\/post"}],"author":[{"embeddable":true,"href":"https:\/\/eltrabajo.cl\/portal\/wp-json\/wp\/v2\/users\/1"}],"replies":[{"embeddable":true,"href":"https:\/\/eltrabajo.cl\/portal\/wp-json\/wp\/v2\/comments?post=86224"}],"version-history":[{"count":0,"href":"https:\/\/eltrabajo.cl\/portal\/wp-json\/wp\/v2\/posts\/86224\/revisions"}],"wp:featuredmedia":[{"embeddable":true,"href":"https:\/\/eltrabajo.cl\/portal\/wp-json\/wp\/v2\/media\/86225"}],"wp:attachment":[{"href":"https:\/\/eltrabajo.cl\/portal\/wp-json\/wp\/v2\/media?parent=86224"}],"wp:term":[{"taxonomy":"category","embeddable":true,"href":"https:\/\/eltrabajo.cl\/portal\/wp-json\/wp\/v2\/categories?post=86224"},{"taxonomy":"post_tag","embeddable":true,"href":"https:\/\/eltrabajo.cl\/portal\/wp-json\/wp\/v2\/tags?post=86224"}],"curies":[{"name":"wp","href":"https:\/\/api.w.org\/{rel}","templated":true}]}}