{"id":86227,"date":"2018-05-10T05:02:00","date_gmt":"2018-05-10T09:02:00","guid":{"rendered":"http:\/\/www.eltrabajo.cl\/2017\/?p=86227"},"modified":"2018-05-10T05:02:00","modified_gmt":"2018-05-10T09:02:00","slug":"san-felipe-subio-casi-20-puestos-en-ranking-de-calidad-de-vida-urbana","status":"publish","type":"post","link":"https:\/\/eltrabajo.cl\/portal\/san-felipe-subio-casi-20-puestos-en-ranking-de-calidad-de-vida-urbana\/","title":{"rendered":"San Felipe subi\u00f3 casi 20 puestos en ranking de calidad de vida urbana"},"content":{"rendered":"<figure id=\"attachment_86229\" aria-describedby=\"caption-attachment-86229\" style=\"width: 579px\" class=\"wp-caption alignnone\"><img data-recalc-dims=\"1\" loading=\"lazy\" decoding=\"async\" class=\"size-full wp-image-86229\" src=\"https:\/\/i0.wp.com\/www.eltrabajo.cl\/portal\/wp-content\/uploads\/2018\/05\/San-Felipe-2-sube-casi-20-puestos-en-ranking-de-calidad-de-vida.jpg?resize=579%2C386\" alt=\"Diversos proyectos como las ciclov\u00edas han mejorado la calidad de vida en San Felipe.\" width=\"579\" height=\"386\" srcset=\"https:\/\/i0.wp.com\/eltrabajo.cl\/portal\/wp-content\/uploads\/2018\/05\/San-Felipe-2-sube-casi-20-puestos-en-ranking-de-calidad-de-vida.jpg?w=579&amp;ssl=1 579w, https:\/\/i0.wp.com\/eltrabajo.cl\/portal\/wp-content\/uploads\/2018\/05\/San-Felipe-2-sube-casi-20-puestos-en-ranking-de-calidad-de-vida.jpg?resize=200%2C133&amp;ssl=1 200w, https:\/\/i0.wp.com\/eltrabajo.cl\/portal\/wp-content\/uploads\/2018\/05\/San-Felipe-2-sube-casi-20-puestos-en-ranking-de-calidad-de-vida.jpg?resize=300%2C200&amp;ssl=1 300w, https:\/\/i0.wp.com\/eltrabajo.cl\/portal\/wp-content\/uploads\/2018\/05\/San-Felipe-2-sube-casi-20-puestos-en-ranking-de-calidad-de-vida.jpg?resize=225%2C150&amp;ssl=1 225w, https:\/\/i0.wp.com\/eltrabajo.cl\/portal\/wp-content\/uploads\/2018\/05\/San-Felipe-2-sube-casi-20-puestos-en-ranking-de-calidad-de-vida.jpg?resize=400%2C267&amp;ssl=1 400w\" sizes=\"auto, (max-width: 579px) 100vw, 579px\" \/><figcaption id=\"caption-attachment-86229\" class=\"wp-caption-text\">Diversos proyectos como las ciclov\u00edas han mejorado la calidad de vida en San Felipe.<\/figcaption><\/figure>\n<ul>\n<li><span style=\"color: #ff0000;\"><strong>Estudio, realizado por la C\u00e1mara Chilena de la Construcci\u00f3n y la Universidad Cat\u00f3lica, fue valorado por el alcalde Patricio Freire que destac\u00f3 los diversos proyectos que se est\u00e1n realizando con el objetivo de mejorar la calidad de vida los vecinos de la comuna.<\/strong><\/span><\/li>\n<\/ul>\n<p>Contento y orgulloso del trabajo que se ha realizado en los \u00faltimos a\u00f1os, se mostr\u00f3 el alcalde Patricio Freire tras conocer los resultados del estudio nacional \u2018Indicador de Calidad de Vida Urbana\u2019 (ICVU), el cual se realiza todos los a\u00f1os y en el que se miden las condicionesde vida de la poblaci\u00f3n en \u00e1mbitos tales como vivienda y entorno; salud y medio ambiente; conectividad y movilidad, entre otros; y en el que, este 2018, la comuna de San Felipe se ubica en el puesto 46, subiendo casi 20 lugares en comparaci\u00f3n a los resultados obtenidos el a\u00f1o pasado.<br \/>\n\u00abCreo que vamos por el camino correcto, el camino de seguir cambiando la calidad de vida de nuestros vecinos a trav\u00e9s de la mayor conectividad vial y desarrollando diversos proyectos de ciudad en lo que se refiere a vivienda -con las construcci\u00f3n de villas y departamentos- as\u00ed que la proyecci\u00f3n que tiene San Felipe es bastante ambiciosa, de querer quedar en los mejores lugares del ranking los pr\u00f3ximos a\u00f1os\u00bb, se\u00f1al\u00f3 el jefe comunal, quien adem\u00e1s destac\u00f3 el rol fundamental que han desempe\u00f1ado los vecinos y vecinas de la comuna, quienes han participado de forma activa, involucr\u00e1ndose en el desarrollo de su comuna.<br \/>\nAdem\u00e1s, el Alcalde destac\u00f3 los proyectos que se est\u00e1n desarrollando en materia medio ambiental, como es el caso de la eliminaci\u00f3n paulatina del uso de la bolsa de pl\u00e1stico, tanto en grandes empresas como en negocios locales que se han adherido a la campa\u00f1a municipal \u2018No m\u00e1s bolsas\u2019.<br \/>\n\u00abHemos instalando puntos limpios, puntos verdes, estamos sacando todos los cables que est\u00e1n en desuso en el centro de San Felipe y desarrollando diversos proyectos como, por ejemplo, la eliminaci\u00f3n de las bolsas pl\u00e1sticas en los retails. As\u00ed que estamos contentos con lo que estamos realizando para ayudar al medio ambiente\u00bb, finaliz\u00f3 el Alcalde, quien indic\u00f3 que los resultados del estudio lo motivan a seguir trabajando y avanzando en la construcci\u00f3n de una comuna de futuro.<\/p>\n<figure id=\"attachment_86228\" aria-describedby=\"caption-attachment-86228\" style=\"width: 579px\" class=\"wp-caption alignnone\"><img data-recalc-dims=\"1\" loading=\"lazy\" decoding=\"async\" class=\"size-full wp-image-86228\" src=\"https:\/\/i0.wp.com\/www.eltrabajo.cl\/portal\/wp-content\/uploads\/2018\/05\/San-Felipe-1-sube-casi-20-puestos-en-ranking-de-calidad-de-vida.jpg?resize=579%2C443\" alt=\"El alcalde Patricio Freire se mostr\u00f3 m\u00e1s que satisfecho con los resultados del estudio ICVU.\" width=\"579\" height=\"443\" srcset=\"https:\/\/i0.wp.com\/eltrabajo.cl\/portal\/wp-content\/uploads\/2018\/05\/San-Felipe-1-sube-casi-20-puestos-en-ranking-de-calidad-de-vida.jpg?w=579&amp;ssl=1 579w, https:\/\/i0.wp.com\/eltrabajo.cl\/portal\/wp-content\/uploads\/2018\/05\/San-Felipe-1-sube-casi-20-puestos-en-ranking-de-calidad-de-vida.jpg?resize=196%2C150&amp;ssl=1 196w, https:\/\/i0.wp.com\/eltrabajo.cl\/portal\/wp-content\/uploads\/2018\/05\/San-Felipe-1-sube-casi-20-puestos-en-ranking-de-calidad-de-vida.jpg?resize=300%2C230&amp;ssl=1 300w, https:\/\/i0.wp.com\/eltrabajo.cl\/portal\/wp-content\/uploads\/2018\/05\/San-Felipe-1-sube-casi-20-puestos-en-ranking-de-calidad-de-vida.jpg?resize=400%2C306&amp;ssl=1 400w\" sizes=\"auto, (max-width: 579px) 100vw, 579px\" \/><figcaption id=\"caption-attachment-86228\" class=\"wp-caption-text\">El alcalde Patricio Freire se mostr\u00f3 m\u00e1s que satisfecho con los resultados del estudio ICVU.<\/figcaption><\/figure>\n","protected":false},"excerpt":{"rendered":"<p>Estudio, realizado por la C\u00e1mara Chilena de la Construcci\u00f3n y la Universidad Cat\u00f3lica, fue valorado por el alcalde Patricio Freire que destac\u00f3 los diversos proyectos que se est\u00e1n realizando con el objetivo&#8230;<\/p>\n","protected":false},"author":1,"featured_media":86229,"comment_status":"open","ping_status":"open","sticky":false,"template":"","format":"standard","meta":{"advanced_seo_description":"","jetpack_seo_html_title":"","jetpack_seo_noindex":false,"_jetpack_memberships_contains_paid_content":false,"footnotes":""},"categories":[1],"tags":[],"class_list":["post-86227","post","type-post","status-publish","format-standard","has-post-thumbnail","hentry","category-cronica"],"jetpack_featured_media_url":"https:\/\/i0.wp.com\/eltrabajo.cl\/portal\/wp-content\/uploads\/2018\/05\/San-Felipe-2-sube-casi-20-puestos-en-ranking-de-calidad-de-vida.jpg?fit=579%2C386&ssl=1","jetpack_sharing_enabled":true,"jetpack_likes_enabled":true,"jetpack-related-posts":[],"_links":{"self":[{"href":"https:\/\/eltrabajo.cl\/portal\/wp-json\/wp\/v2\/posts\/86227","targetHints":{"allow":["GET"]}}],"collection":[{"href":"https:\/\/eltrabajo.cl\/portal\/wp-json\/wp\/v2\/posts"}],"about":[{"href":"https:\/\/eltrabajo.cl\/portal\/wp-json\/wp\/v2\/types\/post"}],"author":[{"embeddable":true,"href":"https:\/\/eltrabajo.cl\/portal\/wp-json\/wp\/v2\/users\/1"}],"replies":[{"embeddable":true,"href":"https:\/\/eltrabajo.cl\/portal\/wp-json\/wp\/v2\/comments?post=86227"}],"version-history":[{"count":0,"href":"https:\/\/eltrabajo.cl\/portal\/wp-json\/wp\/v2\/posts\/86227\/revisions"}],"wp:featuredmedia":[{"embeddable":true,"href":"https:\/\/eltrabajo.cl\/portal\/wp-json\/wp\/v2\/media\/86229"}],"wp:attachment":[{"href":"https:\/\/eltrabajo.cl\/portal\/wp-json\/wp\/v2\/media?parent=86227"}],"wp:term":[{"taxonomy":"category","embeddable":true,"href":"https:\/\/eltrabajo.cl\/portal\/wp-json\/wp\/v2\/categories?post=86227"},{"taxonomy":"post_tag","embeddable":true,"href":"https:\/\/eltrabajo.cl\/portal\/wp-json\/wp\/v2\/tags?post=86227"}],"curies":[{"name":"wp","href":"https:\/\/api.w.org\/{rel}","templated":true}]}}