{"id":86235,"date":"2018-05-10T05:05:18","date_gmt":"2018-05-10T09:05:18","guid":{"rendered":"http:\/\/www.eltrabajo.cl\/2017\/?p=86235"},"modified":"2018-05-10T05:05:18","modified_gmt":"2018-05-10T09:05:18","slug":"mas-de-80-avanza-obra-que-unira-calle-san-martin-y-av-hermanos-carrera","status":"publish","type":"post","link":"https:\/\/eltrabajo.cl\/portal\/mas-de-80-avanza-obra-que-unira-calle-san-martin-y-av-hermanos-carrera\/","title":{"rendered":"M\u00e1s de 80% avanza obra que unir\u00e1 calle San Mart\u00edn y Av. Hermanos Carrera"},"content":{"rendered":"<figure id=\"attachment_86237\" aria-describedby=\"caption-attachment-86237\" style=\"width: 579px\" class=\"wp-caption alignnone\"><img data-recalc-dims=\"1\" loading=\"lazy\" decoding=\"async\" class=\"size-full wp-image-86237\" src=\"https:\/\/i0.wp.com\/www.eltrabajo.cl\/portal\/wp-content\/uploads\/2018\/05\/ampliacion-san-martin-2.jpg?resize=579%2C386\" alt=\"La ma\u00f1ana de este mi\u00e9rcoles el alcalde Patricio Freire junto al equipo t\u00e9cnico de la Municipalidad de San Felipe realizaron un recorrido para conocer detalles de los trabajos. \" width=\"579\" height=\"386\" srcset=\"https:\/\/i0.wp.com\/eltrabajo.cl\/portal\/wp-content\/uploads\/2018\/05\/ampliacion-san-martin-2.jpg?w=579&amp;ssl=1 579w, https:\/\/i0.wp.com\/eltrabajo.cl\/portal\/wp-content\/uploads\/2018\/05\/ampliacion-san-martin-2.jpg?resize=200%2C133&amp;ssl=1 200w, https:\/\/i0.wp.com\/eltrabajo.cl\/portal\/wp-content\/uploads\/2018\/05\/ampliacion-san-martin-2.jpg?resize=300%2C200&amp;ssl=1 300w, https:\/\/i0.wp.com\/eltrabajo.cl\/portal\/wp-content\/uploads\/2018\/05\/ampliacion-san-martin-2.jpg?resize=225%2C150&amp;ssl=1 225w, https:\/\/i0.wp.com\/eltrabajo.cl\/portal\/wp-content\/uploads\/2018\/05\/ampliacion-san-martin-2.jpg?resize=400%2C267&amp;ssl=1 400w\" sizes=\"auto, (max-width: 579px) 100vw, 579px\" \/><figcaption id=\"caption-attachment-86237\" class=\"wp-caption-text\">La ma\u00f1ana de este mi\u00e9rcoles el alcalde Patricio Freire junto al equipo t\u00e9cnico de la Municipalidad de San Felipe realizaron un recorrido para conocer detalles de los trabajos.<\/figcaption><\/figure>\n<ul>\n<li><span style=\"color: #ff0000;\"><strong>Autoridades realizaron visita inspectiva a construcci\u00f3n que se transformar\u00e1 en una nueva alternativa para el tr\u00e1nsito por el sector sur-oriente de la comuna.<\/strong><\/span><\/li>\n<\/ul>\n<p>Sobre el 80% de avance presentan las obras del proyecto vial que unir\u00e1 calle San Mart\u00edn y Avenida Hermanos Carrera Oriente, circuito que se transformar\u00e1 en una nueva alternativa para la circulaci\u00f3n de tr\u00e1nsito en el sector sur-oriente de la comuna, y que durante la ma\u00f1ana de este mi\u00e9rcoles cont\u00f3 con la presencia del alcalde Patricio Freire, quien junto al equipo t\u00e9cnico de la Municipalidad de San Felipe realizaron un recorrido para conocer detalles de los trabajos.<br \/>\nEstas obras, que precisamente forman parte del compromiso de gesti\u00f3n del jefe comunal, contar\u00e1n con la instalaci\u00f3n de luminarias LED y veredas en toda su extensi\u00f3n, con un costo de inversi\u00f3n que supera los $1.300 millones (m\u00e1s de $758 millones en concepto de obras y $500 millones en expropiaci\u00f3n) y estiman que estar\u00e1n terminadas finalizando el mes de junio.<br \/>\nPor ello, el Director de Obras Municipales, Claudio D\u00edaz, explic\u00f3 que \u00abesta es una obra de alto est\u00e1ndar. Era una aspiraci\u00f3n del municipio desde hace mucho tiempo. Este proyecto ya est\u00e1 en su fase final. San Mart\u00edn viene con una calzada de 10 metros de ancho y con veredas de 2 metros y el bandej\u00f3n de Hermanos Carrera se ajusta con el proyecto de Circunvalaci\u00f3n, iniciativa mayor que est\u00e1 elaborando el municipio\u00bb, se\u00f1al\u00f3 el profesional.<br \/>\nPor su parte, el alcalde Patricio Freire enfatiz\u00f3 que estos trabajos contin\u00faan con la senda de progreso que ha adquirido la comuna en cuanto a obras de conectividad, que permiten disminuir los tiempos de tr\u00e1nsito y mejorar la calidad de vida de los vecinos.<br \/>\n\u00abHicimos una visita con los equipos t\u00e9cnicos de la Municipalidad porque sabemos que esta es una conectividad vial muy importante. Est\u00e1 ad portas de ser entregada a la comunidad sanfelipe\u00f1a y eso nos pone muy contentos. Esta conectividad permitir\u00e1 tambi\u00e9n unir a Tocornal con Michimalongo y es una obra que supera los $1.300 millones, porque tambi\u00e9n hubo que realizar una inversi\u00f3n en la expropiaci\u00f3n. Por lo tanto, sabemos lo que significar\u00e1 para la comunidad\u00bb, finaliz\u00f3 el jefe comunal.<\/p>\n<figure id=\"attachment_86236\" aria-describedby=\"caption-attachment-86236\" style=\"width: 579px\" class=\"wp-caption alignnone\"><img data-recalc-dims=\"1\" loading=\"lazy\" decoding=\"async\" class=\"size-full wp-image-86236\" src=\"https:\/\/i0.wp.com\/www.eltrabajo.cl\/portal\/wp-content\/uploads\/2018\/05\/ampliacion-san-martin-1.jpg?resize=579%2C386\" alt=\"Los trabajos ya superan el 80% de avance por lo que muy pronto la conectividad San Mart\u00edn y Avenida Hermanos Carrera Oriente ser\u00e1 realidad.\" width=\"579\" height=\"386\" srcset=\"https:\/\/i0.wp.com\/eltrabajo.cl\/portal\/wp-content\/uploads\/2018\/05\/ampliacion-san-martin-1.jpg?w=579&amp;ssl=1 579w, https:\/\/i0.wp.com\/eltrabajo.cl\/portal\/wp-content\/uploads\/2018\/05\/ampliacion-san-martin-1.jpg?resize=200%2C133&amp;ssl=1 200w, https:\/\/i0.wp.com\/eltrabajo.cl\/portal\/wp-content\/uploads\/2018\/05\/ampliacion-san-martin-1.jpg?resize=300%2C200&amp;ssl=1 300w, https:\/\/i0.wp.com\/eltrabajo.cl\/portal\/wp-content\/uploads\/2018\/05\/ampliacion-san-martin-1.jpg?resize=225%2C150&amp;ssl=1 225w, https:\/\/i0.wp.com\/eltrabajo.cl\/portal\/wp-content\/uploads\/2018\/05\/ampliacion-san-martin-1.jpg?resize=400%2C267&amp;ssl=1 400w\" sizes=\"auto, (max-width: 579px) 100vw, 579px\" \/><figcaption id=\"caption-attachment-86236\" class=\"wp-caption-text\">Los trabajos ya superan el 80% de avance por lo que muy pronto la conectividad San Mart\u00edn y Avenida Hermanos Carrera Oriente ser\u00e1 realidad.<\/figcaption><\/figure>\n","protected":false},"excerpt":{"rendered":"<p>Autoridades realizaron visita inspectiva a construcci\u00f3n que se transformar\u00e1 en una nueva alternativa para el tr\u00e1nsito por el sector sur-oriente de la comuna. Sobre el 80% de avance presentan las obras del&#8230;<\/p>\n","protected":false},"author":1,"featured_media":86236,"comment_status":"open","ping_status":"open","sticky":false,"template":"","format":"standard","meta":{"advanced_seo_description":"","jetpack_seo_html_title":"","jetpack_seo_noindex":false,"_jetpack_memberships_contains_paid_content":false,"footnotes":""},"categories":[1],"tags":[],"class_list":["post-86235","post","type-post","status-publish","format-standard","has-post-thumbnail","hentry","category-cronica"],"jetpack_featured_media_url":"https:\/\/i0.wp.com\/eltrabajo.cl\/portal\/wp-content\/uploads\/2018\/05\/ampliacion-san-martin-1.jpg?fit=579%2C386&ssl=1","jetpack_sharing_enabled":true,"jetpack_likes_enabled":true,"jetpack-related-posts":[],"_links":{"self":[{"href":"https:\/\/eltrabajo.cl\/portal\/wp-json\/wp\/v2\/posts\/86235","targetHints":{"allow":["GET"]}}],"collection":[{"href":"https:\/\/eltrabajo.cl\/portal\/wp-json\/wp\/v2\/posts"}],"about":[{"href":"https:\/\/eltrabajo.cl\/portal\/wp-json\/wp\/v2\/types\/post"}],"author":[{"embeddable":true,"href":"https:\/\/eltrabajo.cl\/portal\/wp-json\/wp\/v2\/users\/1"}],"replies":[{"embeddable":true,"href":"https:\/\/eltrabajo.cl\/portal\/wp-json\/wp\/v2\/comments?post=86235"}],"version-history":[{"count":0,"href":"https:\/\/eltrabajo.cl\/portal\/wp-json\/wp\/v2\/posts\/86235\/revisions"}],"wp:featuredmedia":[{"embeddable":true,"href":"https:\/\/eltrabajo.cl\/portal\/wp-json\/wp\/v2\/media\/86236"}],"wp:attachment":[{"href":"https:\/\/eltrabajo.cl\/portal\/wp-json\/wp\/v2\/media?parent=86235"}],"wp:term":[{"taxonomy":"category","embeddable":true,"href":"https:\/\/eltrabajo.cl\/portal\/wp-json\/wp\/v2\/categories?post=86235"},{"taxonomy":"post_tag","embeddable":true,"href":"https:\/\/eltrabajo.cl\/portal\/wp-json\/wp\/v2\/tags?post=86235"}],"curies":[{"name":"wp","href":"https:\/\/api.w.org\/{rel}","templated":true}]}}