{"id":86245,"date":"2018-05-10T05:07:15","date_gmt":"2018-05-10T09:07:15","guid":{"rendered":"http:\/\/www.eltrabajo.cl\/2017\/?p=86245"},"modified":"2018-05-10T05:07:15","modified_gmt":"2018-05-10T09:07:15","slug":"el-conejo-arriesga-hasta-10-anos-de-carcel-por-robar-en-vivienda-de-llay-llay","status":"publish","type":"post","link":"https:\/\/eltrabajo.cl\/portal\/el-conejo-arriesga-hasta-10-anos-de-carcel-por-robar-en-vivienda-de-llay-llay\/","title":{"rendered":"\u2018El Conejo\u2019 arriesga hasta 10 a\u00f1os de c\u00e1rcel por robar en vivienda de Llay Llay"},"content":{"rendered":"<figure id=\"attachment_86246\" aria-describedby=\"caption-attachment-86246\" style=\"width: 579px\" class=\"wp-caption alignnone\"><img data-recalc-dims=\"1\" loading=\"lazy\" decoding=\"async\" class=\"size-full wp-image-86246\" src=\"https:\/\/i0.wp.com\/www.eltrabajo.cl\/portal\/wp-content\/uploads\/2018\/05\/juan-manuel-rojas-contreras.jpg?resize=579%2C403\" alt=\"Juan Manuel Rojas Contreras, alias \u2018El Conejo\u2019, podr\u00eda pasar una d\u00e9cada en la c\u00e1rcel por el delito de robo en lugar habitado cometido en la comuna de Llay Llay.\" width=\"579\" height=\"403\" srcset=\"https:\/\/i0.wp.com\/eltrabajo.cl\/portal\/wp-content\/uploads\/2018\/05\/juan-manuel-rojas-contreras.jpg?w=579&amp;ssl=1 579w, https:\/\/i0.wp.com\/eltrabajo.cl\/portal\/wp-content\/uploads\/2018\/05\/juan-manuel-rojas-contreras.jpg?resize=200%2C139&amp;ssl=1 200w, https:\/\/i0.wp.com\/eltrabajo.cl\/portal\/wp-content\/uploads\/2018\/05\/juan-manuel-rojas-contreras.jpg?resize=300%2C209&amp;ssl=1 300w, https:\/\/i0.wp.com\/eltrabajo.cl\/portal\/wp-content\/uploads\/2018\/05\/juan-manuel-rojas-contreras.jpg?resize=216%2C150&amp;ssl=1 216w, https:\/\/i0.wp.com\/eltrabajo.cl\/portal\/wp-content\/uploads\/2018\/05\/juan-manuel-rojas-contreras.jpg?resize=400%2C278&amp;ssl=1 400w\" sizes=\"auto, (max-width: 579px) 100vw, 579px\" \/><figcaption id=\"caption-attachment-86246\" class=\"wp-caption-text\">Juan Manuel Rojas Contreras, alias \u2018El Conejo\u2019, podr\u00eda pasar una d\u00e9cada en la c\u00e1rcel por el delito de robo en lugar habitado cometido en la comuna de Llay Llay.<\/figcaption><\/figure>\n<ul>\n<li><strong><span style=\"color: #ff0000;\">Sentencia ser\u00e1 conocida ma\u00f1ana viernes:<\/span>\u00a0V\u00edctimas se encontraban dentro de la propiedad cuando advirtieron la presencia del delincuente en el interior del inmueble, quien huy\u00f3 con especies de valor. El sujeto fue declarado culpable por el Tribunal por el delito de robo en lugar habitado.<\/strong><\/li>\n<\/ul>\n<p>Hasta diez a\u00f1os de c\u00e1rcel arriesga un conocido delincuente identificado como Juan Manuel Rojas Contreras, alias \u2018El Conejo\u2019, quien fue juzgado esta semana tras ser sindicado por las v\u00edctimas del robo de especies desde una vivienda en la comuna de Llay Llay mientras sus moradores se encontraban en el interior.<br \/>\nContreras habr\u00eda escalado el inmueble ubicado en el pasaje Las Camelias de Llay Llay el 7 de agosto de 2016, alrededor de las 07:30 horas.<br \/>\nSeg\u00fan los antecedentes investigados por la Fiscal\u00eda de San Felipe, el acusado habr\u00eda utilizado un cuchillo para cortar el nylon que cubr\u00eda una de las ventanas, lo que le permiti\u00f3 ingresar al inmueble para apoderarse de un reloj marca Seiko, un celular marca Samsung y $110.000 en efectivo.<br \/>\nEl antisocial huy\u00f3 de inmediato al ser descubierto por el due\u00f1o de casa, escalando la reja de cierre perimetral, cayendo la billetera de la v\u00edctima y el cuchillo utilizado por el delincuente, momentos que fueron observados adem\u00e1s por uno de los hijos del propietario del inmueble que finalmente efectuaron la denuncia ante la polic\u00eda.<br \/>\n\u2018El Conejo\u2019, quien es reincidente en este tipo de delitos, fue declarado culpable por la terna de jueces del Tribunal Oral en Lo Penal de San Felipe. La Fiscal\u00eda persigue que se condene a este sujeto a la pena de 10 a\u00f1os de presidio por la gravedad del delito imputado.<br \/>\nDicha sentencia ser\u00e1 dada a conocer ma\u00f1ana viernes en la sala del Tribunal Oral en Lo Penal de San Felipe.<br \/>\n<strong>Pablo Salinas Sald\u00edas<\/strong><\/p>\n","protected":false},"excerpt":{"rendered":"<p>Sentencia ser\u00e1 conocida ma\u00f1ana viernes:\u00a0V\u00edctimas se encontraban dentro de la propiedad cuando advirtieron la presencia del delincuente en el interior del inmueble, quien huy\u00f3 con especies de valor. El sujeto fue declarado&#8230;<\/p>\n","protected":false},"author":1,"featured_media":86246,"comment_status":"open","ping_status":"open","sticky":false,"template":"","format":"standard","meta":{"advanced_seo_description":"","jetpack_seo_html_title":"","jetpack_seo_noindex":false,"_jetpack_memberships_contains_paid_content":false,"footnotes":""},"categories":[21],"tags":[],"class_list":["post-86245","post","type-post","status-publish","format-standard","has-post-thumbnail","hentry","category-policial"],"jetpack_featured_media_url":"https:\/\/i0.wp.com\/eltrabajo.cl\/portal\/wp-content\/uploads\/2018\/05\/juan-manuel-rojas-contreras.jpg?fit=579%2C403&ssl=1","jetpack_sharing_enabled":true,"jetpack_likes_enabled":true,"jetpack-related-posts":[],"_links":{"self":[{"href":"https:\/\/eltrabajo.cl\/portal\/wp-json\/wp\/v2\/posts\/86245","targetHints":{"allow":["GET"]}}],"collection":[{"href":"https:\/\/eltrabajo.cl\/portal\/wp-json\/wp\/v2\/posts"}],"about":[{"href":"https:\/\/eltrabajo.cl\/portal\/wp-json\/wp\/v2\/types\/post"}],"author":[{"embeddable":true,"href":"https:\/\/eltrabajo.cl\/portal\/wp-json\/wp\/v2\/users\/1"}],"replies":[{"embeddable":true,"href":"https:\/\/eltrabajo.cl\/portal\/wp-json\/wp\/v2\/comments?post=86245"}],"version-history":[{"count":0,"href":"https:\/\/eltrabajo.cl\/portal\/wp-json\/wp\/v2\/posts\/86245\/revisions"}],"wp:featuredmedia":[{"embeddable":true,"href":"https:\/\/eltrabajo.cl\/portal\/wp-json\/wp\/v2\/media\/86246"}],"wp:attachment":[{"href":"https:\/\/eltrabajo.cl\/portal\/wp-json\/wp\/v2\/media?parent=86245"}],"wp:term":[{"taxonomy":"category","embeddable":true,"href":"https:\/\/eltrabajo.cl\/portal\/wp-json\/wp\/v2\/categories?post=86245"},{"taxonomy":"post_tag","embeddable":true,"href":"https:\/\/eltrabajo.cl\/portal\/wp-json\/wp\/v2\/tags?post=86245"}],"curies":[{"name":"wp","href":"https:\/\/api.w.org\/{rel}","templated":true}]}}