{"id":86255,"date":"2018-05-11T05:01:35","date_gmt":"2018-05-11T09:01:35","guid":{"rendered":"http:\/\/www.eltrabajo.cl\/2017\/?p=86255"},"modified":"2018-05-11T05:01:35","modified_gmt":"2018-05-11T09:01:35","slug":"ley-de-aborto-17-de-32-medicos-son-objetores-de-conciencia-en-aconcagua","status":"publish","type":"post","link":"https:\/\/eltrabajo.cl\/portal\/ley-de-aborto-17-de-32-medicos-son-objetores-de-conciencia-en-aconcagua\/","title":{"rendered":"Ley de aborto:\u00a017 de 32 m\u00e9dicos son objetores de conciencia en Aconcagua"},"content":{"rendered":"<figure id=\"attachment_86257\" aria-describedby=\"caption-attachment-86257\" style=\"width: 579px\" class=\"wp-caption alignnone\"><img data-recalc-dims=\"1\" loading=\"lazy\" decoding=\"async\" class=\"size-full wp-image-86257\" src=\"https:\/\/i0.wp.com\/www.eltrabajo.cl\/portal\/wp-content\/uploads\/2018\/05\/OC.jpg?resize=579%2C352\" alt=\"Este es el cuadro explicativa entregado por el Colegio M\u00e9dico indicando los pasos a seguir por los profesionales O.C.\" width=\"579\" height=\"352\" srcset=\"https:\/\/i0.wp.com\/eltrabajo.cl\/portal\/wp-content\/uploads\/2018\/05\/OC.jpg?w=579&amp;ssl=1 579w, https:\/\/i0.wp.com\/eltrabajo.cl\/portal\/wp-content\/uploads\/2018\/05\/OC.jpg?resize=200%2C122&amp;ssl=1 200w, https:\/\/i0.wp.com\/eltrabajo.cl\/portal\/wp-content\/uploads\/2018\/05\/OC.jpg?resize=300%2C182&amp;ssl=1 300w, https:\/\/i0.wp.com\/eltrabajo.cl\/portal\/wp-content\/uploads\/2018\/05\/OC.jpg?resize=247%2C150&amp;ssl=1 247w, https:\/\/i0.wp.com\/eltrabajo.cl\/portal\/wp-content\/uploads\/2018\/05\/OC.jpg?resize=400%2C243&amp;ssl=1 400w\" sizes=\"auto, (max-width: 579px) 100vw, 579px\" \/><figcaption id=\"caption-attachment-86257\" class=\"wp-caption-text\">Este es el cuadro explicativa entregado por el Colegio M\u00e9dico indicando los pasos a seguir por los profesionales O.C.<\/figcaption><\/figure>\n<p>Diecisiete (17) m\u00e9dicos de un total de treinta y dos (32) son objetores de conciencia en el Valle de Aconcagua, seg\u00fan se desprende de la informaci\u00f3n entregada por el Servicio de Salud Aconcagua.<br \/>\nEn el detalle, el informe da cuenta que en el Hospital San Camilo de San Felipe, de 9 m\u00e9dicos obstetras contratados, 5 son objetores informados, en tanto de 7 m\u00e9dicos anestesistas contratados, 2 son objetores informados.<br \/>\nEn lo que respecta al Hospital San Juan de Dios de Los Andes, de 12 m\u00e9dicos obstetras contratados, 7 son objetores informados, en tanto de 5 m\u00e9dicos anestesistas contratados, 2 son objetores informados.<br \/>\nLa objeci\u00f3n de conciencia consiste en la negativa que pueden manifestar los o las profesionales sanitarios a realizar ciertas intervenciones como el aborto, por razones \u00e9ticas, morales o religiosas. Como se sabe, las causales por las cuales hoy en d\u00eda es legal practicar un aborto, son las siguientes:<br \/>\n1) La mujer se encuentre en riesgo vital, de modo que la interrupci\u00f3n del embarazo evite un peligro para su vida.<br \/>\nLa expresi\u00f3n \u201criesgo vital\u201d significa que se permite la interrupci\u00f3n para poner fin a un embarazo que llevar\u00e1 a la muerte a la madre si no se interviene.<br \/>\n\u2022 Debe contar con el respectivo diagn\u00f3stico m\u00e9dico.<br \/>\n\u2022 No tiene plazo<br \/>\n2) El embri\u00f3n o feto padezca una patolog\u00eda cong\u00e9nita adquirida o gen\u00e9tica, incompatible con la vida extrauterina independiente, en todo caso de car\u00e1cter letal.<br \/>\nLa causal opera exclusivamente en aquellos casos en que el diagn\u00f3stico m\u00e9dico determina que el embri\u00f3n o feto padece una alteraci\u00f3n cong\u00e9nita o gen\u00e9tica de car\u00e1cter letal que lo hace incompatible con la vida fuera del \u00fatero materno.<br \/>\n3) Sea resultado de una violaci\u00f3n, siempre que no hayan transcurrido m\u00e1s de doce semanas de gestaci\u00f3n. Trat\u00e1ndose de una ni\u00f1a menor de 14 a\u00f1os, la interrupci\u00f3n del embarazo podr\u00e1 realizarse siempre que no hayan transcurrido m\u00e1s de catorce semanas de gestaci\u00f3n.<br \/>\nUn equipo de salud, especialmente conformado para estos efectos, confirmar\u00e1 que el embarazo es producto de una violaci\u00f3n e informando por escrito a la mujer (o a su representante legal, en caso que sea menor de edad) y al jefe del establecimiento hospitalario o cl\u00ednica particular donde se solicita la interrupci\u00f3n.<br \/>\nEn el caso de ni\u00f1as o adolescentes menores de 18 a\u00f1os de edad que han sido v\u00edctimas de violaci\u00f3n, se mantiene el deber que tiene en la actualidad el o la jefa del establecimiento de salud de denunciar este delito, seg\u00fan lo regulado en el C\u00f3digo Procesal Penal.<br \/>\nNi\u00f1as menores de 14 a\u00f1os: la interrupci\u00f3n puede realizarse siempre que no hayan transcurrido m\u00e1s de 14 semanas.<br \/>\nMujeres mayores de 18 a\u00f1os La ley establece como plazo para esta causal que no hayan transcurrido m\u00e1s de 12 semanas de gestaci\u00f3n.<br \/>\nAs\u00ed lo se\u00f1ala en el Ministerio de Salud.<\/p>\n<figure id=\"attachment_86256\" aria-describedby=\"caption-attachment-86256\" style=\"width: 578px\" class=\"wp-caption alignnone\"><img data-recalc-dims=\"1\" loading=\"lazy\" decoding=\"async\" class=\"size-full wp-image-86256\" src=\"https:\/\/i0.wp.com\/www.eltrabajo.cl\/portal\/wp-content\/uploads\/2018\/05\/objetores.jpg?resize=578%2C312\" alt=\"En total 17 m\u00e9dicos son objetores de conciencia en los establecimientos p\u00fablicos de salud del Valle de Aconcagua.\" width=\"578\" height=\"312\" srcset=\"https:\/\/i0.wp.com\/eltrabajo.cl\/portal\/wp-content\/uploads\/2018\/05\/objetores.jpg?w=578&amp;ssl=1 578w, https:\/\/i0.wp.com\/eltrabajo.cl\/portal\/wp-content\/uploads\/2018\/05\/objetores.jpg?resize=200%2C108&amp;ssl=1 200w, https:\/\/i0.wp.com\/eltrabajo.cl\/portal\/wp-content\/uploads\/2018\/05\/objetores.jpg?resize=300%2C162&amp;ssl=1 300w, https:\/\/i0.wp.com\/eltrabajo.cl\/portal\/wp-content\/uploads\/2018\/05\/objetores.jpg?resize=278%2C150&amp;ssl=1 278w, https:\/\/i0.wp.com\/eltrabajo.cl\/portal\/wp-content\/uploads\/2018\/05\/objetores.jpg?resize=400%2C216&amp;ssl=1 400w\" sizes=\"auto, (max-width: 578px) 100vw, 578px\" \/><figcaption id=\"caption-attachment-86256\" class=\"wp-caption-text\">En total 17 m\u00e9dicos son objetores de conciencia en los establecimientos p\u00fablicos de salud del Valle de Aconcagua.<\/figcaption><\/figure>\n","protected":false},"excerpt":{"rendered":"<p>Diecisiete (17) m\u00e9dicos de un total de treinta y dos (32) son objetores de conciencia en el Valle de Aconcagua, seg\u00fan se desprende de la informaci\u00f3n entregada por el Servicio de Salud&#8230;<\/p>\n","protected":false},"author":1,"featured_media":86257,"comment_status":"open","ping_status":"open","sticky":false,"template":"","format":"standard","meta":{"advanced_seo_description":"","jetpack_seo_html_title":"","jetpack_seo_noindex":false,"_jetpack_memberships_contains_paid_content":false,"footnotes":""},"categories":[1],"tags":[],"class_list":["post-86255","post","type-post","status-publish","format-standard","has-post-thumbnail","hentry","category-cronica"],"jetpack_featured_media_url":"https:\/\/i0.wp.com\/eltrabajo.cl\/portal\/wp-content\/uploads\/2018\/05\/OC.jpg?fit=579%2C352&ssl=1","jetpack_sharing_enabled":true,"jetpack_likes_enabled":true,"jetpack-related-posts":[],"_links":{"self":[{"href":"https:\/\/eltrabajo.cl\/portal\/wp-json\/wp\/v2\/posts\/86255","targetHints":{"allow":["GET"]}}],"collection":[{"href":"https:\/\/eltrabajo.cl\/portal\/wp-json\/wp\/v2\/posts"}],"about":[{"href":"https:\/\/eltrabajo.cl\/portal\/wp-json\/wp\/v2\/types\/post"}],"author":[{"embeddable":true,"href":"https:\/\/eltrabajo.cl\/portal\/wp-json\/wp\/v2\/users\/1"}],"replies":[{"embeddable":true,"href":"https:\/\/eltrabajo.cl\/portal\/wp-json\/wp\/v2\/comments?post=86255"}],"version-history":[{"count":0,"href":"https:\/\/eltrabajo.cl\/portal\/wp-json\/wp\/v2\/posts\/86255\/revisions"}],"wp:featuredmedia":[{"embeddable":true,"href":"https:\/\/eltrabajo.cl\/portal\/wp-json\/wp\/v2\/media\/86257"}],"wp:attachment":[{"href":"https:\/\/eltrabajo.cl\/portal\/wp-json\/wp\/v2\/media?parent=86255"}],"wp:term":[{"taxonomy":"category","embeddable":true,"href":"https:\/\/eltrabajo.cl\/portal\/wp-json\/wp\/v2\/categories?post=86255"},{"taxonomy":"post_tag","embeddable":true,"href":"https:\/\/eltrabajo.cl\/portal\/wp-json\/wp\/v2\/tags?post=86255"}],"curies":[{"name":"wp","href":"https:\/\/api.w.org\/{rel}","templated":true}]}}