{"id":86278,"date":"2018-05-14T05:04:49","date_gmt":"2018-05-14T09:04:49","guid":{"rendered":"http:\/\/www.eltrabajo.cl\/2017\/?p=86278"},"modified":"2018-05-14T05:04:49","modified_gmt":"2018-05-14T09:04:49","slug":"arenas-contaminadas-se-quedaran-finalmente-en-vina-del-mar","status":"publish","type":"post","link":"https:\/\/eltrabajo.cl\/portal\/arenas-contaminadas-se-quedaran-finalmente-en-vina-del-mar\/","title":{"rendered":"Arenas contaminadas se quedar\u00e1n finalmente en Vi\u00f1a del Mar"},"content":{"rendered":"<figure id=\"attachment_86280\" aria-describedby=\"caption-attachment-86280\" style=\"width: 578px\" class=\"wp-caption alignnone\"><img data-recalc-dims=\"1\" loading=\"lazy\" decoding=\"async\" class=\"size-full wp-image-86280\" src=\"https:\/\/i0.wp.com\/www.eltrabajo.cl\/portal\/wp-content\/uploads\/2018\/05\/Arenas1.jpg?resize=578%2C386\" alt=\"En estos terrenos de propiedad de la misma empresa ILS, en Vi\u00f1a del Mar, ser\u00e1n tratadas las pol\u00e9micas arenas, en el mismo lugar de origen.\" width=\"578\" height=\"386\" srcset=\"https:\/\/i0.wp.com\/eltrabajo.cl\/portal\/wp-content\/uploads\/2018\/05\/Arenas1.jpg?w=578&amp;ssl=1 578w, https:\/\/i0.wp.com\/eltrabajo.cl\/portal\/wp-content\/uploads\/2018\/05\/Arenas1.jpg?resize=200%2C134&amp;ssl=1 200w, https:\/\/i0.wp.com\/eltrabajo.cl\/portal\/wp-content\/uploads\/2018\/05\/Arenas1.jpg?resize=300%2C200&amp;ssl=1 300w, https:\/\/i0.wp.com\/eltrabajo.cl\/portal\/wp-content\/uploads\/2018\/05\/Arenas1.jpg?resize=225%2C150&amp;ssl=1 225w, https:\/\/i0.wp.com\/eltrabajo.cl\/portal\/wp-content\/uploads\/2018\/05\/Arenas1.jpg?resize=400%2C267&amp;ssl=1 400w\" sizes=\"auto, (max-width: 578px) 100vw, 578px\" \/><figcaption id=\"caption-attachment-86280\" class=\"wp-caption-text\">En estos terrenos de propiedad de la misma empresa ILS, en Vi\u00f1a del Mar, ser\u00e1n tratadas las pol\u00e9micas arenas, en el mismo lugar de origen.<\/figcaption><\/figure>\n<ul>\n<li><span style=\"color: #ff0000;\"><strong>Empresa asegura que no las traer\u00e1n a nuestra comuna:<\/strong><\/span><\/li>\n<\/ul>\n<p>Luego que en 2017 Inmobiliaria Las Salinas (ILS) tuviera que desistir de traer las pol\u00e9micas arenas contaminadas a nuestra comuna para dejarlas en Vertedero La Hormiga a ra\u00edz de las protestas de los vecinos, este fin de semana se inform\u00f3 a nuestro medio que esta empresa present\u00f3 a la comunidad de Vi\u00f1a del Mar, Valpara\u00edso y Conc\u00f3n, las bases del nuevo Estudio de Impacto Ambiental con el que busca concluir la \u00faltima etapa del proceso de remediaci\u00f3n del terreno vi\u00f1amarino de 16 hect\u00e1reas que posee en la ciudad.<br \/>\n\u201cCreemos firmemente que este proyecto saldr\u00e1 adelante. Desde el a\u00f1o 2001 asumimos el compromiso de sanear este terreno e incorporarlo al desarrollo urbano de Vi\u00f1a del Mar\u201d, destac\u00f3 el gerente general de ILS, Arturo Natho.<br \/>\nEl dise\u00f1o es fruto de un trabajo de varios meses, proceso que cont\u00f3 con la participaci\u00f3n activa de diversos especialistas de las principales universidades de la regi\u00f3n, adem\u00e1s del equipo ambiental de Las Salinas, quienes conformaron un comit\u00e9 cient\u00edfico.<br \/>\nUno de los componentes m\u00e1s relevantes de este proyecto, es que ser\u00e1 en base a un tratamiento de arenas mediante un sistema de biorremediaci\u00f3n (con microorganismos) \u2018on-site\u2019, es decir, en el mismo sitio. Este sistema, no s\u00f3lo se hace cargo de los impactos presentes, sino que tambi\u00e9n da la posibilidad de reutilizar las arenas como un recurso \u00fatil para la regi\u00f3n (la arena es el segundo recurso m\u00e1s escaso en el mundo despu\u00e9s del agua), y reduce dr\u00e1sticamente el transporte que se genera a partir del terreno.<br \/>\nEsta noticia deja entonces claro, que estos desechos contaminados no ser\u00e1n tra\u00eddos al Valle de Aconcagua.<br \/>\nAl respecto, el gerente de Desarrollo de Las Salinas, Esteban Undurraga, agreg\u00f3 que \u201chemos trabajado todo el \u00faltimo tiempo para elaborar una alternativa que evite la transferencia de material e impactos en el transporte. La buena noticia es que el nuevo EIA plantea una soluci\u00f3n t\u00e9cnica que significa tratar el terreno impactado \u2018on-site\u2019, es decir, aplicar un tratamiento en el mismo sitio a aquellos suelos que no cumplan con la norma, de tal manera que el proyecto de remediaci\u00f3n se cierre dentro del terreno. Lo que queremos es que el terreno quede remediado sin moverlo del sitio\u201d.<br \/>\nEl EIA, que ingresar\u00e1 al sistema de evaluaci\u00f3n entre los meses de septiembre y octubre, tendr\u00e1 un costo entre 50 y 60 millones de d\u00f3lares.<br \/>\nCabe destacar, adem\u00e1s, que este proyecto \u2013que no tiene precedentes en el pa\u00eds\u2013 se llevar\u00e1 a cabo bajo la normativa italiana para la evaluaci\u00f3n de riesgo, que es la m\u00e1s estricta del mundo.<br \/>\n\u201cComo empresa, nuestro mayor inter\u00e9s es dar valor a la ciudad a trav\u00e9s de una serie de proyectos que aporten directamente a ella, y queremos que este proceso de remediaci\u00f3n sea un ejemplo de ello, ya que tenemos la convicci\u00f3n de la importancia de un desarrollo urbano sustentable que contribuya hacer a la calidad de vida de Vi\u00f1a del Mar\u201d, Arturo Natho.<\/p>\n<figure id=\"attachment_86279\" aria-describedby=\"caption-attachment-86279\" style=\"width: 580px\" class=\"wp-caption alignnone\"><img data-recalc-dims=\"1\" loading=\"lazy\" decoding=\"async\" class=\"size-full wp-image-86279\" src=\"https:\/\/i0.wp.com\/www.eltrabajo.cl\/portal\/wp-content\/uploads\/2018\/05\/Arenas_Arturo-Natho.jpg?resize=580%2C400\" alt=\"Gerente general de ILS, Arturo Natho.\" width=\"580\" height=\"400\" srcset=\"https:\/\/i0.wp.com\/eltrabajo.cl\/portal\/wp-content\/uploads\/2018\/05\/Arenas_Arturo-Natho.jpg?w=580&amp;ssl=1 580w, https:\/\/i0.wp.com\/eltrabajo.cl\/portal\/wp-content\/uploads\/2018\/05\/Arenas_Arturo-Natho.jpg?resize=200%2C138&amp;ssl=1 200w, https:\/\/i0.wp.com\/eltrabajo.cl\/portal\/wp-content\/uploads\/2018\/05\/Arenas_Arturo-Natho.jpg?resize=300%2C207&amp;ssl=1 300w, https:\/\/i0.wp.com\/eltrabajo.cl\/portal\/wp-content\/uploads\/2018\/05\/Arenas_Arturo-Natho.jpg?resize=218%2C150&amp;ssl=1 218w, https:\/\/i0.wp.com\/eltrabajo.cl\/portal\/wp-content\/uploads\/2018\/05\/Arenas_Arturo-Natho.jpg?resize=400%2C276&amp;ssl=1 400w\" sizes=\"auto, (max-width: 580px) 100vw, 580px\" \/><figcaption id=\"caption-attachment-86279\" class=\"wp-caption-text\">Gerente general de ILS, Arturo Natho.<\/figcaption><\/figure>\n","protected":false},"excerpt":{"rendered":"<p>Empresa asegura que no las traer\u00e1n a nuestra comuna: Luego que en 2017 Inmobiliaria Las Salinas (ILS) tuviera que desistir de traer las pol\u00e9micas arenas contaminadas a nuestra comuna para dejarlas en&#8230;<\/p>\n","protected":false},"author":1,"featured_media":86280,"comment_status":"open","ping_status":"open","sticky":false,"template":"","format":"standard","meta":{"advanced_seo_description":"","jetpack_seo_html_title":"","jetpack_seo_noindex":false,"_jetpack_memberships_contains_paid_content":false,"footnotes":""},"categories":[1],"tags":[],"class_list":["post-86278","post","type-post","status-publish","format-standard","has-post-thumbnail","hentry","category-cronica"],"jetpack_featured_media_url":"https:\/\/i0.wp.com\/eltrabajo.cl\/portal\/wp-content\/uploads\/2018\/05\/Arenas1.jpg?fit=578%2C386&ssl=1","jetpack_sharing_enabled":true,"jetpack_likes_enabled":true,"jetpack-related-posts":[],"_links":{"self":[{"href":"https:\/\/eltrabajo.cl\/portal\/wp-json\/wp\/v2\/posts\/86278","targetHints":{"allow":["GET"]}}],"collection":[{"href":"https:\/\/eltrabajo.cl\/portal\/wp-json\/wp\/v2\/posts"}],"about":[{"href":"https:\/\/eltrabajo.cl\/portal\/wp-json\/wp\/v2\/types\/post"}],"author":[{"embeddable":true,"href":"https:\/\/eltrabajo.cl\/portal\/wp-json\/wp\/v2\/users\/1"}],"replies":[{"embeddable":true,"href":"https:\/\/eltrabajo.cl\/portal\/wp-json\/wp\/v2\/comments?post=86278"}],"version-history":[{"count":0,"href":"https:\/\/eltrabajo.cl\/portal\/wp-json\/wp\/v2\/posts\/86278\/revisions"}],"wp:featuredmedia":[{"embeddable":true,"href":"https:\/\/eltrabajo.cl\/portal\/wp-json\/wp\/v2\/media\/86280"}],"wp:attachment":[{"href":"https:\/\/eltrabajo.cl\/portal\/wp-json\/wp\/v2\/media?parent=86278"}],"wp:term":[{"taxonomy":"category","embeddable":true,"href":"https:\/\/eltrabajo.cl\/portal\/wp-json\/wp\/v2\/categories?post=86278"},{"taxonomy":"post_tag","embeddable":true,"href":"https:\/\/eltrabajo.cl\/portal\/wp-json\/wp\/v2\/tags?post=86278"}],"curies":[{"name":"wp","href":"https:\/\/api.w.org\/{rel}","templated":true}]}}