{"id":86293,"date":"2018-05-15T05:00:47","date_gmt":"2018-05-15T09:00:47","guid":{"rendered":"http:\/\/www.eltrabajo.cl\/2017\/?p=86293"},"modified":"2018-05-15T05:00:47","modified_gmt":"2018-05-15T09:00:47","slug":"rentas-invita-a-contribuyentes-a-conocer-su-situacion-por-pago-aseo-municipal","status":"publish","type":"post","link":"https:\/\/eltrabajo.cl\/portal\/rentas-invita-a-contribuyentes-a-conocer-su-situacion-por-pago-aseo-municipal\/","title":{"rendered":"Rentas invita a contribuyentes a conocer su situaci\u00f3n por pago aseo municipal"},"content":{"rendered":"<figure id=\"attachment_86294\" aria-describedby=\"caption-attachment-86294\" style=\"width: 579px\" class=\"wp-caption alignnone\"><img data-recalc-dims=\"1\" loading=\"lazy\" decoding=\"async\" class=\"size-full wp-image-86294\" src=\"https:\/\/i0.wp.com\/www.eltrabajo.cl\/portal\/wp-content\/uploads\/2018\/05\/recoleccion-de-basura.jpg?resize=579%2C362\" alt=\"A partir de este a\u00f1o numerosas viviendas que estaban exentas de pagar la cuota de aseo municipal, ahora deber\u00e1n realizarlo por ley. (Referencial)\" width=\"579\" height=\"362\" srcset=\"https:\/\/i0.wp.com\/eltrabajo.cl\/portal\/wp-content\/uploads\/2018\/05\/recoleccion-de-basura.jpg?w=579&amp;ssl=1 579w, https:\/\/i0.wp.com\/eltrabajo.cl\/portal\/wp-content\/uploads\/2018\/05\/recoleccion-de-basura.jpg?resize=200%2C125&amp;ssl=1 200w, https:\/\/i0.wp.com\/eltrabajo.cl\/portal\/wp-content\/uploads\/2018\/05\/recoleccion-de-basura.jpg?resize=300%2C188&amp;ssl=1 300w, https:\/\/i0.wp.com\/eltrabajo.cl\/portal\/wp-content\/uploads\/2018\/05\/recoleccion-de-basura.jpg?resize=240%2C150&amp;ssl=1 240w, https:\/\/i0.wp.com\/eltrabajo.cl\/portal\/wp-content\/uploads\/2018\/05\/recoleccion-de-basura.jpg?resize=400%2C250&amp;ssl=1 400w\" sizes=\"auto, (max-width: 579px) 100vw, 579px\" \/><figcaption id=\"caption-attachment-86294\" class=\"wp-caption-text\">A partir de este a\u00f1o numerosas viviendas que estaban exentas de pagar la cuota de aseo municipal, ahora deber\u00e1n realizarlo por ley. (Referencial)<\/figcaption><\/figure>\n<ul>\n<li><span style=\"color: #ff0000;\"><strong>La medida se adopt\u00f3 luego de que el Servicio de Impuestos Internos realizara una actualizaci\u00f3n del aval\u00fao de bienes inmuebles no agr\u00edcolas, por lo que desde el municipio informaron que las propiedades que superan las 225 UTM deber\u00e1n cancelar estas cuotas.<\/strong><\/span><\/li>\n<\/ul>\n<p>A ra\u00edz del reval\u00fao fiscal de las propiedades realizado por el Servicio de Impuestos Internos (SII) a contar de este a\u00f1o, se aument\u00f3 el n\u00famero de domicilios que ahora deber\u00e1n cancelar la cuota de aseo municipal. As\u00ed lo informaron desde el Departamento de Rentas y Patentes del municipio, argumentando que exist\u00edan usuarios que estaban exentos del cobro y ahora deber\u00e1n realizarlo por ley.<br \/>\n\u00abEste a\u00f1o se realiz\u00f3 este procedimiento por parte del Servicio de Impuestos Internos, debido a que hay propiedades que se encontraban con su aval\u00fao muy bajo. Por ello, ten\u00edamos muchos contribuyentes que antes quedaban exentos de este proceso por ley y ahora est\u00e1n obligados a pagarlo. Por ello, hago un llamado, pero tenemos algunas direcciones confusas, ya que la informaci\u00f3n viene desde el SII, por lo que solicitamos que se acerquen para conocer su situaci\u00f3n\u00bb, inform\u00f3 Margarita Guerra, Jefa de dicho departamento.<br \/>\nSer\u00e1n cuatro cuotas anuales y deber\u00e1n pagar aquellas viviendas que tengan un aval\u00fao desde las 225 UTM, es decir, desde los $10.579.275, hasta los $33.199.976. Cada pago ser\u00e1 por un valor total de $11.350. Las dos primeras vencer\u00e1n el pr\u00f3ximo jueves 31 de mayo, por lo que el contribuyente deber\u00e1 pagar $22.700 en esa fecha, mientras que las cuotas tres y cuatro a fines de los meses de agosto y noviembre.<br \/>\nAsimismo, Guerra reiter\u00f3 la importancia de acercarse al municipio para evaluar cada caso, porque hay contribuyentes que incluso arrastran deudas anteriores.<br \/>\n\u00abHay personas que deben cuotas de aseo de a\u00f1os anteriores, por lo que el valor vendr\u00e1 reajustado. Por ello, insistimos que se acerquen a nuestras oficinas para conocer cada caso\u00bb, aclar\u00f3.<\/p>\n","protected":false},"excerpt":{"rendered":"<p>La medida se adopt\u00f3 luego de que el Servicio de Impuestos Internos realizara una actualizaci\u00f3n del aval\u00fao de bienes inmuebles no agr\u00edcolas, por lo que desde el municipio informaron que las propiedades&#8230;<\/p>\n","protected":false},"author":1,"featured_media":86294,"comment_status":"open","ping_status":"open","sticky":false,"template":"","format":"standard","meta":{"advanced_seo_description":"","jetpack_seo_html_title":"","jetpack_seo_noindex":false,"_jetpack_memberships_contains_paid_content":false,"footnotes":""},"categories":[1],"tags":[],"class_list":["post-86293","post","type-post","status-publish","format-standard","has-post-thumbnail","hentry","category-cronica"],"jetpack_featured_media_url":"https:\/\/i0.wp.com\/eltrabajo.cl\/portal\/wp-content\/uploads\/2018\/05\/recoleccion-de-basura.jpg?fit=579%2C362&ssl=1","jetpack_sharing_enabled":true,"jetpack_likes_enabled":true,"jetpack-related-posts":[],"_links":{"self":[{"href":"https:\/\/eltrabajo.cl\/portal\/wp-json\/wp\/v2\/posts\/86293","targetHints":{"allow":["GET"]}}],"collection":[{"href":"https:\/\/eltrabajo.cl\/portal\/wp-json\/wp\/v2\/posts"}],"about":[{"href":"https:\/\/eltrabajo.cl\/portal\/wp-json\/wp\/v2\/types\/post"}],"author":[{"embeddable":true,"href":"https:\/\/eltrabajo.cl\/portal\/wp-json\/wp\/v2\/users\/1"}],"replies":[{"embeddable":true,"href":"https:\/\/eltrabajo.cl\/portal\/wp-json\/wp\/v2\/comments?post=86293"}],"version-history":[{"count":0,"href":"https:\/\/eltrabajo.cl\/portal\/wp-json\/wp\/v2\/posts\/86293\/revisions"}],"wp:featuredmedia":[{"embeddable":true,"href":"https:\/\/eltrabajo.cl\/portal\/wp-json\/wp\/v2\/media\/86294"}],"wp:attachment":[{"href":"https:\/\/eltrabajo.cl\/portal\/wp-json\/wp\/v2\/media?parent=86293"}],"wp:term":[{"taxonomy":"category","embeddable":true,"href":"https:\/\/eltrabajo.cl\/portal\/wp-json\/wp\/v2\/categories?post=86293"},{"taxonomy":"post_tag","embeddable":true,"href":"https:\/\/eltrabajo.cl\/portal\/wp-json\/wp\/v2\/tags?post=86293"}],"curies":[{"name":"wp","href":"https:\/\/api.w.org\/{rel}","templated":true}]}}