{"id":86296,"date":"2018-05-15T05:01:04","date_gmt":"2018-05-15T09:01:04","guid":{"rendered":"http:\/\/www.eltrabajo.cl\/2017\/?p=86296"},"modified":"2018-05-15T05:01:04","modified_gmt":"2018-05-15T09:01:04","slug":"municipalidad-de-los-andes-convoca-a-nuevo-remate-publico-este-jueves","status":"publish","type":"post","link":"https:\/\/eltrabajo.cl\/portal\/municipalidad-de-los-andes-convoca-a-nuevo-remate-publico-este-jueves\/","title":{"rendered":"Municipalidad de Los Andes convoca a nuevo remate p\u00fablico este jueves"},"content":{"rendered":"<figure id=\"attachment_86297\" aria-describedby=\"caption-attachment-86297\" style=\"width: 579px\" class=\"wp-caption alignnone\"><img data-recalc-dims=\"1\" loading=\"lazy\" decoding=\"async\" class=\"size-full wp-image-86297\" src=\"https:\/\/i0.wp.com\/www.eltrabajo.cl\/portal\/wp-content\/uploads\/2018\/05\/Bodega.jpg?resize=579%2C355\" alt=\"Los bienes a rematar son principalmente veh\u00edculos municipales,  particulares y muebles escolares.\" width=\"579\" height=\"355\" srcset=\"https:\/\/i0.wp.com\/eltrabajo.cl\/portal\/wp-content\/uploads\/2018\/05\/Bodega.jpg?w=579&amp;ssl=1 579w, https:\/\/i0.wp.com\/eltrabajo.cl\/portal\/wp-content\/uploads\/2018\/05\/Bodega.jpg?resize=200%2C123&amp;ssl=1 200w, https:\/\/i0.wp.com\/eltrabajo.cl\/portal\/wp-content\/uploads\/2018\/05\/Bodega.jpg?resize=300%2C184&amp;ssl=1 300w, https:\/\/i0.wp.com\/eltrabajo.cl\/portal\/wp-content\/uploads\/2018\/05\/Bodega.jpg?resize=245%2C150&amp;ssl=1 245w, https:\/\/i0.wp.com\/eltrabajo.cl\/portal\/wp-content\/uploads\/2018\/05\/Bodega.jpg?resize=400%2C245&amp;ssl=1 400w\" sizes=\"auto, (max-width: 579px) 100vw, 579px\" \/><figcaption id=\"caption-attachment-86297\" class=\"wp-caption-text\">Los bienes a rematar son principalmente veh\u00edculos municipales, particulares y muebles escolares.<\/figcaption><\/figure>\n<ul>\n<li><span style=\"color: #ff0000;\"><strong>Subasta de veh\u00edculos en desuso y muebles escolares, entre otros enseres.<\/strong><\/span><\/li>\n<\/ul>\n<p><strong>LOS ANDES.-<\/strong> Continuando con el objetivo de mantener el aseo, ornato y cuidado de sus distintas dependencias, la Municipalidad de Los Andes convoc\u00f3 a un nuevo remate p\u00fablico de una serie de especies muebles, veh\u00edculos y otros objetos en desuso. La subasta se realizar\u00e1 este jueves 17 de mayo desde las 9:00 horas en cuatro dependencias municipales: Liceo Rep\u00fablica Argentina, Bodega (Santa Teresa 1001), Estadio Regional e Independencia 412.<br \/>\nYussra Almeyda, Directora del Departamento Jur\u00eddico de la Municipalidad de Los Andes, detall\u00f3 que este es el tercer remate que se realizar\u00e1 con el fin de desocupar los distintos recintos: \u201cLos bienes a rematar son principalmente veh\u00edculos municipales, particulares y muebles escolares. Todos tienen un valor m\u00ednimo de subasta y mayores antecedentes se pueden descargar desde la p\u00e1gina\u00a0 web www.losandes.cl\u201d.<br \/>\nPueden participar de la subasta todas las personas naturales. Los lotes ya se encuentran disponibles para los contribuyentes desde ayer lunes 14, hoy martes 15 y ma\u00f1ana mi\u00e9rcoles 16 de mayo en horario de 16:00 a 17:00 para que los eventuales oferentes analicen el estado en que se encuentran los bienes.<br \/>\nEl itinerario para este jueves 17 es el siguiente: 9:00 horas en Liceo Rep\u00fablica Argentina, 10:00 horas en Bodega Municipal (Santa Teresa 1001, frente al Parque Urbano), 11:00 horas en Estadio Regional y 11:20 en Independencia 412.<\/p>\n","protected":false},"excerpt":{"rendered":"<p>Subasta de veh\u00edculos en desuso y muebles escolares, entre otros enseres. LOS ANDES.- Continuando con el objetivo de mantener el aseo, ornato y cuidado de sus distintas dependencias, la Municipalidad de Los&#8230;<\/p>\n","protected":false},"author":1,"featured_media":86297,"comment_status":"open","ping_status":"open","sticky":false,"template":"","format":"standard","meta":{"advanced_seo_description":"","jetpack_seo_html_title":"","jetpack_seo_noindex":false,"_jetpack_memberships_contains_paid_content":false,"footnotes":""},"categories":[1],"tags":[],"class_list":["post-86296","post","type-post","status-publish","format-standard","has-post-thumbnail","hentry","category-cronica"],"jetpack_featured_media_url":"https:\/\/i0.wp.com\/eltrabajo.cl\/portal\/wp-content\/uploads\/2018\/05\/Bodega.jpg?fit=579%2C355&ssl=1","jetpack_sharing_enabled":true,"jetpack_likes_enabled":true,"jetpack-related-posts":[],"_links":{"self":[{"href":"https:\/\/eltrabajo.cl\/portal\/wp-json\/wp\/v2\/posts\/86296","targetHints":{"allow":["GET"]}}],"collection":[{"href":"https:\/\/eltrabajo.cl\/portal\/wp-json\/wp\/v2\/posts"}],"about":[{"href":"https:\/\/eltrabajo.cl\/portal\/wp-json\/wp\/v2\/types\/post"}],"author":[{"embeddable":true,"href":"https:\/\/eltrabajo.cl\/portal\/wp-json\/wp\/v2\/users\/1"}],"replies":[{"embeddable":true,"href":"https:\/\/eltrabajo.cl\/portal\/wp-json\/wp\/v2\/comments?post=86296"}],"version-history":[{"count":0,"href":"https:\/\/eltrabajo.cl\/portal\/wp-json\/wp\/v2\/posts\/86296\/revisions"}],"wp:featuredmedia":[{"embeddable":true,"href":"https:\/\/eltrabajo.cl\/portal\/wp-json\/wp\/v2\/media\/86297"}],"wp:attachment":[{"href":"https:\/\/eltrabajo.cl\/portal\/wp-json\/wp\/v2\/media?parent=86296"}],"wp:term":[{"taxonomy":"category","embeddable":true,"href":"https:\/\/eltrabajo.cl\/portal\/wp-json\/wp\/v2\/categories?post=86296"},{"taxonomy":"post_tag","embeddable":true,"href":"https:\/\/eltrabajo.cl\/portal\/wp-json\/wp\/v2\/tags?post=86296"}],"curies":[{"name":"wp","href":"https:\/\/api.w.org\/{rel}","templated":true}]}}