{"id":86302,"date":"2018-05-15T05:03:38","date_gmt":"2018-05-15T09:03:38","guid":{"rendered":"http:\/\/www.eltrabajo.cl\/2017\/?p=86302"},"modified":"2018-05-15T05:03:38","modified_gmt":"2018-05-15T09:03:38","slug":"presidente-del-amor-a-la-camiseta-fue-agredido-en-la-final-del-torneo","status":"publish","type":"post","link":"https:\/\/eltrabajo.cl\/portal\/presidente-del-amor-a-la-camiseta-fue-agredido-en-la-final-del-torneo\/","title":{"rendered":"Presidente del Amor a la Camiseta fue agredido en la final del torneo"},"content":{"rendered":"<figure id=\"attachment_86303\" aria-describedby=\"caption-attachment-86303\" style=\"width: 580px\" class=\"wp-caption alignnone\"><img data-recalc-dims=\"1\" loading=\"lazy\" decoding=\"async\" class=\"size-full wp-image-86303\" src=\"https:\/\/i0.wp.com\/www.eltrabajo.cl\/portal\/wp-content\/uploads\/2018\/05\/colarte.jpg?resize=580%2C340\" alt=\"En la final del grupo 1 del torneo de la Amistad, el presidente del directorio de dicho evento, Christian Colarte, sufri\u00f3 una cobarde y repudiable agresi\u00f3n.\" width=\"580\" height=\"340\" srcset=\"https:\/\/i0.wp.com\/eltrabajo.cl\/portal\/wp-content\/uploads\/2018\/05\/colarte.jpg?w=580&amp;ssl=1 580w, https:\/\/i0.wp.com\/eltrabajo.cl\/portal\/wp-content\/uploads\/2018\/05\/colarte.jpg?resize=200%2C117&amp;ssl=1 200w, https:\/\/i0.wp.com\/eltrabajo.cl\/portal\/wp-content\/uploads\/2018\/05\/colarte.jpg?resize=300%2C176&amp;ssl=1 300w, https:\/\/i0.wp.com\/eltrabajo.cl\/portal\/wp-content\/uploads\/2018\/05\/colarte.jpg?resize=256%2C150&amp;ssl=1 256w, https:\/\/i0.wp.com\/eltrabajo.cl\/portal\/wp-content\/uploads\/2018\/05\/colarte.jpg?resize=400%2C234&amp;ssl=1 400w\" sizes=\"auto, (max-width: 580px) 100vw, 580px\" \/><figcaption id=\"caption-attachment-86303\" class=\"wp-caption-text\">En la final del grupo 1 del torneo de la Amistad, el presidente del directorio de dicho evento, Christian Colarte, sufri\u00f3 una cobarde y repudiable agresi\u00f3n.<\/figcaption><\/figure>\n<p>En medio de la final del grupo 1 del torneo Amor a la Camiseta, que ten\u00eda lugar en el estadio Municipal de San Felipe, el presidente del Directorio de dicho certamen,<strong> Christian Colarte<\/strong>, fue objeto de una cobarde agresi\u00f3n por parte de dos desadaptados que terminaron ensuciando una jornada que hasta ese momento era impecable.<br \/>\nA\u00fan conmocionado por la delicada situaci\u00f3n por la que atraves\u00f3, el alto directivo del Amor a la Camiseta convers\u00f3 con El Trabajo Deportivo para dar su versi\u00f3n de los lamentables hechos en que se vio envuelto. \u201cFui agredido por dos integrantes de la barra del club Manuel Rodr\u00edguez, los que de manera alevosa y sin motivo de por medio, me atacaron por la espalda; si no hubiera mediado la intervenci\u00f3n de Carabineros, esto hubiera tenido otras consecuencias\u201d, comenz\u00f3 el relato de Colarte.<br \/>\nEl encargado del certamen cont\u00f3 el momento de la jornada en que fue atacado por el par de salvajes. \u201cEsto fue cuando Carabineros lleg\u00f3 al estadio a verificar si todo estaba desarroll\u00e1ndose de manera normal. Fue en ese instante cuando comenzaron a caer una serie de insultos por parte de la barra del Manuel Rodr\u00edguez, que nos culpaba de su derrota. Eran m\u00e1s o menos las cinco de la tarde cuando pas\u00f3 todo esto y se jugaba el segundo tiempo del partido correspondiente a las series de honor. Una vez que la polic\u00eda realiz\u00f3 el control, me dirig\u00ed hasta la puerta de la calle Santo Domingo, cuando fui interceptado por un sujeto que me sujet\u00f3, mientras el otro procedi\u00f3 a golpearme\u201d, relat\u00f3.<br \/>\nConsultado por qu\u00e9 no hubo detenidos si hab\u00eda Carabineros en el recinto, Colarte, explic\u00f3: \u201cSucede que la barra de Manuel Rodr\u00edguez actu\u00f3 contra la autoridad, y los dos individuos que me golpearon aprovecharon de huir\u201d.<br \/>\nChristian Colarte agradeci\u00f3 la solidaridad que de inmediato mostr\u00f3 el balompi\u00e9 aficionado del valle de Aconcagua y regional, tras la agresi\u00f3n de que fue objeto. \u201cEstoy agradecido por el apoyo, especialmente del presidente de Arfa Quinta Regi\u00f3n, Cristian Ibaceta, que me se\u00f1al\u00f3 que ya est\u00e1 trabajando en la identificaci\u00f3n de los individuos que me agredieron, porque ser\u00e1n \u2018borrados\u2019 de la actividad. No porque tu equipo pierde, te puedes tomar la licencia de pegarle a alguien; esto no puede ser\u201d, afirm\u00f3.<\/p>\n<figure id=\"attachment_86304\" aria-describedby=\"caption-attachment-86304\" style=\"width: 580px\" class=\"wp-caption alignnone\"><img data-recalc-dims=\"1\" loading=\"lazy\" decoding=\"async\" class=\"size-full wp-image-86304\" src=\"https:\/\/i0.wp.com\/www.eltrabajo.cl\/portal\/wp-content\/uploads\/2018\/05\/heridas.jpg?resize=580%2C548\" alt=\"El directivo mostr\u00f3 a El Trabajo Deportivo las huellas que quedaron en su cuerpo tras la agresi\u00f3n de que fue objeto.\" width=\"580\" height=\"548\" srcset=\"https:\/\/i0.wp.com\/eltrabajo.cl\/portal\/wp-content\/uploads\/2018\/05\/heridas.jpg?w=580&amp;ssl=1 580w, https:\/\/i0.wp.com\/eltrabajo.cl\/portal\/wp-content\/uploads\/2018\/05\/heridas.jpg?resize=159%2C150&amp;ssl=1 159w, https:\/\/i0.wp.com\/eltrabajo.cl\/portal\/wp-content\/uploads\/2018\/05\/heridas.jpg?resize=300%2C283&amp;ssl=1 300w, https:\/\/i0.wp.com\/eltrabajo.cl\/portal\/wp-content\/uploads\/2018\/05\/heridas.jpg?resize=400%2C378&amp;ssl=1 400w\" sizes=\"auto, (max-width: 580px) 100vw, 580px\" \/><figcaption id=\"caption-attachment-86304\" class=\"wp-caption-text\">El directivo mostr\u00f3 a El Trabajo Deportivo las huellas que quedaron en su cuerpo tras la agresi\u00f3n de que fue objeto.<\/figcaption><\/figure>\n","protected":false},"excerpt":{"rendered":"<p>En medio de la final del grupo 1 del torneo Amor a la Camiseta, que ten\u00eda lugar en el estadio Municipal de San Felipe, el presidente del Directorio de dicho certamen, Christian&#8230;<\/p>\n","protected":false},"author":1,"featured_media":86303,"comment_status":"open","ping_status":"open","sticky":false,"template":"","format":"standard","meta":{"advanced_seo_description":"","jetpack_seo_html_title":"","jetpack_seo_noindex":false,"_jetpack_memberships_contains_paid_content":false,"footnotes":""},"categories":[19],"tags":[],"class_list":["post-86302","post","type-post","status-publish","format-standard","has-post-thumbnail","hentry","category-deportes"],"jetpack_featured_media_url":"https:\/\/i0.wp.com\/eltrabajo.cl\/portal\/wp-content\/uploads\/2018\/05\/colarte.jpg?fit=580%2C340&ssl=1","jetpack_sharing_enabled":true,"jetpack_likes_enabled":true,"jetpack-related-posts":[],"_links":{"self":[{"href":"https:\/\/eltrabajo.cl\/portal\/wp-json\/wp\/v2\/posts\/86302","targetHints":{"allow":["GET"]}}],"collection":[{"href":"https:\/\/eltrabajo.cl\/portal\/wp-json\/wp\/v2\/posts"}],"about":[{"href":"https:\/\/eltrabajo.cl\/portal\/wp-json\/wp\/v2\/types\/post"}],"author":[{"embeddable":true,"href":"https:\/\/eltrabajo.cl\/portal\/wp-json\/wp\/v2\/users\/1"}],"replies":[{"embeddable":true,"href":"https:\/\/eltrabajo.cl\/portal\/wp-json\/wp\/v2\/comments?post=86302"}],"version-history":[{"count":0,"href":"https:\/\/eltrabajo.cl\/portal\/wp-json\/wp\/v2\/posts\/86302\/revisions"}],"wp:featuredmedia":[{"embeddable":true,"href":"https:\/\/eltrabajo.cl\/portal\/wp-json\/wp\/v2\/media\/86303"}],"wp:attachment":[{"href":"https:\/\/eltrabajo.cl\/portal\/wp-json\/wp\/v2\/media?parent=86302"}],"wp:term":[{"taxonomy":"category","embeddable":true,"href":"https:\/\/eltrabajo.cl\/portal\/wp-json\/wp\/v2\/categories?post=86302"},{"taxonomy":"post_tag","embeddable":true,"href":"https:\/\/eltrabajo.cl\/portal\/wp-json\/wp\/v2\/tags?post=86302"}],"curies":[{"name":"wp","href":"https:\/\/api.w.org\/{rel}","templated":true}]}}