{"id":86312,"date":"2018-05-16T05:01:03","date_gmt":"2018-05-16T09:01:03","guid":{"rendered":"http:\/\/www.eltrabajo.cl\/2017\/?p=86312"},"modified":"2018-05-16T05:01:03","modified_gmt":"2018-05-16T09:01:03","slug":"natali-rosas-partio-rumbo-a-sudafrica","status":"publish","type":"post","link":"https:\/\/eltrabajo.cl\/portal\/natali-rosas-partio-rumbo-a-sudafrica\/","title":{"rendered":"Natali Rosas parti\u00f3 rumbo a Sud\u00e1frica"},"content":{"rendered":"<p>Al mediod\u00eda de ayer en un vuelo de Latam, la santamariana Natali Rosas emprendi\u00f3 rumbo hacia Ciudad del Cabo en Sud\u00e1frica, donde ser\u00e1 parte de una fecha del circuito Mundial del Deporte Aventura. \u201cSiento que este desaf\u00edo llega en un momento muy importante y especial de mi carrera; tambi\u00e9n est\u00e1 el hecho que las carreras largas me est\u00e1n afectando. No en lo f\u00edsico, sino que en lo econ\u00f3mico ya que cada vez me cuesta m\u00e1s mover toda la log\u00edstica que se requiere para este tipo de competencias. Es mucho el stress previo al que me someto por este tema, y eso afecta en la cabeza; por ende, me he replanteado si tanto esfuerzo vale la pena; espero que las cosas resulten y salga todo bien en esta oportunidad\u201d, reflexion\u00f3 la atleta aconcag\u00fcina en la previa a su viaje al continente africano.<br \/>\nRespecto a los objetivos que se ha planteado para su nueva incursi\u00f3n internacional, Natali aport\u00f3: \u201cPara m\u00ed ser\u00eda un \u00e9xito estar dentro de los 10 mejores equipos; aunque igual quedar\u00eda conforme poder culminarla, ya que no es nada sencillo hacer m\u00e1s de 500 kil\u00f3metros, m\u00e1s si vas con un equipo nuevo. Llegar\u00e9 a Sud\u00e1frica con algo de anticipaci\u00f3n a la carrera, as\u00ed que tendr\u00e9 la oportunidad de realizar ejercicios previos que me permitir\u00e1n \u2018sacarme\u2019 el viaje y adaptarme\u201d.<br \/>\nAntes de subir al avi\u00f3n, Natali envi\u00f3 un saludo a todos sus seguidores, adem\u00e1s de agradecer a quienes la apoyan en esta aventura. \u201cNo puedo dejar de dar las gracias a los apoyos reales que tengo como lo son: La Municipalidad de Santa Mar\u00eda, y la gesti\u00f3n de su alcalde, Claudio Zurita ha sido muy importante; a Kyes, Aventura Aconcagua, a Waldo Taller quien se encarga de la mantenci\u00f3n de mi bicicleta y Diario El Trabajo que me da la vitrina que permite que la gente sepa lo que hago\u201d, finaliz\u00f3 la destacada deportista aconcag\u00fcina.<\/p>\n<figure id=\"attachment_86314\" aria-describedby=\"caption-attachment-86314\" style=\"width: 579px\" class=\"wp-caption alignnone\"><img data-recalc-dims=\"1\" loading=\"lazy\" decoding=\"async\" class=\"size-full wp-image-86314\" src=\"https:\/\/i0.wp.com\/www.eltrabajo.cl\/portal\/wp-content\/uploads\/2018\/05\/natali-en-aeropuerto.jpg?resize=579%2C773\" alt=\"Ayer Natali Rosas parti\u00f3 rumbo a Sud\u00e1frica para ser parte de una fecha del Circuito Mundial de Deporte Aventura.\" width=\"579\" height=\"773\" srcset=\"https:\/\/i0.wp.com\/eltrabajo.cl\/portal\/wp-content\/uploads\/2018\/05\/natali-en-aeropuerto.jpg?w=579&amp;ssl=1 579w, https:\/\/i0.wp.com\/eltrabajo.cl\/portal\/wp-content\/uploads\/2018\/05\/natali-en-aeropuerto.jpg?resize=112%2C150&amp;ssl=1 112w, https:\/\/i0.wp.com\/eltrabajo.cl\/portal\/wp-content\/uploads\/2018\/05\/natali-en-aeropuerto.jpg?resize=225%2C300&amp;ssl=1 225w, https:\/\/i0.wp.com\/eltrabajo.cl\/portal\/wp-content\/uploads\/2018\/05\/natali-en-aeropuerto.jpg?resize=400%2C534&amp;ssl=1 400w\" sizes=\"auto, (max-width: 579px) 100vw, 579px\" \/><figcaption id=\"caption-attachment-86314\" class=\"wp-caption-text\">Ayer Natali Rosas parti\u00f3 rumbo a Sud\u00e1frica para ser parte de una fecha del Circuito Mundial de Deporte Aventura.<\/figcaption><\/figure>\n","protected":false},"excerpt":{"rendered":"<p>Al mediod\u00eda de ayer en un vuelo de Latam, la santamariana Natali Rosas emprendi\u00f3 rumbo hacia Ciudad del Cabo en Sud\u00e1frica, donde ser\u00e1 parte de una fecha del circuito Mundial del Deporte&#8230;<\/p>\n","protected":false},"author":1,"featured_media":86313,"comment_status":"open","ping_status":"open","sticky":false,"template":"","format":"standard","meta":{"advanced_seo_description":"","jetpack_seo_html_title":"","jetpack_seo_noindex":false,"_jetpack_memberships_contains_paid_content":false,"footnotes":""},"categories":[19],"tags":[],"class_list":["post-86312","post","type-post","status-publish","format-standard","has-post-thumbnail","hentry","category-deportes"],"jetpack_featured_media_url":"https:\/\/i0.wp.com\/eltrabajo.cl\/portal\/wp-content\/uploads\/2018\/05\/natali-en-aeropuerto-copia.jpg?fit=580%2C338&ssl=1","jetpack_sharing_enabled":true,"jetpack_likes_enabled":true,"jetpack-related-posts":[],"_links":{"self":[{"href":"https:\/\/eltrabajo.cl\/portal\/wp-json\/wp\/v2\/posts\/86312","targetHints":{"allow":["GET"]}}],"collection":[{"href":"https:\/\/eltrabajo.cl\/portal\/wp-json\/wp\/v2\/posts"}],"about":[{"href":"https:\/\/eltrabajo.cl\/portal\/wp-json\/wp\/v2\/types\/post"}],"author":[{"embeddable":true,"href":"https:\/\/eltrabajo.cl\/portal\/wp-json\/wp\/v2\/users\/1"}],"replies":[{"embeddable":true,"href":"https:\/\/eltrabajo.cl\/portal\/wp-json\/wp\/v2\/comments?post=86312"}],"version-history":[{"count":0,"href":"https:\/\/eltrabajo.cl\/portal\/wp-json\/wp\/v2\/posts\/86312\/revisions"}],"wp:featuredmedia":[{"embeddable":true,"href":"https:\/\/eltrabajo.cl\/portal\/wp-json\/wp\/v2\/media\/86313"}],"wp:attachment":[{"href":"https:\/\/eltrabajo.cl\/portal\/wp-json\/wp\/v2\/media?parent=86312"}],"wp:term":[{"taxonomy":"category","embeddable":true,"href":"https:\/\/eltrabajo.cl\/portal\/wp-json\/wp\/v2\/categories?post=86312"},{"taxonomy":"post_tag","embeddable":true,"href":"https:\/\/eltrabajo.cl\/portal\/wp-json\/wp\/v2\/tags?post=86312"}],"curies":[{"name":"wp","href":"https:\/\/api.w.org\/{rel}","templated":true}]}}