{"id":86321,"date":"2018-05-16T05:04:22","date_gmt":"2018-05-16T09:04:22","guid":{"rendered":"http:\/\/www.eltrabajo.cl\/2017\/?p=86321"},"modified":"2018-05-16T05:04:22","modified_gmt":"2018-05-16T09:04:22","slug":"reforma-educacional-avanza-pero-en-aconcagua-todo-seguira-igual","status":"publish","type":"post","link":"https:\/\/eltrabajo.cl\/portal\/reforma-educacional-avanza-pero-en-aconcagua-todo-seguira-igual\/","title":{"rendered":"Reforma Educacional avanza, pero en Aconcagua todo seguir\u00e1 igual"},"content":{"rendered":"<figure id=\"attachment_86322\" aria-describedby=\"caption-attachment-86322\" style=\"width: 580px\" class=\"wp-caption alignnone\"><img data-recalc-dims=\"1\" loading=\"lazy\" decoding=\"async\" class=\"size-full wp-image-86322\" src=\"https:\/\/i0.wp.com\/www.eltrabajo.cl\/portal\/wp-content\/uploads\/2018\/05\/Seremi_Patricia-Colarte.jpg?resize=580%2C423\" alt=\"Seremi de Educaci\u00f3n, Patricia Colarte.\" width=\"580\" height=\"423\" srcset=\"https:\/\/i0.wp.com\/eltrabajo.cl\/portal\/wp-content\/uploads\/2018\/05\/Seremi_Patricia-Colarte.jpg?w=580&amp;ssl=1 580w, https:\/\/i0.wp.com\/eltrabajo.cl\/portal\/wp-content\/uploads\/2018\/05\/Seremi_Patricia-Colarte.jpg?resize=200%2C146&amp;ssl=1 200w, https:\/\/i0.wp.com\/eltrabajo.cl\/portal\/wp-content\/uploads\/2018\/05\/Seremi_Patricia-Colarte.jpg?resize=300%2C219&amp;ssl=1 300w, https:\/\/i0.wp.com\/eltrabajo.cl\/portal\/wp-content\/uploads\/2018\/05\/Seremi_Patricia-Colarte.jpg?resize=206%2C150&amp;ssl=1 206w, https:\/\/i0.wp.com\/eltrabajo.cl\/portal\/wp-content\/uploads\/2018\/05\/Seremi_Patricia-Colarte.jpg?resize=400%2C292&amp;ssl=1 400w\" sizes=\"auto, (max-width: 580px) 100vw, 580px\" \/><figcaption id=\"caption-attachment-86322\" class=\"wp-caption-text\">Seremi de Educaci\u00f3n, Patricia Colarte.<\/figcaption><\/figure>\n<ul>\n<li><span style=\"color: #ff0000;\"><strong>Hasta 2022 evaluar\u00e1n Servicio Local que se implementar\u00e1 en 2020:<\/strong><\/span><\/li>\n<\/ul>\n<p>Para muchos de nuestros lectores ya es conocido que en el marco de la implementaci\u00f3n de la nueva legislaci\u00f3n -como parte de la Reforma Educacional- crear\u00e1 70 servicios locales de educaci\u00f3n p\u00fablica, los que brindar\u00e1n apoyo pedag\u00f3gico y administrativo a los establecimientos, adem\u00e1s de habilitar el trabajo en red para compartir experiencias exitosas y promover una mayor participaci\u00f3n de todos los actores para fortalecer los proyectos educativos con pertinencia local.<br \/>\nEn el caso puntual de la V Regi\u00f3n, ser\u00e1 hasta el a\u00f1o 2020 que se implemente el primer Servicio Local, lo que implica por lo tanto que en el Valle de Aconcagua las cosas seguir\u00e1n igual, pues a\u00fan ni existe fecha tentativa asignada para que nuestras comunas se integren a este nuevo modelo.<\/p>\n<p><span style=\"color: #ff0000;\"><strong>TODO SIGUE IGUAL<\/strong><\/span><br \/>\nAs\u00ed lo hizo ver la Seremi de Educaci\u00f3n Patricia Colarte a Diario El Trabajo, en una breve entrevista concedida ayer martes en horas de la ma\u00f1ana en Calle Larga.<br \/>\n\u00abEn la Regi\u00f3n de Valpara\u00edso para el a\u00f1o 2020, o sea en dos a\u00f1os m\u00e1s, est\u00e1 programado el primer Servicio Local, mismo que compromete a las comunas de Valpara\u00edso, Casa Blanca y Juan Fern\u00e1ndez, luego de eso durante los dos a\u00f1os que durar\u00e1 esa implementaci\u00f3n, habr\u00e1 una evaluaci\u00f3n casi llegando a 2022, y posterior a eso continuar\u00eda la incorporaci\u00f3n de otros servicios locales, este es un proceso que no es a plazo corto sino m\u00e1s bien a mediano plazo\u00bb, dijo la autoridad.<br \/>\n<strong>&#8211; \u00bfHay una fecha estimada para la incorporaci\u00f3n de los establecimientos del Valle de Aconcagua a uno de estos Servicios Locales?<\/strong><br \/>\n&#8211; En este momento no est\u00e1 definido, en la medida en que vamos avanzando en ese sentido se ir\u00e1 informando oportunamente, pero por el momento la claridad que tenemos es del primer Servicio Local ya mencionado.<br \/>\n<strong>&#8211; \u00bfContinuar\u00e1n entonces la Daem de cada comuna aconcag\u00fcina funcionando con normalidad entonces?<\/strong><br \/>\n&#8211; De manera paralela van a seguir funcionando los Departamentos de Educaci\u00f3n y el primer Servicio Local.<br \/>\n<strong>&#8211; Cuando usted habla de una primera evaluaci\u00f3n del Servicio Local anunciado, \u00bfa qu\u00e9 se refiere, ser\u00eda una evaluaci\u00f3n que podr\u00eda detener, desviar o potenciar lo que se haya logrado hasta esa fecha?<\/strong><br \/>\n&#8211; La idea es mejorar siempre el sistema. Hay una ley, las leyes est\u00e1n hechas para que se cumplan, pero tambi\u00e9n es importante una pol\u00edtica p\u00fablica que implica la inversi\u00f3n de muchos recursos que son recursos de todos los chilenos, implica que las cosas hay que hacerlas bien, por eso es importante que las pol\u00edticas p\u00fablicas se implementen de manera gradual y que se vayan evaluando para mejorar los procesos.<br \/>\n<strong>Roberto Gonz\u00e1lez Short<\/strong><\/p>\n","protected":false},"excerpt":{"rendered":"<p>Hasta 2022 evaluar\u00e1n Servicio Local que se implementar\u00e1 en 2020: Para muchos de nuestros lectores ya es conocido que en el marco de la implementaci\u00f3n de la nueva legislaci\u00f3n -como parte de&#8230;<\/p>\n","protected":false},"author":1,"featured_media":86322,"comment_status":"open","ping_status":"open","sticky":false,"template":"","format":"standard","meta":{"advanced_seo_description":"","jetpack_seo_html_title":"","jetpack_seo_noindex":false,"_jetpack_memberships_contains_paid_content":false,"footnotes":""},"categories":[1],"tags":[],"class_list":["post-86321","post","type-post","status-publish","format-standard","has-post-thumbnail","hentry","category-cronica"],"jetpack_featured_media_url":"https:\/\/i0.wp.com\/eltrabajo.cl\/portal\/wp-content\/uploads\/2018\/05\/Seremi_Patricia-Colarte.jpg?fit=580%2C423&ssl=1","jetpack_sharing_enabled":true,"jetpack_likes_enabled":true,"jetpack-related-posts":[],"_links":{"self":[{"href":"https:\/\/eltrabajo.cl\/portal\/wp-json\/wp\/v2\/posts\/86321","targetHints":{"allow":["GET"]}}],"collection":[{"href":"https:\/\/eltrabajo.cl\/portal\/wp-json\/wp\/v2\/posts"}],"about":[{"href":"https:\/\/eltrabajo.cl\/portal\/wp-json\/wp\/v2\/types\/post"}],"author":[{"embeddable":true,"href":"https:\/\/eltrabajo.cl\/portal\/wp-json\/wp\/v2\/users\/1"}],"replies":[{"embeddable":true,"href":"https:\/\/eltrabajo.cl\/portal\/wp-json\/wp\/v2\/comments?post=86321"}],"version-history":[{"count":0,"href":"https:\/\/eltrabajo.cl\/portal\/wp-json\/wp\/v2\/posts\/86321\/revisions"}],"wp:featuredmedia":[{"embeddable":true,"href":"https:\/\/eltrabajo.cl\/portal\/wp-json\/wp\/v2\/media\/86322"}],"wp:attachment":[{"href":"https:\/\/eltrabajo.cl\/portal\/wp-json\/wp\/v2\/media?parent=86321"}],"wp:term":[{"taxonomy":"category","embeddable":true,"href":"https:\/\/eltrabajo.cl\/portal\/wp-json\/wp\/v2\/categories?post=86321"},{"taxonomy":"post_tag","embeddable":true,"href":"https:\/\/eltrabajo.cl\/portal\/wp-json\/wp\/v2\/tags?post=86321"}],"curies":[{"name":"wp","href":"https:\/\/api.w.org\/{rel}","templated":true}]}}