{"id":86341,"date":"2018-05-17T05:02:07","date_gmt":"2018-05-17T09:02:07","guid":{"rendered":"http:\/\/www.eltrabajo.cl\/2017\/?p=86341"},"modified":"2018-05-17T05:02:07","modified_gmt":"2018-05-17T09:02:07","slug":"presentan-a-concurso-nacional-bici-silla-modificada-en-la-escuela-industrial","status":"publish","type":"post","link":"https:\/\/eltrabajo.cl\/portal\/presentan-a-concurso-nacional-bici-silla-modificada-en-la-escuela-industrial\/","title":{"rendered":"Presentan a concurso nacional bici-silla modificada en la Escuela Industrial"},"content":{"rendered":"<figure id=\"attachment_86343\" aria-describedby=\"caption-attachment-86343\" style=\"width: 580px\" class=\"wp-caption alignnone\"><img data-recalc-dims=\"1\" loading=\"lazy\" decoding=\"async\" class=\"size-full wp-image-86343\" src=\"https:\/\/i0.wp.com\/www.eltrabajo.cl\/portal\/wp-content\/uploads\/2018\/05\/Director-Andres-Vargas.jpg?resize=580%2C399\" alt=\"Andr\u00e9s Vargas Munita, Director de la Escuela Industrial de San Felipe.\" width=\"580\" height=\"399\" srcset=\"https:\/\/i0.wp.com\/eltrabajo.cl\/portal\/wp-content\/uploads\/2018\/05\/Director-Andres-Vargas.jpg?w=580&amp;ssl=1 580w, https:\/\/i0.wp.com\/eltrabajo.cl\/portal\/wp-content\/uploads\/2018\/05\/Director-Andres-Vargas.jpg?resize=200%2C138&amp;ssl=1 200w, https:\/\/i0.wp.com\/eltrabajo.cl\/portal\/wp-content\/uploads\/2018\/05\/Director-Andres-Vargas.jpg?resize=300%2C206&amp;ssl=1 300w, https:\/\/i0.wp.com\/eltrabajo.cl\/portal\/wp-content\/uploads\/2018\/05\/Director-Andres-Vargas.jpg?resize=218%2C150&amp;ssl=1 218w, https:\/\/i0.wp.com\/eltrabajo.cl\/portal\/wp-content\/uploads\/2018\/05\/Director-Andres-Vargas.jpg?resize=400%2C275&amp;ssl=1 400w\" sizes=\"auto, (max-width: 580px) 100vw, 580px\" \/><figcaption id=\"caption-attachment-86343\" class=\"wp-caption-text\">Andr\u00e9s Vargas Munita, Director de la Escuela Industrial de San Felipe.<\/figcaption><\/figure>\n<p>Contentos por el impacto que ha tenido la noticia relacionada con la construcci\u00f3n de una bici-silla est\u00e1n en la Escuela Industrial de San Felipe.<br \/>\nAs\u00ed se desprende de las declaraciones vertidas a nuestro medio por parte del director del establecimiento, Andr\u00e9s Vargas Munita, porque principalmente se ha transformado en una alegr\u00eda para un ni\u00f1o y la noticia ha sido de conocimiento nacional, lo que lo ha llevado a presentar este proyecto a nivel pa\u00eds a SNA Educa, entidad sostenedora del establecimiento.<br \/>\n<strong>&#8211; Director, \u00bfc\u00f3mo nace la idea de poder modificar esta bicicleta y transformarla en bici-silla, como se produce esta historia?<\/strong><br \/>\n&#8211; Esta es una familia que lleva a su hijo Franco a la escuela Sagrado Coraz\u00f3n y la directora de la escuela les plantea la inquietud, el deseo que participen en una cicletada, y con esa pena de que sus ni\u00f1os no pod\u00edan participar por el impedimento motor que tienen, ella misma, la directora, comenta que en la Escuela Industrial se hacen distintas iniciativas en un taller de construcciones met\u00e1licas, donde podr\u00edamos ver la posibilidad de unir la silla de ruedas a la bicicleta, entonces ella fue la que tom\u00f3 contacto con nosotros y nos deriv\u00f3 al pap\u00e1 de Franco para venir a estudiar la situaci\u00f3n aqu\u00ed en concreto.<br \/>\n<strong>&#8211; \u00bfAh\u00ed qu\u00e9 sucede? <\/strong><br \/>\n&#8211; Nuestros profesores de Construcciones Met\u00e1licas y los maestros del taller recogen el guante, dicen: \u2018S\u00ed, esto es factible\u2019; estudian ah\u00ed con un grupo de alumnos c\u00f3mo hacerlo. Efectivamente hab\u00eda que hacerle modificaciones a la bicicleta, particularmente en el \u00e1ngulo de inclinaci\u00f3n del manubrio, o sea de la rueda delantera que tiene que quedar en noventa grados para que la silla no se levante al momento de virar, ya lo planificaron, lo fueron haciendo hasta que dieron con la soluci\u00f3n; ten\u00edan unas piezas de bicicletas en desuso, entonces pudieron experimentar hasta dar con la buena f\u00f3rmula.<br \/>\n<strong>&#8211; \u00bfSe demoraron mucho tiempo en modificar la bici-silla?<\/strong><br \/>\n&#8211; Esto fue muy r\u00e1pido, porque ten\u00edan ese desaf\u00edo deportivo, entonces en el lapso de una semana sali\u00f3 el modelo.<br \/>\n<strong>&#8211; \u00bfQui\u00e9nes participaron en este trabajo?<\/strong><br \/>\n&#8211; Espec\u00edficamente los cerebros ah\u00ed, las manos inspiradas fueron los maestros Gabriel Castro y Augusto P\u00e9rez del taller de Construcciones Met\u00e1licas, asesorados o acompa\u00f1ados por los profesores de la especialidad y con algunos alumnos que aportaron bastante, porque hay unos ciclistas bien experimentados y ellos daban sus puntos de vista y metieron manos tambi\u00e9n.<br \/>\n<strong>&#8211; \u00bfHay convenios para entregar m\u00e1s bici-sillas al colegio Sagrado Coraz\u00f3n y peticiones particulares? <\/strong><br \/>\n&#8211; S\u00ed, la Escuela Industrial tiene una asignatura que se llama emprendimiento, para nosotros el emprendimiento, la capacidad de crear de nuestros ni\u00f1os es muy importante desarrollarla, siempre lo hemos dicho, a nosotros no nos interesa formar manipuladores u operadores de maquinarias, nos interesa gente que vaya a aportar al mundo de la producci\u00f3n, a la industria; esas habilidades creativas hay que ir desarroll\u00e1ndolas de apoco, por eso cuando llega esta iniciativa, nosotros la transformamos en un proyecto de emprendimiento e incluso lo acabamos de presentar a un concurso de emprendimiento que se hace a nivel nacional en la corporaci\u00f3n que es nuestra sostenedora (SNA Educa) y para eso me puse de acuerdo con la directora del colegio Sagrado Coraz\u00f3n y nos comprometimos a entregarle diez bici-sillas para que ellos tengan en el establecimiento y puedan ofrecerlas a sus apoderados.<br \/>\n<strong>&#8211; \u00bfHay solicitudes de privados? <\/strong><br \/>\n&#8211; S\u00ed, efectivamente, ha sido muy bonito, hemos recibido tanto aportes como el Rotary Club de San Felipe que nos don\u00f3 unas bicicletas que ten\u00edan ah\u00ed a disposici\u00f3n, tambi\u00e9n particulares, empresas que quieren auspiciar esta iniciativa y solicitudes de particulares que tienen la misma necesidad y que es muy bonito porque hay un drama detr\u00e1s de esto, m\u00e1s all\u00e1 del gusto o la satisfacci\u00f3n de un pap\u00e1 ayudarle a experimentar a un ni\u00f1o lo que es andar en bicicleta, es una cuesti\u00f3n de transporte, o sea movilizarse con un ni\u00f1o grande, adolescente, en el transporte p\u00fablico con estas limitaciones motrices es complejo, a veces nos contaba que los colectivos no les paran porque es todo un l\u00edo, entonces darle esta autonom\u00eda a la familia para que se movilice con su hijo es maravilloso.<\/p>\n<figure id=\"attachment_86342\" aria-describedby=\"caption-attachment-86342\" style=\"width: 580px\" class=\"wp-caption alignnone\"><img data-recalc-dims=\"1\" loading=\"lazy\" decoding=\"async\" class=\"size-full wp-image-86342\" src=\"https:\/\/i0.wp.com\/www.eltrabajo.cl\/portal\/wp-content\/uploads\/2018\/05\/bicisilla.jpg?resize=580%2C399\" alt=\"Franco y su padre en la bici-silla que lleg\u00f3 a convertirse en noticia nacional.\" width=\"580\" height=\"399\" srcset=\"https:\/\/i0.wp.com\/eltrabajo.cl\/portal\/wp-content\/uploads\/2018\/05\/bicisilla.jpg?w=580&amp;ssl=1 580w, https:\/\/i0.wp.com\/eltrabajo.cl\/portal\/wp-content\/uploads\/2018\/05\/bicisilla.jpg?resize=200%2C138&amp;ssl=1 200w, https:\/\/i0.wp.com\/eltrabajo.cl\/portal\/wp-content\/uploads\/2018\/05\/bicisilla.jpg?resize=300%2C206&amp;ssl=1 300w, https:\/\/i0.wp.com\/eltrabajo.cl\/portal\/wp-content\/uploads\/2018\/05\/bicisilla.jpg?resize=218%2C150&amp;ssl=1 218w, https:\/\/i0.wp.com\/eltrabajo.cl\/portal\/wp-content\/uploads\/2018\/05\/bicisilla.jpg?resize=400%2C275&amp;ssl=1 400w\" sizes=\"auto, (max-width: 580px) 100vw, 580px\" \/><figcaption id=\"caption-attachment-86342\" class=\"wp-caption-text\">Franco y su padre en la bici-silla que lleg\u00f3 a convertirse en noticia nacional.<\/figcaption><\/figure>\n","protected":false},"excerpt":{"rendered":"<p>Contentos por el impacto que ha tenido la noticia relacionada con la construcci\u00f3n de una bici-silla est\u00e1n en la Escuela Industrial de San Felipe. As\u00ed se desprende de las declaraciones vertidas a&#8230;<\/p>\n","protected":false},"author":1,"featured_media":86342,"comment_status":"open","ping_status":"open","sticky":false,"template":"","format":"standard","meta":{"advanced_seo_description":"","jetpack_seo_html_title":"","jetpack_seo_noindex":false,"_jetpack_memberships_contains_paid_content":false,"footnotes":""},"categories":[1],"tags":[],"class_list":["post-86341","post","type-post","status-publish","format-standard","has-post-thumbnail","hentry","category-cronica"],"jetpack_featured_media_url":"https:\/\/i0.wp.com\/eltrabajo.cl\/portal\/wp-content\/uploads\/2018\/05\/bicisilla.jpg?fit=580%2C399&ssl=1","jetpack_sharing_enabled":true,"jetpack_likes_enabled":true,"jetpack-related-posts":[],"_links":{"self":[{"href":"https:\/\/eltrabajo.cl\/portal\/wp-json\/wp\/v2\/posts\/86341","targetHints":{"allow":["GET"]}}],"collection":[{"href":"https:\/\/eltrabajo.cl\/portal\/wp-json\/wp\/v2\/posts"}],"about":[{"href":"https:\/\/eltrabajo.cl\/portal\/wp-json\/wp\/v2\/types\/post"}],"author":[{"embeddable":true,"href":"https:\/\/eltrabajo.cl\/portal\/wp-json\/wp\/v2\/users\/1"}],"replies":[{"embeddable":true,"href":"https:\/\/eltrabajo.cl\/portal\/wp-json\/wp\/v2\/comments?post=86341"}],"version-history":[{"count":0,"href":"https:\/\/eltrabajo.cl\/portal\/wp-json\/wp\/v2\/posts\/86341\/revisions"}],"wp:featuredmedia":[{"embeddable":true,"href":"https:\/\/eltrabajo.cl\/portal\/wp-json\/wp\/v2\/media\/86342"}],"wp:attachment":[{"href":"https:\/\/eltrabajo.cl\/portal\/wp-json\/wp\/v2\/media?parent=86341"}],"wp:term":[{"taxonomy":"category","embeddable":true,"href":"https:\/\/eltrabajo.cl\/portal\/wp-json\/wp\/v2\/categories?post=86341"},{"taxonomy":"post_tag","embeddable":true,"href":"https:\/\/eltrabajo.cl\/portal\/wp-json\/wp\/v2\/tags?post=86341"}],"curies":[{"name":"wp","href":"https:\/\/api.w.org\/{rel}","templated":true}]}}