{"id":86382,"date":"2018-05-22T05:03:22","date_gmt":"2018-05-22T09:03:22","guid":{"rendered":"http:\/\/www.eltrabajo.cl\/2017\/?p=86382"},"modified":"2018-05-22T05:03:22","modified_gmt":"2018-05-22T09:03:22","slug":"rossana-villarreal-recibe-silla-de-ruedas-y-pension-de-invalidez","status":"publish","type":"post","link":"https:\/\/eltrabajo.cl\/portal\/rossana-villarreal-recibe-silla-de-ruedas-y-pension-de-invalidez\/","title":{"rendered":"Rossana Villarreal recibe silla de ruedas y pensi\u00f3n de invalidez"},"content":{"rendered":"<figure id=\"attachment_86383\" aria-describedby=\"caption-attachment-86383\" style=\"width: 580px\" class=\"wp-caption alignnone\"><img data-recalc-dims=\"1\" loading=\"lazy\" decoding=\"async\" class=\"size-full wp-image-86383\" src=\"https:\/\/i0.wp.com\/www.eltrabajo.cl\/portal\/wp-content\/uploads\/2018\/05\/Silla1.jpg?resize=580%2C413\" alt=\"La m\u00e1xima autoridad provincial fue hasta el hogar de Rossana Villarreal en el sector de El Totoral para hacer entrega de una silla de ruedas y una pensi\u00f3n de invalidez para ayudarla en su vida diaria. \" width=\"580\" height=\"413\" srcset=\"https:\/\/i0.wp.com\/eltrabajo.cl\/portal\/wp-content\/uploads\/2018\/05\/Silla1.jpg?w=580&amp;ssl=1 580w, https:\/\/i0.wp.com\/eltrabajo.cl\/portal\/wp-content\/uploads\/2018\/05\/Silla1.jpg?resize=200%2C142&amp;ssl=1 200w, https:\/\/i0.wp.com\/eltrabajo.cl\/portal\/wp-content\/uploads\/2018\/05\/Silla1.jpg?resize=300%2C214&amp;ssl=1 300w, https:\/\/i0.wp.com\/eltrabajo.cl\/portal\/wp-content\/uploads\/2018\/05\/Silla1.jpg?resize=211%2C150&amp;ssl=1 211w, https:\/\/i0.wp.com\/eltrabajo.cl\/portal\/wp-content\/uploads\/2018\/05\/Silla1.jpg?resize=400%2C285&amp;ssl=1 400w\" sizes=\"auto, (max-width: 580px) 100vw, 580px\" \/><figcaption id=\"caption-attachment-86383\" class=\"wp-caption-text\">La m\u00e1xima autoridad provincial fue hasta el hogar de Rossana Villarreal en el sector de El Totoral para hacer entrega de una silla de ruedas y una pensi\u00f3n de invalidez para ayudarla en su vida diaria.<\/figcaption><\/figure>\n<ul>\n<li><span style=\"color: #ff0000;\"><strong>Gobernador Rodr\u00edguez la visit\u00f3 para entregarle los recursos:<\/strong><\/span><\/li>\n<\/ul>\n<p>Agradecida, as\u00ed estaba Rossana Villarreal al momento en que el gobernador Claudio Rodr\u00edguez Cataldo arrib\u00f3 hasta su hogar en el sector de El Totoral. En compa\u00f1\u00eda de su madre, Rossana recibi\u00f3 al jefe provincial, quien lleg\u00f3 con la silla de ruedas y el documento que acreditaba el beneficio junto a una pensi\u00f3n de invalidez de $104.000 mensuales.<br \/>\nEl gobernador Claudio Rodr\u00edguez manifest\u00f3 que \u00abestos son los momentos que a uno lo hacen sentir gratificado con creces por los sacrificios, esfuerzos, que el cargo de gobernador le pueda implicar. La verdad es que estoy feliz de haber venido a nombre del Presidente de la Rep\u00fablica, Sebasti\u00e1n Pi\u00f1era, para entregarle a Rossana esta silla de ruedas que como ella dec\u00eda, usted me ha regalado los pies. Emociona escuchar esas declaraciones y su historia de esfuerzo, su historia de trabajo al igual que la de su mam\u00e1, que la ha acompa\u00f1ado durante todo este tiempo. Emociona ver el positivismo que ella tiene y queda el compromiso de acompa\u00f1arla en esta otra etapa donde ha hecho sus estudios superiores de contador auditor. Estoy contento y feliz de estar en esta actividad y de conocerla junto a su madre de poder hacer entrega de este aporte a nombre del Presidente Pi\u00f1era\u00bb.<br \/>\nPor su parte la beneficiada, Rosanna Villarreal, expres\u00f3 que \u00abel gobernador me ha regalado los pies para seguir en la lucha de la vida que no es f\u00e1cil. No es f\u00e1cil para nadie, menos para m\u00ed. Soy contador auditor de la Universidad de Aconcagua con la lucha de todo, ac\u00e1 no hay nadie quien no haya puesto su grano de arena para lograr eso. Muy agradecida de la Gobernaci\u00f3n y de todo San Felipe\u00bb.<br \/>\nDestacar que Rossana es titulada de contador auditor, realiz\u00f3 sus estudios en la Universidad de Aconcagua, su madre la acompa\u00f1\u00f3 durante los a\u00f1os de estudio. En la actualidad, alfabetiza a adultos mayores en su casa de manera gratuita.<\/p>\n<figure id=\"attachment_86384\" aria-describedby=\"caption-attachment-86384\" style=\"width: 579px\" class=\"wp-caption alignnone\"><img data-recalc-dims=\"1\" loading=\"lazy\" decoding=\"async\" class=\"size-full wp-image-86384\" src=\"https:\/\/i0.wp.com\/www.eltrabajo.cl\/portal\/wp-content\/uploads\/2018\/05\/Silla_Rossana-Villarreal.jpg?resize=579%2C585\" alt=\"La joven profesional Rossana Villarreal recibi\u00f3 con alegr\u00eda los recursos, y agradeci\u00f3 a toda la comunidad sanfelipe\u00f1a.\" width=\"579\" height=\"585\" srcset=\"https:\/\/i0.wp.com\/eltrabajo.cl\/portal\/wp-content\/uploads\/2018\/05\/Silla_Rossana-Villarreal.jpg?w=579&amp;ssl=1 579w, https:\/\/i0.wp.com\/eltrabajo.cl\/portal\/wp-content\/uploads\/2018\/05\/Silla_Rossana-Villarreal.jpg?resize=148%2C150&amp;ssl=1 148w, https:\/\/i0.wp.com\/eltrabajo.cl\/portal\/wp-content\/uploads\/2018\/05\/Silla_Rossana-Villarreal.jpg?resize=297%2C300&amp;ssl=1 297w, https:\/\/i0.wp.com\/eltrabajo.cl\/portal\/wp-content\/uploads\/2018\/05\/Silla_Rossana-Villarreal.jpg?resize=400%2C404&amp;ssl=1 400w\" sizes=\"auto, (max-width: 579px) 100vw, 579px\" \/><figcaption id=\"caption-attachment-86384\" class=\"wp-caption-text\">La joven profesional Rossana Villarreal recibi\u00f3 con alegr\u00eda los recursos, y agradeci\u00f3 a toda la comunidad sanfelipe\u00f1a.<\/figcaption><\/figure>\n","protected":false},"excerpt":{"rendered":"<p>Gobernador Rodr\u00edguez la visit\u00f3 para entregarle los recursos: Agradecida, as\u00ed estaba Rossana Villarreal al momento en que el gobernador Claudio Rodr\u00edguez Cataldo arrib\u00f3 hasta su hogar en el sector de El Totoral&#8230;.<\/p>\n","protected":false},"author":1,"featured_media":86383,"comment_status":"open","ping_status":"open","sticky":false,"template":"","format":"standard","meta":{"advanced_seo_description":"","jetpack_seo_html_title":"","jetpack_seo_noindex":false,"_jetpack_memberships_contains_paid_content":false,"footnotes":""},"categories":[1],"tags":[],"class_list":["post-86382","post","type-post","status-publish","format-standard","has-post-thumbnail","hentry","category-cronica"],"jetpack_featured_media_url":"https:\/\/i0.wp.com\/eltrabajo.cl\/portal\/wp-content\/uploads\/2018\/05\/Silla1.jpg?fit=580%2C413&ssl=1","jetpack_sharing_enabled":true,"jetpack_likes_enabled":true,"jetpack-related-posts":[],"_links":{"self":[{"href":"https:\/\/eltrabajo.cl\/portal\/wp-json\/wp\/v2\/posts\/86382","targetHints":{"allow":["GET"]}}],"collection":[{"href":"https:\/\/eltrabajo.cl\/portal\/wp-json\/wp\/v2\/posts"}],"about":[{"href":"https:\/\/eltrabajo.cl\/portal\/wp-json\/wp\/v2\/types\/post"}],"author":[{"embeddable":true,"href":"https:\/\/eltrabajo.cl\/portal\/wp-json\/wp\/v2\/users\/1"}],"replies":[{"embeddable":true,"href":"https:\/\/eltrabajo.cl\/portal\/wp-json\/wp\/v2\/comments?post=86382"}],"version-history":[{"count":0,"href":"https:\/\/eltrabajo.cl\/portal\/wp-json\/wp\/v2\/posts\/86382\/revisions"}],"wp:featuredmedia":[{"embeddable":true,"href":"https:\/\/eltrabajo.cl\/portal\/wp-json\/wp\/v2\/media\/86383"}],"wp:attachment":[{"href":"https:\/\/eltrabajo.cl\/portal\/wp-json\/wp\/v2\/media?parent=86382"}],"wp:term":[{"taxonomy":"category","embeddable":true,"href":"https:\/\/eltrabajo.cl\/portal\/wp-json\/wp\/v2\/categories?post=86382"},{"taxonomy":"post_tag","embeddable":true,"href":"https:\/\/eltrabajo.cl\/portal\/wp-json\/wp\/v2\/tags?post=86382"}],"curies":[{"name":"wp","href":"https:\/\/api.w.org\/{rel}","templated":true}]}}