{"id":86386,"date":"2018-05-22T05:04:49","date_gmt":"2018-05-22T09:04:49","guid":{"rendered":"http:\/\/www.eltrabajo.cl\/2017\/?p=86386"},"modified":"2018-05-22T05:04:49","modified_gmt":"2018-05-22T09:04:49","slug":"fui-el-segundo-en-poner-mi-cargo-a-disposicion-del-santo-padre-el-papa-francisco","status":"publish","type":"post","link":"https:\/\/eltrabajo.cl\/portal\/fui-el-segundo-en-poner-mi-cargo-a-disposicion-del-santo-padre-el-papa-francisco\/","title":{"rendered":"\u00abFui el segundo en poner mi cargo a disposici\u00f3n del Santo Padre, el Papa Francisco\u00bb"},"content":{"rendered":"<figure id=\"attachment_86388\" aria-describedby=\"caption-attachment-86388\" style=\"width: 578px\" class=\"wp-caption alignnone\"><img data-recalc-dims=\"1\" loading=\"lazy\" decoding=\"async\" class=\"size-full wp-image-86388\" src=\"https:\/\/i0.wp.com\/www.eltrabajo.cl\/portal\/wp-content\/uploads\/2018\/05\/Papa3.jpg?resize=578%2C375\" alt=\"Monse\u00f1or Cristian Contreras junto al Papa Francisco, lo que muestra la cercan\u00eda de Cristian con el sumo pont\u00edfice.\" width=\"578\" height=\"375\" srcset=\"https:\/\/i0.wp.com\/eltrabajo.cl\/portal\/wp-content\/uploads\/2018\/05\/Papa3.jpg?w=578&amp;ssl=1 578w, https:\/\/i0.wp.com\/eltrabajo.cl\/portal\/wp-content\/uploads\/2018\/05\/Papa3.jpg?resize=200%2C130&amp;ssl=1 200w, https:\/\/i0.wp.com\/eltrabajo.cl\/portal\/wp-content\/uploads\/2018\/05\/Papa3.jpg?resize=300%2C195&amp;ssl=1 300w, https:\/\/i0.wp.com\/eltrabajo.cl\/portal\/wp-content\/uploads\/2018\/05\/Papa3.jpg?resize=231%2C150&amp;ssl=1 231w, https:\/\/i0.wp.com\/eltrabajo.cl\/portal\/wp-content\/uploads\/2018\/05\/Papa3.jpg?resize=400%2C260&amp;ssl=1 400w\" sizes=\"auto, (max-width: 578px) 100vw, 578px\" \/><figcaption id=\"caption-attachment-86388\" class=\"wp-caption-text\">Monse\u00f1or Cristian Contreras junto al Papa Francisco, lo que muestra la cercan\u00eda de Cristian con el sumo pont\u00edfice.<\/figcaption><\/figure>\n<ul>\n<li><span style=\"color: #ff0000;\"><strong>Obispo de la Di\u00f3cesis de Aconcagua Cristian Contreras:<\/strong><\/span><\/li>\n<\/ul>\n<p>El viernes en la ma\u00f1ana regres\u00f3 desde Roma y despu\u00e9s de un viaje de 16 horas en un vuelo directo de Ali Italia, Monse\u00f1or Cristian Contreras Molina, obispo del Valle de Aconcagua habl\u00f3 con nuestro medio luego de reunirse con el Papa Francisco.<br \/>\nComo sabe la opini\u00f3n p\u00fablica, el 8 de abril el Papa Francisco cit\u00f3 a Roma a trav\u00e9s de una carta a los 34 obispos de la Iglesia Cat\u00f3lica de Chile.<br \/>\nEn la carta seg\u00fan Monse\u00f1or Contreras Molina, el sumo pont\u00edfice les hac\u00eda ver el porqu\u00e9 de la cita \u00abeste porqu\u00e9 era porque \u00e9l estaba muy triste debido a que en Chile nosotros precisamente los pastores no habr\u00edamos actuado acorde a las situaciones que han vivido no s\u00f3lo las v\u00edctimas de Karadima, sino que tambi\u00e9n tantas v\u00edctimas a lo largo de pa\u00eds, adem\u00e1s, no s\u00f3lo de abusos sexuales, sino que tambi\u00e9n abusos de poder que tanto da\u00f1o hacen, la Iglesia encabezada por el Papa est\u00e1 muy triste y eso se los hizo sentir y ver, porque \u00e9l tambi\u00e9n tiene informaci\u00f3n all\u00e1\u00bb.<br \/>\nCuenta que \u00e9l lleg\u00f3 el s\u00e1bado a Roma, pensando que el lunes el Papa los iba a recibir, sin embargo el d\u00eda elegido fue el martes.<br \/>\nComenta que despu\u00e9s de hacer una oraci\u00f3n los reuni\u00f3 en una sala que llamada Auleta, al lado del aula grande Pablo VI y en ese lugar \u00e9l Papa sentado en un escritorio les ley\u00f3 un documento, terminado la lectura del mismo los conmin\u00f3 a que se fueran a meditar para encontrarse al d\u00eda siguiente.<br \/>\nActo seguido cada uno se fue a la Casa Santa Marta a meditar \u00ablo que \u00e9l en el fondo nos dec\u00eda en cuanto a que el Papa cree que esta iglesia que fue en muchos momentos pregonera y que fue tambi\u00e9n prof\u00e9tica en cuanto a anunciar y denunciar los atropellos a los derechos humanos a la dignidad del ser humano, que defendi\u00f3 a los heridos a los exiliados, pues bien se termina ese momento y llega la democracia y es como que esta iglesia queda sin un discurso, entonces y fue ah\u00ed que dej\u00f3 de ser prof\u00e9tica y empez\u00f3 a centrarse m\u00e1s en ella misma que en los problemas sociales, los problemas del ser humano\u00bb, indic\u00f3 Contreras.<br \/>\nEn todas estas reuniones el Papa les comunic\u00f3 que tomar\u00eda decisiones a corto, mediano y largo plazo, \u00abentonces nosotros y especialmente yo lo puedo decir con toda tranquilidad, fui uno de los primeros, el segundo m\u00e1s bien dicho, en firmar, donde digo yo pongo mi cargo a disposici\u00f3n del Santo Padre el Papa Francisco, de tal manera cuando \u00e9l quiera y lo necesite que el Obispo de San Felipe no est\u00e1 a la altura o no es el hombre indicado o por su edad debiera estar descansando yo feliz, feliz me voy, porque el centro no soy yo, el centro tampoco es la iglesia, el centro es Jesucristo y las victimas\u00bb, se\u00f1al\u00f3.<br \/>\n<strong>&#8211; \u00bfMonse\u00f1or qu\u00e9 debiera pasar con todo esto? <\/strong><br \/>\n&#8211; Lo que le puedo decir es que debiera pasar conmigo y mi iglesia, lo primero que quiero que pasara es que cada sacerdote debiera retomar su ideal, el porqu\u00e9 se hizo sacerdote, por qu\u00e9 escogi\u00f3 esta vocaci\u00f3n y por lo tanto tiene que estar ajeno a todo poder, tiene que estar centrado en Jesucristo y no centrado en s\u00ed mismo, tiene que estar centrado en una iglesia servidora, servidora de los pobres, migrantes, encarcelados, de los abusados, de los ni\u00f1os, una iglesia de puertas afuera, en salida eso es lo que yo quiero, una iglesia no encerrada en s\u00ed misma, no ensimismada, no defendiendo sus derechos si es que los pudiera tener o su poder si lo pudiera tener, tenemos que defender el derecho de los otros aquellos que nos han sido encomendados y eso ser\u00e1 mi lucha, mi trabajo, ese ser\u00e1 mi futuro, yo estar\u00e9 en San Felipe hasta cuando Dios y el Papa lo quiera, pero no voy a estar sentado, voy a estar trabajando.<br \/>\n<strong>&#8211; \u00bfMonse\u00f1or en la interna suya siente que lo ha hecho bien ac\u00e1 en el Valle del Aconcagua, se siente tranquilo con su conciencia de c\u00f3mo usted ha actuado frente a abusos sexuales por parte de sacerdotes de ac\u00e1? <\/strong><br \/>\n&#8211; Creo que las evaluaciones subjetivas no son sanas, yo creo que las evaluaciones tienen que hacerlas aquellas personas que a m\u00ed me han visto como les presido las eucarist\u00edas, si me han visto como los trato, si ellos han visto que yo soy un obispo que paso en la oficina, que tengo chofer que ando de aeropuerto en aeropuerto, yo vivo en la Di\u00f3cesis, yo le puedo decir las cosas que a m\u00ed me interesan, yo desde que fui elegido obispo yo segu\u00ed el estilo de vida que ten\u00eda, de hecho me fui del obispado de San Felipe ubicado frente a la plaza porque consider\u00e9 que esa casa no era para m\u00ed, esa casa era muy grande, muy gastadora y le llamaban el palacio episcopal, yo me fui a una casa chica porque lo he dicho m\u00e1s de una vez yo no provengo de una familia rica, al contrario, mi madre QEPD, qued\u00f3 viuda a los 26 a\u00f1os, mi padre muri\u00f3 a los 28 a\u00f1os y desde ese entonces nosotros sus dos hijos tuvimos que criarnos con nuestros abuelos mientras ellos trabajaban, entonces yo nunca he vivido en la riqueza no la conozco, no me hayo con ella , ahora en el tema del cual estamos hablando -abusos sexuales- a m\u00ed nadie me puede decir que yo siendo obispo de San Felipe me encontr\u00e9 con una confesi\u00f3n de un cura y lo hice desaparecer porque lo mand\u00e9 a otra Di\u00f3cesis a otra parroquia o fuera del pa\u00eds, eso no ha sido as\u00ed, todos han sido castigados, investigados por la justicia can\u00f3nica y la mayor\u00eda de ellos por la justicia civil, dicho de paso tenemos a Sergio Benavides expulsado del ministerio, el padre Francisco quien pidi\u00f3 la dimisi\u00f3n al Papa Francisco y \u00e9l se la concedi\u00f3, tambi\u00e9n lo liber\u00f3 del celibato y as\u00ed todos los otros, que hice con el padre Ra\u00fal Inostroza, \u00bfusted cree que los dej\u00e9 un d\u00eda m\u00e1s en la Andacollo? lo relev\u00e9, lo saqu\u00e9 de ah\u00ed y despu\u00e9s lo somet\u00ed a un proceso penal administrativo hasta que lo cumpli\u00f3 y \u00e9l ahora no vuelve m\u00e1s a esa Di\u00f3cesis, porque ya est\u00e1 viejo y est\u00e1 viviendo con su familia y as\u00ed sucesivamente, entonces desde ese punto de vista yo creo que s\u00ed puedo decir con toda la honestidad que creo tener, que a lo mejor no he sido lo suficientemente prolijo en estar con las v\u00edctimas a algunas la he visitado otras no est\u00e1n por ac\u00e1, desaparecieron de ac\u00e1, imag\u00ednese lo de Benavides pas\u00f3 no se 20 a\u00f1os, pero de todas maneras yo no quiero justificar esto, lo que quiero decir es que las v\u00edctimas deben ser nuestra preocupaci\u00f3n eso es lo primero, las v\u00edctimas.<\/p>\n<figure id=\"attachment_86387\" aria-describedby=\"caption-attachment-86387\" style=\"width: 579px\" class=\"wp-caption alignnone\"><img data-recalc-dims=\"1\" loading=\"lazy\" decoding=\"async\" class=\"size-full wp-image-86387\" src=\"https:\/\/i0.wp.com\/www.eltrabajo.cl\/portal\/wp-content\/uploads\/2018\/05\/Papa_Cristian-Contreras.jpg?resize=579%2C620\" alt=\"Monse\u00f1or Cristian Contreras, obispo de la Di\u00f3cesis Aconcagua.\" width=\"579\" height=\"620\" srcset=\"https:\/\/i0.wp.com\/eltrabajo.cl\/portal\/wp-content\/uploads\/2018\/05\/Papa_Cristian-Contreras.jpg?w=579&amp;ssl=1 579w, https:\/\/i0.wp.com\/eltrabajo.cl\/portal\/wp-content\/uploads\/2018\/05\/Papa_Cristian-Contreras.jpg?resize=140%2C150&amp;ssl=1 140w, https:\/\/i0.wp.com\/eltrabajo.cl\/portal\/wp-content\/uploads\/2018\/05\/Papa_Cristian-Contreras.jpg?resize=280%2C300&amp;ssl=1 280w, https:\/\/i0.wp.com\/eltrabajo.cl\/portal\/wp-content\/uploads\/2018\/05\/Papa_Cristian-Contreras.jpg?resize=400%2C428&amp;ssl=1 400w\" sizes=\"auto, (max-width: 579px) 100vw, 579px\" \/><figcaption id=\"caption-attachment-86387\" class=\"wp-caption-text\">Monse\u00f1or Cristian Contreras, obispo de la Di\u00f3cesis Aconcagua.<\/figcaption><\/figure>\n","protected":false},"excerpt":{"rendered":"<p>Obispo de la Di\u00f3cesis de Aconcagua Cristian Contreras: El viernes en la ma\u00f1ana regres\u00f3 desde Roma y despu\u00e9s de un viaje de 16 horas en un vuelo directo de Ali Italia, Monse\u00f1or&#8230;<\/p>\n","protected":false},"author":1,"featured_media":86388,"comment_status":"open","ping_status":"open","sticky":false,"template":"","format":"standard","meta":{"advanced_seo_description":"","jetpack_seo_html_title":"","jetpack_seo_noindex":false,"_jetpack_memberships_contains_paid_content":false,"footnotes":""},"categories":[1],"tags":[],"class_list":["post-86386","post","type-post","status-publish","format-standard","has-post-thumbnail","hentry","category-cronica"],"jetpack_featured_media_url":"https:\/\/i0.wp.com\/eltrabajo.cl\/portal\/wp-content\/uploads\/2018\/05\/Papa3.jpg?fit=578%2C375&ssl=1","jetpack_sharing_enabled":true,"jetpack_likes_enabled":true,"jetpack-related-posts":[],"_links":{"self":[{"href":"https:\/\/eltrabajo.cl\/portal\/wp-json\/wp\/v2\/posts\/86386","targetHints":{"allow":["GET"]}}],"collection":[{"href":"https:\/\/eltrabajo.cl\/portal\/wp-json\/wp\/v2\/posts"}],"about":[{"href":"https:\/\/eltrabajo.cl\/portal\/wp-json\/wp\/v2\/types\/post"}],"author":[{"embeddable":true,"href":"https:\/\/eltrabajo.cl\/portal\/wp-json\/wp\/v2\/users\/1"}],"replies":[{"embeddable":true,"href":"https:\/\/eltrabajo.cl\/portal\/wp-json\/wp\/v2\/comments?post=86386"}],"version-history":[{"count":0,"href":"https:\/\/eltrabajo.cl\/portal\/wp-json\/wp\/v2\/posts\/86386\/revisions"}],"wp:featuredmedia":[{"embeddable":true,"href":"https:\/\/eltrabajo.cl\/portal\/wp-json\/wp\/v2\/media\/86388"}],"wp:attachment":[{"href":"https:\/\/eltrabajo.cl\/portal\/wp-json\/wp\/v2\/media?parent=86386"}],"wp:term":[{"taxonomy":"category","embeddable":true,"href":"https:\/\/eltrabajo.cl\/portal\/wp-json\/wp\/v2\/categories?post=86386"},{"taxonomy":"post_tag","embeddable":true,"href":"https:\/\/eltrabajo.cl\/portal\/wp-json\/wp\/v2\/tags?post=86386"}],"curies":[{"name":"wp","href":"https:\/\/api.w.org\/{rel}","templated":true}]}}