{"id":86414,"date":"2018-05-23T05:03:21","date_gmt":"2018-05-23T09:03:21","guid":{"rendered":"http:\/\/www.eltrabajo.cl\/2017\/?p=86414"},"modified":"2018-05-23T05:03:21","modified_gmt":"2018-05-23T09:03:21","slug":"preocupa-alto-numero-de-llamados-a-emergencia-denunciando-fugas-de-gas","status":"publish","type":"post","link":"https:\/\/eltrabajo.cl\/portal\/preocupa-alto-numero-de-llamados-a-emergencia-denunciando-fugas-de-gas\/","title":{"rendered":"Preocupa alto n\u00famero de llamados a emergencia denunciando fugas de gas"},"content":{"rendered":"<figure id=\"attachment_86415\" aria-describedby=\"caption-attachment-86415\" style=\"width: 580px\" class=\"wp-caption alignnone\"><img data-recalc-dims=\"1\" loading=\"lazy\" decoding=\"async\" class=\"size-full wp-image-86415\" src=\"https:\/\/i0.wp.com\/www.eltrabajo.cl\/portal\/wp-content\/uploads\/2018\/05\/fuga-gas.jpg?resize=580%2C400\" alt=\"Bomberos trabajando frente al ex \u2013 supermercado La Do\u00f1ita el viernes.\" width=\"580\" height=\"400\" srcset=\"https:\/\/i0.wp.com\/eltrabajo.cl\/portal\/wp-content\/uploads\/2018\/05\/fuga-gas.jpg?w=580&amp;ssl=1 580w, https:\/\/i0.wp.com\/eltrabajo.cl\/portal\/wp-content\/uploads\/2018\/05\/fuga-gas.jpg?resize=200%2C138&amp;ssl=1 200w, https:\/\/i0.wp.com\/eltrabajo.cl\/portal\/wp-content\/uploads\/2018\/05\/fuga-gas.jpg?resize=300%2C207&amp;ssl=1 300w, https:\/\/i0.wp.com\/eltrabajo.cl\/portal\/wp-content\/uploads\/2018\/05\/fuga-gas.jpg?resize=218%2C150&amp;ssl=1 218w, https:\/\/i0.wp.com\/eltrabajo.cl\/portal\/wp-content\/uploads\/2018\/05\/fuga-gas.jpg?resize=400%2C276&amp;ssl=1 400w\" sizes=\"auto, (max-width: 580px) 100vw, 580px\" \/><figcaption id=\"caption-attachment-86415\" class=\"wp-caption-text\">Bomberos trabajando frente al ex \u2013 supermercado La Do\u00f1ita el viernes.<\/figcaption><\/figure>\n<ul>\n<li><span style=\"color: #ff0000;\"><strong>Bomberos de San Felipe:<\/strong><\/span><\/li>\n<\/ul>\n<p>De dos a tres llamados diarios por fuga de gas est\u00e1 recibiendo la Central de Comunicaciones de Bomberos de San Felipe, ya la semana pasada en total fueron dieciocho.<br \/>\nAs\u00ed lo confirm\u00f3 el Comandante de esa instituci\u00f3n, Juan Carlos Herrera Lillo, que destac\u00f3 que \u201cla verdad ha habido una gran cantidad de llamados por fuga de gas, tuvimos una detr\u00e1s del estadio municipal donde no hab\u00edan moradores, tuvimos que llamar a Carabineros para poder ingresar, se hicieron los cortes correspondientes de las v\u00e1lvulas y llaves ya que era una ca\u00f1er\u00eda que estaba filtrando; hemos tenido varios llamados y de una u otra manera nosotros atendemos\u201d.<br \/>\nRecord\u00f3 el oficial lo sucedido el viernes, donde tuvieron que concurrir a un escape de gas en una de las instalaciones del ex supermercado La Do\u00f1ita. Incluso en esa ocasi\u00f3n tuvieron que esperar la llegada de personal proveniente de Valpara\u00edso para poder controlar el escape de gas, producto del robo de la llave de paso del artefacto en cuesti\u00f3n.<br \/>\nReiter\u00f3 que han debido concurrir a muchas emergencias que afortunadamente se han podido controlar a tiempo.<br \/>\nEn cuanto a recomendaciones, Herrera Lillo pide que las personas tomen las medidas correspondientes con el gas: \u201cSi ellos sienten olor en el ambiente, no duden en llamar a Bomberos para poder trabajar y que la poblaci\u00f3n quede tranquila y no tengan realmente ning\u00fan problema de magnitud\u201d, dijo.<br \/>\n<strong>&#8211; \u00bfCu\u00e1ntas emergencias por fuga de gas se producen diariamente en San Felipe en este \u00faltimo tiempo?<\/strong><br \/>\n&#8211; Dos a tres llamados de emergencia, la semana pasada tuvimos cerca de 18 llamados de emanaciones de gas, siendo la mayor\u00eda de escapes por malas instalaciones o reguladores que cumplieron su vida \u00fatil, lo mismo que mangueras, pero afortunadamente han sido emergencias peque\u00f1as, donde la gente por temor a que se produzca alguna explosi\u00f3n est\u00e1 llamando a Bomberos, y creo que a la vez es s\u00faper importante porque nosotros no vamos a dudar en concurrir a estas emergencias, porque para nosotros es satisfactorio que la comunidad sienta que el trabajo que hacemos nosotros es preventivo.<\/p>\n<figure id=\"attachment_86416\" aria-describedby=\"caption-attachment-86416\" style=\"width: 580px\" class=\"wp-caption alignnone\"><img data-recalc-dims=\"1\" loading=\"lazy\" decoding=\"async\" class=\"size-full wp-image-86416\" src=\"https:\/\/i0.wp.com\/www.eltrabajo.cl\/portal\/wp-content\/uploads\/2018\/05\/portadilla-fuga-gas.jpg?resize=580%2C400\" alt=\"Bomberos trabajando frente al ex \u2013 supermercado La Do\u00f1ita el viernes.\" width=\"580\" height=\"400\" srcset=\"https:\/\/i0.wp.com\/eltrabajo.cl\/portal\/wp-content\/uploads\/2018\/05\/portadilla-fuga-gas.jpg?w=580&amp;ssl=1 580w, https:\/\/i0.wp.com\/eltrabajo.cl\/portal\/wp-content\/uploads\/2018\/05\/portadilla-fuga-gas.jpg?resize=200%2C138&amp;ssl=1 200w, https:\/\/i0.wp.com\/eltrabajo.cl\/portal\/wp-content\/uploads\/2018\/05\/portadilla-fuga-gas.jpg?resize=300%2C207&amp;ssl=1 300w, https:\/\/i0.wp.com\/eltrabajo.cl\/portal\/wp-content\/uploads\/2018\/05\/portadilla-fuga-gas.jpg?resize=218%2C150&amp;ssl=1 218w, https:\/\/i0.wp.com\/eltrabajo.cl\/portal\/wp-content\/uploads\/2018\/05\/portadilla-fuga-gas.jpg?resize=400%2C276&amp;ssl=1 400w\" sizes=\"auto, (max-width: 580px) 100vw, 580px\" \/><figcaption id=\"caption-attachment-86416\" class=\"wp-caption-text\">Bomberos trabajando frente al ex \u2013 supermercado La Do\u00f1ita el viernes.<\/figcaption><\/figure>\n","protected":false},"excerpt":{"rendered":"<p>Bomberos de San Felipe: De dos a tres llamados diarios por fuga de gas est\u00e1 recibiendo la Central de Comunicaciones de Bomberos de San Felipe, ya la semana pasada en total fueron&#8230;<\/p>\n","protected":false},"author":1,"featured_media":86416,"comment_status":"open","ping_status":"open","sticky":false,"template":"","format":"standard","meta":{"advanced_seo_description":"","jetpack_seo_html_title":"","jetpack_seo_noindex":false,"_jetpack_memberships_contains_paid_content":false,"footnotes":""},"categories":[21],"tags":[],"class_list":["post-86414","post","type-post","status-publish","format-standard","has-post-thumbnail","hentry","category-policial"],"jetpack_featured_media_url":"https:\/\/i0.wp.com\/eltrabajo.cl\/portal\/wp-content\/uploads\/2018\/05\/portadilla-fuga-gas.jpg?fit=580%2C400&ssl=1","jetpack_sharing_enabled":true,"jetpack_likes_enabled":true,"jetpack-related-posts":[],"_links":{"self":[{"href":"https:\/\/eltrabajo.cl\/portal\/wp-json\/wp\/v2\/posts\/86414","targetHints":{"allow":["GET"]}}],"collection":[{"href":"https:\/\/eltrabajo.cl\/portal\/wp-json\/wp\/v2\/posts"}],"about":[{"href":"https:\/\/eltrabajo.cl\/portal\/wp-json\/wp\/v2\/types\/post"}],"author":[{"embeddable":true,"href":"https:\/\/eltrabajo.cl\/portal\/wp-json\/wp\/v2\/users\/1"}],"replies":[{"embeddable":true,"href":"https:\/\/eltrabajo.cl\/portal\/wp-json\/wp\/v2\/comments?post=86414"}],"version-history":[{"count":0,"href":"https:\/\/eltrabajo.cl\/portal\/wp-json\/wp\/v2\/posts\/86414\/revisions"}],"wp:featuredmedia":[{"embeddable":true,"href":"https:\/\/eltrabajo.cl\/portal\/wp-json\/wp\/v2\/media\/86416"}],"wp:attachment":[{"href":"https:\/\/eltrabajo.cl\/portal\/wp-json\/wp\/v2\/media?parent=86414"}],"wp:term":[{"taxonomy":"category","embeddable":true,"href":"https:\/\/eltrabajo.cl\/portal\/wp-json\/wp\/v2\/categories?post=86414"},{"taxonomy":"post_tag","embeddable":true,"href":"https:\/\/eltrabajo.cl\/portal\/wp-json\/wp\/v2\/tags?post=86414"}],"curies":[{"name":"wp","href":"https:\/\/api.w.org\/{rel}","templated":true}]}}