{"id":86418,"date":"2018-05-23T05:04:26","date_gmt":"2018-05-23T09:04:26","guid":{"rendered":"http:\/\/www.eltrabajo.cl\/2017\/?p=86418"},"modified":"2018-05-23T05:04:26","modified_gmt":"2018-05-23T09:04:26","slug":"delincuencia-visita-por-cuarta-vez-la-empresa-progelec-de-san-felipe","status":"publish","type":"post","link":"https:\/\/eltrabajo.cl\/portal\/delincuencia-visita-por-cuarta-vez-la-empresa-progelec-de-san-felipe\/","title":{"rendered":"Delincuencia visita por cuarta vez la empresa Progelec de San Felipe"},"content":{"rendered":"<figure id=\"attachment_86420\" aria-describedby=\"caption-attachment-86420\" style=\"width: 580px\" class=\"wp-caption alignnone\"><img data-recalc-dims=\"1\" loading=\"lazy\" decoding=\"async\" class=\"size-full wp-image-86420\" src=\"https:\/\/i0.wp.com\/www.eltrabajo.cl\/portal\/wp-content\/uploads\/2018\/05\/Progelec1.jpg?resize=580%2C400\" alt=\"INGRATA VISITA.- As\u00ed quedaron las oficinas de Progelec San Felipe, esta es la cuarta vez que les roban.\" width=\"580\" height=\"400\" srcset=\"https:\/\/i0.wp.com\/eltrabajo.cl\/portal\/wp-content\/uploads\/2018\/05\/Progelec1.jpg?w=580&amp;ssl=1 580w, https:\/\/i0.wp.com\/eltrabajo.cl\/portal\/wp-content\/uploads\/2018\/05\/Progelec1.jpg?resize=200%2C138&amp;ssl=1 200w, https:\/\/i0.wp.com\/eltrabajo.cl\/portal\/wp-content\/uploads\/2018\/05\/Progelec1.jpg?resize=300%2C207&amp;ssl=1 300w, https:\/\/i0.wp.com\/eltrabajo.cl\/portal\/wp-content\/uploads\/2018\/05\/Progelec1.jpg?resize=218%2C150&amp;ssl=1 218w, https:\/\/i0.wp.com\/eltrabajo.cl\/portal\/wp-content\/uploads\/2018\/05\/Progelec1.jpg?resize=400%2C276&amp;ssl=1 400w\" sizes=\"auto, (max-width: 580px) 100vw, 580px\" \/><figcaption id=\"caption-attachment-86420\" class=\"wp-caption-text\">INGRATA VISITA.- As\u00ed quedaron las oficinas de Progelec San Felipe, esta es la cuarta vez que les roban.<\/figcaption><\/figure>\n<ul>\n<li><span style=\"color: #ff0000;\"><strong>Se llevan herramientas y equipo digital evaluado en $1,3 millones:<\/strong><\/span><\/li>\n<\/ul>\n<p>Nuevamente y por cuarta vez, \u2018los amigos de lo ajeno\u2019 visitaron al abrigo del fin de semana largo, la empresa Progelec ubicada en Freire 227, para robar lo que les fuera posible reducir. Esta vez se llevaron herramientas y art\u00edculos digitales de los empleados de esa empresa, as\u00ed lo confirm\u00f3 a Diario El Trabajo don V\u00edctor Llanos, gerente de operaciones y finanzas de la empresa Progelec San Felipe.<br \/>\n\u00abNos encontramos la ma\u00f1ana de este martes con este robo, es la cuarta vez que nos ha ocurrido, el Modus Operandi es el mismo al de los otros robos, perforaci\u00f3n de techo, han seguido haciendo forados en las tejas, entre el ba\u00f1o y la cocina hicieron el forado y entraron. Nos robaron Notebooks y herramientas espec\u00edficas para medir la malla de tierra, son herramientas propias de nuestro trabajo, somos una empresa que brindamos servicios en montaje el\u00e9ctrico y malla de tierra entre otros (\u2026) valoramos lo robado en aproximadamente $1.300.000, y la verdad es que ya estamos aburridos con esta lacra de delincuentes que se aprovechan de todos los empresarios de la zona y est\u00e1n constantemente haciendo da\u00f1o\u00bb, dijo el empresario.<br \/>\n<strong>Roberto Gonz\u00e1lez Short<\/strong><\/p>\n<figure id=\"attachment_86419\" aria-describedby=\"caption-attachment-86419\" style=\"width: 580px\" class=\"wp-caption alignnone\"><img data-recalc-dims=\"1\" loading=\"lazy\" decoding=\"async\" class=\"size-full wp-image-86419\" src=\"https:\/\/i0.wp.com\/www.eltrabajo.cl\/portal\/wp-content\/uploads\/2018\/05\/Progelec_Victor-Llanos.jpg?resize=580%2C519\" alt=\"V\u00edctor Llanos, gerente de operaciones y finanzas de la empresa Progelec San Felipe.\" width=\"580\" height=\"519\" srcset=\"https:\/\/i0.wp.com\/eltrabajo.cl\/portal\/wp-content\/uploads\/2018\/05\/Progelec_Victor-Llanos.jpg?w=580&amp;ssl=1 580w, https:\/\/i0.wp.com\/eltrabajo.cl\/portal\/wp-content\/uploads\/2018\/05\/Progelec_Victor-Llanos.jpg?resize=168%2C150&amp;ssl=1 168w, https:\/\/i0.wp.com\/eltrabajo.cl\/portal\/wp-content\/uploads\/2018\/05\/Progelec_Victor-Llanos.jpg?resize=300%2C268&amp;ssl=1 300w, https:\/\/i0.wp.com\/eltrabajo.cl\/portal\/wp-content\/uploads\/2018\/05\/Progelec_Victor-Llanos.jpg?resize=400%2C358&amp;ssl=1 400w\" sizes=\"auto, (max-width: 580px) 100vw, 580px\" \/><figcaption id=\"caption-attachment-86419\" class=\"wp-caption-text\">V\u00edctor Llanos, gerente de operaciones y finanzas de la empresa Progelec San Felipe.<\/figcaption><\/figure>\n<figure id=\"attachment_86421\" aria-describedby=\"caption-attachment-86421\" style=\"width: 580px\" class=\"wp-caption alignnone\"><img data-recalc-dims=\"1\" loading=\"lazy\" decoding=\"async\" class=\"size-full wp-image-86421\" src=\"https:\/\/i0.wp.com\/www.eltrabajo.cl\/portal\/wp-content\/uploads\/2018\/05\/Progelec2.jpg?resize=580%2C400\" alt=\"MISMA T\u00c9CNICA.- Por este forado ingresaron los desalmados delincuentes. El empresario afectado asegura estar ya aburrido de esta situaci\u00f3n.\" width=\"580\" height=\"400\" srcset=\"https:\/\/i0.wp.com\/eltrabajo.cl\/portal\/wp-content\/uploads\/2018\/05\/Progelec2.jpg?w=580&amp;ssl=1 580w, https:\/\/i0.wp.com\/eltrabajo.cl\/portal\/wp-content\/uploads\/2018\/05\/Progelec2.jpg?resize=200%2C138&amp;ssl=1 200w, https:\/\/i0.wp.com\/eltrabajo.cl\/portal\/wp-content\/uploads\/2018\/05\/Progelec2.jpg?resize=300%2C207&amp;ssl=1 300w, https:\/\/i0.wp.com\/eltrabajo.cl\/portal\/wp-content\/uploads\/2018\/05\/Progelec2.jpg?resize=218%2C150&amp;ssl=1 218w, https:\/\/i0.wp.com\/eltrabajo.cl\/portal\/wp-content\/uploads\/2018\/05\/Progelec2.jpg?resize=400%2C276&amp;ssl=1 400w\" sizes=\"auto, (max-width: 580px) 100vw, 580px\" \/><figcaption id=\"caption-attachment-86421\" class=\"wp-caption-text\">MISMA T\u00c9CNICA.- Por este forado ingresaron los desalmados delincuentes. El empresario afectado asegura estar ya aburrido de esta situaci\u00f3n.<\/figcaption><\/figure>\n","protected":false},"excerpt":{"rendered":"<p>Se llevan herramientas y equipo digital evaluado en $1,3 millones: Nuevamente y por cuarta vez, \u2018los amigos de lo ajeno\u2019 visitaron al abrigo del fin de semana largo, la empresa Progelec ubicada&#8230;<\/p>\n","protected":false},"author":1,"featured_media":86420,"comment_status":"open","ping_status":"open","sticky":false,"template":"","format":"standard","meta":{"advanced_seo_description":"","jetpack_seo_html_title":"","jetpack_seo_noindex":false,"_jetpack_memberships_contains_paid_content":false,"footnotes":""},"categories":[21],"tags":[],"class_list":["post-86418","post","type-post","status-publish","format-standard","has-post-thumbnail","hentry","category-policial"],"jetpack_featured_media_url":"https:\/\/i0.wp.com\/eltrabajo.cl\/portal\/wp-content\/uploads\/2018\/05\/Progelec1.jpg?fit=580%2C400&ssl=1","jetpack_sharing_enabled":true,"jetpack_likes_enabled":true,"jetpack-related-posts":[],"_links":{"self":[{"href":"https:\/\/eltrabajo.cl\/portal\/wp-json\/wp\/v2\/posts\/86418","targetHints":{"allow":["GET"]}}],"collection":[{"href":"https:\/\/eltrabajo.cl\/portal\/wp-json\/wp\/v2\/posts"}],"about":[{"href":"https:\/\/eltrabajo.cl\/portal\/wp-json\/wp\/v2\/types\/post"}],"author":[{"embeddable":true,"href":"https:\/\/eltrabajo.cl\/portal\/wp-json\/wp\/v2\/users\/1"}],"replies":[{"embeddable":true,"href":"https:\/\/eltrabajo.cl\/portal\/wp-json\/wp\/v2\/comments?post=86418"}],"version-history":[{"count":0,"href":"https:\/\/eltrabajo.cl\/portal\/wp-json\/wp\/v2\/posts\/86418\/revisions"}],"wp:featuredmedia":[{"embeddable":true,"href":"https:\/\/eltrabajo.cl\/portal\/wp-json\/wp\/v2\/media\/86420"}],"wp:attachment":[{"href":"https:\/\/eltrabajo.cl\/portal\/wp-json\/wp\/v2\/media?parent=86418"}],"wp:term":[{"taxonomy":"category","embeddable":true,"href":"https:\/\/eltrabajo.cl\/portal\/wp-json\/wp\/v2\/categories?post=86418"},{"taxonomy":"post_tag","embeddable":true,"href":"https:\/\/eltrabajo.cl\/portal\/wp-json\/wp\/v2\/tags?post=86418"}],"curies":[{"name":"wp","href":"https:\/\/api.w.org\/{rel}","templated":true}]}}