{"id":86442,"date":"2018-05-24T05:02:56","date_gmt":"2018-05-24T09:02:56","guid":{"rendered":"http:\/\/www.eltrabajo.cl\/2017\/?p=86442"},"modified":"2018-05-24T05:02:56","modified_gmt":"2018-05-24T09:02:56","slug":"depto-de-cultura-entrego-diorama-que-recrea-paso-de-ejercito-libertador","status":"publish","type":"post","link":"https:\/\/eltrabajo.cl\/portal\/depto-de-cultura-entrego-diorama-que-recrea-paso-de-ejercito-libertador\/","title":{"rendered":"Depto. de Cultura entreg\u00f3 diorama que recrea paso de Ej\u00e9rcito Libertador"},"content":{"rendered":"<figure id=\"attachment_86443\" aria-describedby=\"caption-attachment-86443\" style=\"width: 580px\" class=\"wp-caption alignnone\"><img data-recalc-dims=\"1\" loading=\"lazy\" decoding=\"async\" class=\"size-full wp-image-86443\" src=\"https:\/\/i0.wp.com\/www.eltrabajo.cl\/portal\/wp-content\/uploads\/2018\/05\/diorama-ejercito-libertador-1.jpg?resize=580%2C399\" alt=\"La atractiva e interesante obra fue confeccionada por el artista sanfelipe\u00f1o Marcelo Segovia y tom\u00f3 m\u00e1s de tres meses en su realizaci\u00f3n. \" width=\"580\" height=\"399\" srcset=\"https:\/\/i0.wp.com\/eltrabajo.cl\/portal\/wp-content\/uploads\/2018\/05\/diorama-ejercito-libertador-1.jpg?w=580&amp;ssl=1 580w, https:\/\/i0.wp.com\/eltrabajo.cl\/portal\/wp-content\/uploads\/2018\/05\/diorama-ejercito-libertador-1.jpg?resize=200%2C138&amp;ssl=1 200w, https:\/\/i0.wp.com\/eltrabajo.cl\/portal\/wp-content\/uploads\/2018\/05\/diorama-ejercito-libertador-1.jpg?resize=300%2C206&amp;ssl=1 300w, https:\/\/i0.wp.com\/eltrabajo.cl\/portal\/wp-content\/uploads\/2018\/05\/diorama-ejercito-libertador-1.jpg?resize=218%2C150&amp;ssl=1 218w, https:\/\/i0.wp.com\/eltrabajo.cl\/portal\/wp-content\/uploads\/2018\/05\/diorama-ejercito-libertador-1.jpg?resize=400%2C275&amp;ssl=1 400w\" sizes=\"auto, (max-width: 580px) 100vw, 580px\" \/><figcaption id=\"caption-attachment-86443\" class=\"wp-caption-text\">La atractiva e interesante obra fue confeccionada por el artista sanfelipe\u00f1o Marcelo Segovia y tom\u00f3 m\u00e1s de tres meses en su realizaci\u00f3n.<\/figcaption><\/figure>\n<ul>\n<li><span style=\"color: #ff0000;\"><strong>A Escuela Carmela Carvajal:<\/strong><\/span><\/li>\n<li><strong>La obra fue realizada por un artista sanfelipe\u00f1o y tom\u00f3 m\u00e1s de tres meses en su realizaci\u00f3n. <\/strong><br \/>\n<strong>Esta actividad forma parte de la programaci\u00f3n que el municipio realiz\u00f3 para celebrar el D\u00eda del Patrimonio.<\/strong><\/li>\n<\/ul>\n<p>En el marco de las celebraciones que la Municipalidad de San Felipe est\u00e1 organizando por el D\u00eda del Patrimonio, el Departamento de Cultura hizo entrega a la Escuela Carmela Carvajal de Prat, de un espectacular diorama que recrea el Paso del Ej\u00e9rcito Libertador por Curim\u00f3n, punto de encuentro entre las tropas desplegadas en diversas comunas del Valle.<br \/>\nLa comunidad educativa de dicho establecimiento agradeci\u00f3 este enorme aporte que permitir\u00e1 reforzar la ense\u00f1anza sobre este hecho y tambi\u00e9n explicar la importancia del Valle en esta heroica gesta.<br \/>\nA la entrega, que cont\u00f3 con la participaci\u00f3n de todos los estudiantes, asistieron el Coordinador del Departamento de Cultura, Ricardo Ruiz, el concejal Igor Carrasco y el propio realizador del diorama, el artista Marcelo Segovia, quien tard\u00f3 m\u00e1s de tres meses en finalizar cada detalle.<br \/>\n\u00abHacemos esto porque nos interesa que las nuevas generaciones comprendan el rol hist\u00f3rico que jug\u00f3 Aconcagua en la independencia de Chile y que no est\u00e1 narrado en la historia oficial como nosotros quisi\u00e9ramos. Por ello, es vital el trabajo con los ni\u00f1os para mantener esta memoria y preservarla\u00bb, destac\u00f3 Ricardo Ruiz.<br \/>\nEn tanto, el concejal Igor Carrasco puso \u00e9nfasis el aporte que este tipo de obras significan para las escuelas municipalizadas. \u00abEsto nos entrega parte del patrimonio a las siguientes generaciones, y nosotros como representantes del municipio y del alcalde Patricio Freire estamos muy contentos. Sabemos que esto permite que el patrimonio cultural y tangible est\u00e9 en nuestras escuelas\u00bb, finaliz\u00f3 el edil.<br \/>\nPor su parte, el inspector general del establecimiento, Jos\u00e9 Ib\u00e1\u00f1ez, se mostr\u00f3 orgulloso de recibir este trabajo, ya que \u00abesto es m\u00e1s que un material did\u00e1ctico, sino que es la historia misma. Estamos felices de recibirlo como escuela porque permite que nuestros estudiantes puedan conocer la historia y el rol de Aconcagua en la historia de Chile\u00bb.<br \/>\nLos estudiantes de otros establecimientos tambi\u00e9n podr\u00e1n conocer y disfrutar de este diorama, ya que la intenci\u00f3n es generar una muestra itinerante por todas las escuelas y liceos del sistema municipalizado.<br \/>\nEsta entrega s\u00f3lo es una de las actividades programadas para el d\u00eda del patrimonio, que finalizar\u00e1n el pr\u00f3ximo lunes, pero que tendr\u00e1 una serie de eventos culturales durante el fin de semana, destacando entre ellos la celebraci\u00f3n de este d\u00eda que se llevar\u00e1 a cabo el pr\u00f3ximo domingo, a partir de las 11.00 horas, en la terraza de la Plaza de Armas. Junto con ello, tambi\u00e9n habr\u00e1n exposiciones, visitas guiadas.<\/p>\n<figure id=\"attachment_86444\" aria-describedby=\"caption-attachment-86444\" style=\"width: 580px\" class=\"wp-caption alignnone\"><img data-recalc-dims=\"1\" loading=\"lazy\" decoding=\"async\" class=\"size-full wp-image-86444\" src=\"https:\/\/i0.wp.com\/www.eltrabajo.cl\/portal\/wp-content\/uploads\/2018\/05\/diorama-ejercito-libertador.jpg?resize=580%2C399\" alt=\"La entrega cont\u00f3 con la participaci\u00f3n de todos los estudiantes y la presencia del Coordinador del Departamento de Cultura, Ricardo Ruiz, el concejal Igor Carrasco y el propio realizador del diorama, el artista Marcelo Segovia.\" width=\"580\" height=\"399\" srcset=\"https:\/\/i0.wp.com\/eltrabajo.cl\/portal\/wp-content\/uploads\/2018\/05\/diorama-ejercito-libertador.jpg?w=580&amp;ssl=1 580w, https:\/\/i0.wp.com\/eltrabajo.cl\/portal\/wp-content\/uploads\/2018\/05\/diorama-ejercito-libertador.jpg?resize=200%2C138&amp;ssl=1 200w, https:\/\/i0.wp.com\/eltrabajo.cl\/portal\/wp-content\/uploads\/2018\/05\/diorama-ejercito-libertador.jpg?resize=300%2C206&amp;ssl=1 300w, https:\/\/i0.wp.com\/eltrabajo.cl\/portal\/wp-content\/uploads\/2018\/05\/diorama-ejercito-libertador.jpg?resize=218%2C150&amp;ssl=1 218w, https:\/\/i0.wp.com\/eltrabajo.cl\/portal\/wp-content\/uploads\/2018\/05\/diorama-ejercito-libertador.jpg?resize=400%2C275&amp;ssl=1 400w\" sizes=\"auto, (max-width: 580px) 100vw, 580px\" \/><figcaption id=\"caption-attachment-86444\" class=\"wp-caption-text\">La entrega cont\u00f3 con la participaci\u00f3n de todos los estudiantes y la presencia del Coordinador del Departamento de Cultura, Ricardo Ruiz, el concejal Igor Carrasco y el propio realizador del diorama, el artista Marcelo Segovia.<\/figcaption><\/figure>\n","protected":false},"excerpt":{"rendered":"<p>A Escuela Carmela Carvajal: La obra fue realizada por un artista sanfelipe\u00f1o y tom\u00f3 m\u00e1s de tres meses en su realizaci\u00f3n. Esta actividad forma parte de la programaci\u00f3n que el municipio realiz\u00f3&#8230;<\/p>\n","protected":false},"author":1,"featured_media":86443,"comment_status":"open","ping_status":"open","sticky":false,"template":"","format":"standard","meta":{"advanced_seo_description":"","jetpack_seo_html_title":"","jetpack_seo_noindex":false,"_jetpack_memberships_contains_paid_content":false,"footnotes":""},"categories":[1],"tags":[],"class_list":["post-86442","post","type-post","status-publish","format-standard","has-post-thumbnail","hentry","category-cronica"],"jetpack_featured_media_url":"https:\/\/i0.wp.com\/eltrabajo.cl\/portal\/wp-content\/uploads\/2018\/05\/diorama-ejercito-libertador-1.jpg?fit=580%2C399&ssl=1","jetpack_sharing_enabled":true,"jetpack_likes_enabled":true,"jetpack-related-posts":[],"_links":{"self":[{"href":"https:\/\/eltrabajo.cl\/portal\/wp-json\/wp\/v2\/posts\/86442","targetHints":{"allow":["GET"]}}],"collection":[{"href":"https:\/\/eltrabajo.cl\/portal\/wp-json\/wp\/v2\/posts"}],"about":[{"href":"https:\/\/eltrabajo.cl\/portal\/wp-json\/wp\/v2\/types\/post"}],"author":[{"embeddable":true,"href":"https:\/\/eltrabajo.cl\/portal\/wp-json\/wp\/v2\/users\/1"}],"replies":[{"embeddable":true,"href":"https:\/\/eltrabajo.cl\/portal\/wp-json\/wp\/v2\/comments?post=86442"}],"version-history":[{"count":0,"href":"https:\/\/eltrabajo.cl\/portal\/wp-json\/wp\/v2\/posts\/86442\/revisions"}],"wp:featuredmedia":[{"embeddable":true,"href":"https:\/\/eltrabajo.cl\/portal\/wp-json\/wp\/v2\/media\/86443"}],"wp:attachment":[{"href":"https:\/\/eltrabajo.cl\/portal\/wp-json\/wp\/v2\/media?parent=86442"}],"wp:term":[{"taxonomy":"category","embeddable":true,"href":"https:\/\/eltrabajo.cl\/portal\/wp-json\/wp\/v2\/categories?post=86442"},{"taxonomy":"post_tag","embeddable":true,"href":"https:\/\/eltrabajo.cl\/portal\/wp-json\/wp\/v2\/tags?post=86442"}],"curies":[{"name":"wp","href":"https:\/\/api.w.org\/{rel}","templated":true}]}}