{"id":86447,"date":"2018-05-24T05:03:52","date_gmt":"2018-05-24T09:03:52","guid":{"rendered":"http:\/\/www.eltrabajo.cl\/2017\/?p=86447"},"modified":"2018-05-24T05:03:52","modified_gmt":"2018-05-24T09:03:52","slug":"carabineros-integraban-banda-dedicada-al-contrabando-de-cigarrillos","status":"publish","type":"post","link":"https:\/\/eltrabajo.cl\/portal\/carabineros-integraban-banda-dedicada-al-contrabando-de-cigarrillos\/","title":{"rendered":"Carabineros integraban banda dedicada al contrabando de cigarrillos"},"content":{"rendered":"<figure id=\"attachment_86448\" aria-describedby=\"caption-attachment-86448\" style=\"width: 580px\" class=\"wp-caption alignnone\"><img data-recalc-dims=\"1\" loading=\"lazy\" decoding=\"async\" class=\"size-full wp-image-86448\" src=\"https:\/\/i0.wp.com\/www.eltrabajo.cl\/portal\/wp-content\/uploads\/2018\/05\/carabineros-contrabando-cigarrillos.jpg?resize=580%2C398\" alt=\"En el Tribunal de Garant\u00eda de Los Andes fue controlada la legalidad de la detenci\u00f3n, oportunidad en que el Fiscal Ricardo Reinoso solicit\u00f3 ampliar su arresto por existir a\u00fan diligencias pendientes.\" width=\"580\" height=\"398\" srcset=\"https:\/\/i0.wp.com\/eltrabajo.cl\/portal\/wp-content\/uploads\/2018\/05\/carabineros-contrabando-cigarrillos.jpg?w=580&amp;ssl=1 580w, https:\/\/i0.wp.com\/eltrabajo.cl\/portal\/wp-content\/uploads\/2018\/05\/carabineros-contrabando-cigarrillos.jpg?resize=200%2C137&amp;ssl=1 200w, https:\/\/i0.wp.com\/eltrabajo.cl\/portal\/wp-content\/uploads\/2018\/05\/carabineros-contrabando-cigarrillos.jpg?resize=300%2C206&amp;ssl=1 300w, https:\/\/i0.wp.com\/eltrabajo.cl\/portal\/wp-content\/uploads\/2018\/05\/carabineros-contrabando-cigarrillos.jpg?resize=219%2C150&amp;ssl=1 219w, https:\/\/i0.wp.com\/eltrabajo.cl\/portal\/wp-content\/uploads\/2018\/05\/carabineros-contrabando-cigarrillos.jpg?resize=400%2C274&amp;ssl=1 400w\" sizes=\"auto, (max-width: 580px) 100vw, 580px\" \/><figcaption id=\"caption-attachment-86448\" class=\"wp-caption-text\">En el Tribunal de Garant\u00eda de Los Andes fue controlada la legalidad de la detenci\u00f3n, oportunidad en que el Fiscal Ricardo Reinoso solicit\u00f3 ampliar su arresto por existir a\u00fan diligencias pendientes.<\/figcaption><\/figure>\n<ul>\n<li><strong><span style=\"color: #ff0000;\">Un Capit\u00e1n y dos Cabos entre los detenidos:<\/span>\u00a0Labor de los funcionarios policiales consist\u00eda en realizar quitadas de mercanc\u00eda a los mismos comerciantes ambulantes a quienes la banda les prove\u00eda de cigarrillos para su venta clandestina.<\/strong><\/li>\n<\/ul>\n<p><strong>LOS ANDES.-<\/strong> La Polic\u00eda de Investigaciones de Los Andes logr\u00f3 desbaratar una banda dedicada a la internaci\u00f3n de millonarios contrabandos de cigarrillos a trav\u00e9s del paso Cristo Redentor, deteniendo a sus seis integrantes, tres de los cuales resultaron ser funcionarios de Carabineros, dos Cabos y un Capit\u00e1n, todos ellos en servicio activo.<br \/>\nParadojalmente, la labor de los funcionarios policiales consist\u00eda en realizar quitadas de mercanc\u00eda precisamente a los mismos comerciantes ambulantes a quienes la banda les prove\u00eda de cigarrillos para su venta clandestina.<br \/>\nLa detenci\u00f3n se concret\u00f3 la tarde de este martes en Rancagua por parte de la Brigada Antinarc\u00f3ticos y contra el Crimen Organizado (Brianco) de la PDI de Los Andes, cuyo personal se traslad\u00f3 a esta esa ciudad donde detuvo a los seis integrantes de la banda en el exterior de una parcela en el sector de Santa Elena, gracias a una investigaci\u00f3n que llevaba adelante desde hace alg\u00fan tiempo la fiscal\u00eda local de Los Andes.<br \/>\nLos antecedentes del caso consignan que el Ministerio P\u00fablico comenz\u00f3 el seguimiento de esta banda que internaba a territorio nacional a trav\u00e9s del paso Cristo Redentor y tambi\u00e9n otros pasos fronterizos del norte del pa\u00eds, grandes cantidades de paquetes de cigarrillos, los cuales eran apilados en diversas parcelas de la zona central y luego eran vendidos a peque\u00f1os comerciantes.<br \/>\nDurante la investigaci\u00f3n se pudo establecer que la banda manten\u00eda nexos con funcionarios de Carabineros en servicio activo, quienes se hac\u00edan parte en este negocio haciendo quitadas de mercanc\u00eda a los mismos comerciantes que el grupo le hab\u00eda vendido los cigarros.<br \/>\nLos funcionarios policiales pertenec\u00edan a la dotaci\u00f3n de la Segunda Comisar\u00eda de Mulch\u00e9n, siendo dados de baja el mismo d\u00eda de la detenci\u00f3n.<br \/>\nTras ser controlada la legalidad de la detenci\u00f3n en el Tribunal de Garant\u00eda de Los Andes, el Fiscal Ricardo Reinoso solicit\u00f3 ampliar su arresto por existir a\u00fan diligencias pendientes.<br \/>\nDe esta forma el pr\u00f3ximo d\u00eda viernes en audiencia privada, toda vez que el Tribunal -a petici\u00f3n del Ministerio P\u00fablico- decret\u00f3 secreta la investigaci\u00f3n, se llevar\u00e1 adelante la formalizaci\u00f3n de los seis imputados por los delitos de contrabando y robo con intimidaci\u00f3n.<\/p>\n","protected":false},"excerpt":{"rendered":"<p>Un Capit\u00e1n y dos Cabos entre los detenidos:\u00a0Labor de los funcionarios policiales consist\u00eda en realizar quitadas de mercanc\u00eda a los mismos comerciantes ambulantes a quienes la banda les prove\u00eda de cigarrillos para&#8230;<\/p>\n","protected":false},"author":1,"featured_media":86448,"comment_status":"open","ping_status":"open","sticky":false,"template":"","format":"standard","meta":{"advanced_seo_description":"","jetpack_seo_html_title":"","jetpack_seo_noindex":false,"_jetpack_memberships_contains_paid_content":false,"footnotes":""},"categories":[21],"tags":[],"class_list":["post-86447","post","type-post","status-publish","format-standard","has-post-thumbnail","hentry","category-policial"],"jetpack_featured_media_url":"https:\/\/i0.wp.com\/eltrabajo.cl\/portal\/wp-content\/uploads\/2018\/05\/carabineros-contrabando-cigarrillos.jpg?fit=580%2C398&ssl=1","jetpack_sharing_enabled":true,"jetpack_likes_enabled":true,"jetpack-related-posts":[],"_links":{"self":[{"href":"https:\/\/eltrabajo.cl\/portal\/wp-json\/wp\/v2\/posts\/86447","targetHints":{"allow":["GET"]}}],"collection":[{"href":"https:\/\/eltrabajo.cl\/portal\/wp-json\/wp\/v2\/posts"}],"about":[{"href":"https:\/\/eltrabajo.cl\/portal\/wp-json\/wp\/v2\/types\/post"}],"author":[{"embeddable":true,"href":"https:\/\/eltrabajo.cl\/portal\/wp-json\/wp\/v2\/users\/1"}],"replies":[{"embeddable":true,"href":"https:\/\/eltrabajo.cl\/portal\/wp-json\/wp\/v2\/comments?post=86447"}],"version-history":[{"count":0,"href":"https:\/\/eltrabajo.cl\/portal\/wp-json\/wp\/v2\/posts\/86447\/revisions"}],"wp:featuredmedia":[{"embeddable":true,"href":"https:\/\/eltrabajo.cl\/portal\/wp-json\/wp\/v2\/media\/86448"}],"wp:attachment":[{"href":"https:\/\/eltrabajo.cl\/portal\/wp-json\/wp\/v2\/media?parent=86447"}],"wp:term":[{"taxonomy":"category","embeddable":true,"href":"https:\/\/eltrabajo.cl\/portal\/wp-json\/wp\/v2\/categories?post=86447"},{"taxonomy":"post_tag","embeddable":true,"href":"https:\/\/eltrabajo.cl\/portal\/wp-json\/wp\/v2\/tags?post=86447"}],"curies":[{"name":"wp","href":"https:\/\/api.w.org\/{rel}","templated":true}]}}