{"id":86455,"date":"2018-05-24T05:05:48","date_gmt":"2018-05-24T09:05:48","guid":{"rendered":"http:\/\/www.eltrabajo.cl\/2017\/?p=86455"},"modified":"2018-05-24T05:05:48","modified_gmt":"2018-05-24T09:05:48","slug":"grupo-de-estudiantes-feministas-se-toman-la-universidad-de-playa-ancha","status":"publish","type":"post","link":"https:\/\/eltrabajo.cl\/portal\/grupo-de-estudiantes-feministas-se-toman-la-universidad-de-playa-ancha\/","title":{"rendered":"Grupo de estudiantes feministas se toman la Universidad de Playa Ancha"},"content":{"rendered":"<figure id=\"attachment_86456\" aria-describedby=\"caption-attachment-86456\" style=\"width: 580px\" class=\"wp-caption alignnone\"><img data-recalc-dims=\"1\" loading=\"lazy\" decoding=\"async\" class=\"size-full wp-image-86456\" src=\"https:\/\/i0.wp.com\/www.eltrabajo.cl\/portal\/wp-content\/uploads\/2018\/05\/Toma-2.jpg?resize=580%2C400\" alt=\"Pancartas alusivas a la toma en el interior de la Upla con los principales puntos en conflicto.\" width=\"580\" height=\"400\" srcset=\"https:\/\/i0.wp.com\/eltrabajo.cl\/portal\/wp-content\/uploads\/2018\/05\/Toma-2.jpg?w=580&amp;ssl=1 580w, https:\/\/i0.wp.com\/eltrabajo.cl\/portal\/wp-content\/uploads\/2018\/05\/Toma-2.jpg?resize=200%2C138&amp;ssl=1 200w, https:\/\/i0.wp.com\/eltrabajo.cl\/portal\/wp-content\/uploads\/2018\/05\/Toma-2.jpg?resize=300%2C207&amp;ssl=1 300w, https:\/\/i0.wp.com\/eltrabajo.cl\/portal\/wp-content\/uploads\/2018\/05\/Toma-2.jpg?resize=218%2C150&amp;ssl=1 218w, https:\/\/i0.wp.com\/eltrabajo.cl\/portal\/wp-content\/uploads\/2018\/05\/Toma-2.jpg?resize=400%2C276&amp;ssl=1 400w\" sizes=\"auto, (max-width: 580px) 100vw, 580px\" \/><figcaption id=\"caption-attachment-86456\" class=\"wp-caption-text\">Pancartas alusivas a la toma en el interior de la Upla con los principales puntos en conflicto.<\/figcaption><\/figure>\n<p>Desde este martes en la tarde la sede de la Upla ubicada en calle Benigno Caldera de San Felipe, se encuentra tomada por un grupo de feministas de esa casa de estudios.<br \/>\nLa vocera del movimiento, Fernanda Mallea, expic\u00f3 a nuestro medio lo siguiente: \u201cLa toma del Campus San Felipe de la Upla parte desde el d\u00eda de ayer (22 de mayo), pero esto se viene arrastrando desde hace harto tiempo, la organizaci\u00f3n de las mujeres de ac\u00e1 se viene dando desde el a\u00f1o 2016 y justamente hoy en el contexto a nivel nacional es que llamamos a asamblea y se da la movilizaci\u00f3n gracias a los compa\u00f1eros y compa\u00f1eras tambi\u00e9n\u201d.<br \/>\n<strong>&#8211; \u00bfCu\u00e1ntas personas participan de esta toma?<\/strong><br \/>\n&#8211; Veinticinco por lo menos, y por ser la primera noche definimos que bajo el criterio de seguridad permitimos que los chiquillos nos pudieran ayudar por hoy, porque no tenemos bien definido la administraci\u00f3n y organizaci\u00f3n de la toma.<br \/>\n<strong>&#8211; \u00bfCu\u00e1les son los principales motivos de esta toma?<\/strong><br \/>\n&#8211; Los principales a nivel local es que se nos contemple en la creaci\u00f3n de un protocolo de anti acoso que se est\u00e1 elaborando en la casa central en Valpara\u00edso de la Upla, adem\u00e1s que se expulse a unos trabajadores de la Universidad principalmente profesores y funcionarios, y tercero que se pidan disculpas p\u00fablicas por el caso Lazcano a las v\u00edctimas que fueron afectadas por \u00e9l, cinco trabajadoras y una estudiante, esas vienen siendo las tres principales peticiones se levantan desde el movimiento feminista ac\u00e1 en la UPLA.<br \/>\n<strong>&#8211; A prop\u00f3sito de qu\u00e9 mencionas al profesor \u00bfEl problema con \u00e9l se ha resuelto?<\/strong><br \/>\n&#8211; Eso se inicia en el 2016, \u00e9l tra\u00eda sumarios en proceso pendiente desde el 2010, el 2016 se le funa, se le expulsa en forma simb\u00f3lica a Eduardo Lazcano de la Universidad por parte nuestra, es decir las y los estudiantes organizados, la asamblea de Historia y las mujeres de la Upla, y hoy en d\u00eda a principio de la primera semana de mayo se hace p\u00fablica la respuesta del sumario que lo entienden como culpable de acosar a seis mujeres, cinco trabajadoras y una estudiante.<br \/>\n<strong>&#8211; \u00bfQu\u00e9 pas\u00f3 con \u00e9l?<\/strong><br \/>\n&#8211; El fue desvinculado de la universidad y no est\u00e1 recibiendo sueldo hoy en d\u00eda por haber sido sumariado en el sector p\u00fablico no puede ejercer clases ni docencia ni trabajar en el sector p\u00fablico por cinco a\u00f1os, eso fue todo lo que result\u00f3 de toda la investigaci\u00f3n, adem\u00e1s los antecedentes fueron recepcionados, tengo entendido por la Contralor\u00eda General de la Rep\u00fablica, quienes tienen que velar porque los procesos tienen que estar en los procesos y tiempos establecidos por la ley, lo otro que tenemos entendido es que hubo antecedentes contundentes de hechos grabaciones y testimonios bien fuertes de las afectadas y v\u00edctimas, creemos que por eso \u00e9l sale culpable o sea no es llegar y desvincular a alguien de la Universidad y tambi\u00e9n por nuestra acci\u00f3n del 2016 de manera organizada con los estudiantes.<br \/>\n<strong>&#8211; \u00bfEra acoso sexual o laboral?<\/strong><br \/>\n&#8211; Era acoso laboral principalmente, en realidad era acoso sexual, que no es lo mismo que violaci\u00f3n, pero en un contexto laboral as\u00ed de define.<br \/>\n<strong>&#8211; Ahora \u00bfpor qu\u00e9 pedir la expulsi\u00f3n de los profesores?<\/strong><br \/>\n&#8211; Hay profesores que discriminan, si bien no es la generalidad de todos los profesores, hay profesores que discriminan y el principal sector que se ve afectado es el de nosotras las mujeres, por ejemplo cuando traemos nuestros ni\u00f1os o las compa\u00f1eras traen a sus hijos para estudiar porque no tienen donde dejarlo y los profesores las discriminan dej\u00e1ndolas fuera de la sala, reciben malos tratos, mal lenguaje y por eso estamos levantando la petici\u00f3n de crear un jard\u00edn infantil administrado por la Junji en un espacio bald\u00edo que est\u00e1 al lado de la Universidad.<br \/>\n<strong>&#8211; Ese terreno se lo est\u00e1n pidiendo al alcalde.<\/strong><br \/>\n&#8211; Claro, durante los dos \u00faltimos gobiernos se ha estado impulsando la creaci\u00f3n de nuevos jardines Junji en todas las comunas y San Felipe no queda fuera de eso, vino una directora de la Junji a revisar el terreno bald\u00edo que est\u00e1 al lado de la Universidad, frente al estadio municipal, y dijo que se encontraba apto, el problema es que cuando se lo piden al alcalde, al municipio, se niega el espacio.<br \/>\n<strong>&#8211; \u00bfCu\u00e1les debieran ser las consecuencias de esta toma?<\/strong><br \/>\n&#8211; Esperamos que las respuestas sean positivas, que podamos siempre mantener la negociaci\u00f3n, pero tambi\u00e9n la movilizaci\u00f3n activa con harta fuerza, con harta demostraci\u00f3n en la calle, esperamos tener harta vinculaci\u00f3n, la comunidad, tenemos que tener empat\u00eda con la gente de San Felipe, de las mujeres principalmente, sabemos que un amplio sector no est\u00e1 ni ah\u00ed con la movilizaciones, pero sabemos que hay otros sectores de mujeres trabajadoras y hombres que nos apoyan y est\u00e1n de acuerdo con lo que estamos pidiendo.<br \/>\nEsperan en su momento poder convocar una marcha junto a las compa\u00f1eras de la Universidad de Valpara\u00edso.<\/p>\n<figure id=\"attachment_86457\" aria-describedby=\"caption-attachment-86457\" style=\"width: 580px\" class=\"wp-caption alignnone\"><img data-recalc-dims=\"1\" loading=\"lazy\" decoding=\"async\" class=\"size-full wp-image-86457\" src=\"https:\/\/i0.wp.com\/www.eltrabajo.cl\/portal\/wp-content\/uploads\/2018\/05\/TOMA.jpg?resize=580%2C400\" alt=\"Las tradicionales sillas volvieron a ser puestas cierre perimetral de la Universidad, dejando en claro la toma por parte de un grupo de 25 alumnas.\" width=\"580\" height=\"400\" srcset=\"https:\/\/i0.wp.com\/eltrabajo.cl\/portal\/wp-content\/uploads\/2018\/05\/TOMA.jpg?w=580&amp;ssl=1 580w, https:\/\/i0.wp.com\/eltrabajo.cl\/portal\/wp-content\/uploads\/2018\/05\/TOMA.jpg?resize=200%2C138&amp;ssl=1 200w, https:\/\/i0.wp.com\/eltrabajo.cl\/portal\/wp-content\/uploads\/2018\/05\/TOMA.jpg?resize=300%2C207&amp;ssl=1 300w, https:\/\/i0.wp.com\/eltrabajo.cl\/portal\/wp-content\/uploads\/2018\/05\/TOMA.jpg?resize=218%2C150&amp;ssl=1 218w, https:\/\/i0.wp.com\/eltrabajo.cl\/portal\/wp-content\/uploads\/2018\/05\/TOMA.jpg?resize=400%2C276&amp;ssl=1 400w\" sizes=\"auto, (max-width: 580px) 100vw, 580px\" \/><figcaption id=\"caption-attachment-86457\" class=\"wp-caption-text\">Las tradicionales sillas volvieron a ser puestas cierre perimetral de la Universidad, dejando en claro la toma por parte de un grupo de 25 alumnas.<\/figcaption><\/figure>\n","protected":false},"excerpt":{"rendered":"<p>Desde este martes en la tarde la sede de la Upla ubicada en calle Benigno Caldera de San Felipe, se encuentra tomada por un grupo de feministas de esa casa de estudios&#8230;.<\/p>\n","protected":false},"author":1,"featured_media":86457,"comment_status":"open","ping_status":"open","sticky":false,"template":"","format":"standard","meta":{"advanced_seo_description":"","jetpack_seo_html_title":"","jetpack_seo_noindex":false,"_jetpack_memberships_contains_paid_content":false,"footnotes":""},"categories":[1],"tags":[],"class_list":["post-86455","post","type-post","status-publish","format-standard","has-post-thumbnail","hentry","category-cronica"],"jetpack_featured_media_url":"https:\/\/i0.wp.com\/eltrabajo.cl\/portal\/wp-content\/uploads\/2018\/05\/TOMA.jpg?fit=580%2C400&ssl=1","jetpack_sharing_enabled":true,"jetpack_likes_enabled":true,"jetpack-related-posts":[],"_links":{"self":[{"href":"https:\/\/eltrabajo.cl\/portal\/wp-json\/wp\/v2\/posts\/86455","targetHints":{"allow":["GET"]}}],"collection":[{"href":"https:\/\/eltrabajo.cl\/portal\/wp-json\/wp\/v2\/posts"}],"about":[{"href":"https:\/\/eltrabajo.cl\/portal\/wp-json\/wp\/v2\/types\/post"}],"author":[{"embeddable":true,"href":"https:\/\/eltrabajo.cl\/portal\/wp-json\/wp\/v2\/users\/1"}],"replies":[{"embeddable":true,"href":"https:\/\/eltrabajo.cl\/portal\/wp-json\/wp\/v2\/comments?post=86455"}],"version-history":[{"count":0,"href":"https:\/\/eltrabajo.cl\/portal\/wp-json\/wp\/v2\/posts\/86455\/revisions"}],"wp:featuredmedia":[{"embeddable":true,"href":"https:\/\/eltrabajo.cl\/portal\/wp-json\/wp\/v2\/media\/86457"}],"wp:attachment":[{"href":"https:\/\/eltrabajo.cl\/portal\/wp-json\/wp\/v2\/media?parent=86455"}],"wp:term":[{"taxonomy":"category","embeddable":true,"href":"https:\/\/eltrabajo.cl\/portal\/wp-json\/wp\/v2\/categories?post=86455"},{"taxonomy":"post_tag","embeddable":true,"href":"https:\/\/eltrabajo.cl\/portal\/wp-json\/wp\/v2\/tags?post=86455"}],"curies":[{"name":"wp","href":"https:\/\/api.w.org\/{rel}","templated":true}]}}