{"id":86465,"date":"2018-05-25T05:00:47","date_gmt":"2018-05-25T09:00:47","guid":{"rendered":"http:\/\/www.eltrabajo.cl\/2017\/?p=86465"},"modified":"2018-05-25T05:00:47","modified_gmt":"2018-05-25T09:00:47","slug":"el-uni-uni-obligado-a-ganar-en-el-sur-si-quiere-cumplir-su-propia-meta","status":"publish","type":"post","link":"https:\/\/eltrabajo.cl\/portal\/el-uni-uni-obligado-a-ganar-en-el-sur-si-quiere-cumplir-su-propia-meta\/","title":{"rendered":"El Un\u00ed Un\u00ed obligado a ganar en el sur si quiere cumplir su propia meta"},"content":{"rendered":"<figure id=\"attachment_86466\" aria-describedby=\"caption-attachment-86466\" style=\"width: 580px\" class=\"wp-caption alignnone\"><img data-recalc-dims=\"1\" loading=\"lazy\" decoding=\"async\" class=\"size-full wp-image-86466\" src=\"https:\/\/i0.wp.com\/www.eltrabajo.cl\/portal\/wp-content\/uploads\/2018\/05\/uni-uni.jpg?resize=580%2C400\" alt=\"Uni\u00f3n San Felipe ir\u00e1 al sur en busca de puntos muy importantes para su objetivo de quedar dentro de los seis primeros del torneo.\" width=\"580\" height=\"400\" srcset=\"https:\/\/i0.wp.com\/eltrabajo.cl\/portal\/wp-content\/uploads\/2018\/05\/uni-uni.jpg?w=580&amp;ssl=1 580w, https:\/\/i0.wp.com\/eltrabajo.cl\/portal\/wp-content\/uploads\/2018\/05\/uni-uni.jpg?resize=200%2C138&amp;ssl=1 200w, https:\/\/i0.wp.com\/eltrabajo.cl\/portal\/wp-content\/uploads\/2018\/05\/uni-uni.jpg?resize=300%2C207&amp;ssl=1 300w, https:\/\/i0.wp.com\/eltrabajo.cl\/portal\/wp-content\/uploads\/2018\/05\/uni-uni.jpg?resize=218%2C150&amp;ssl=1 218w, https:\/\/i0.wp.com\/eltrabajo.cl\/portal\/wp-content\/uploads\/2018\/05\/uni-uni.jpg?resize=400%2C276&amp;ssl=1 400w\" sizes=\"auto, (max-width: 580px) 100vw, 580px\" \/><figcaption id=\"caption-attachment-86466\" class=\"wp-caption-text\">Uni\u00f3n San Felipe ir\u00e1 al sur en busca de puntos muy importantes para su objetivo de quedar dentro de los seis primeros del torneo.<\/figcaption><\/figure>\n<p>Si Uni\u00f3n San Felipe quiere cumplir con su objetivo de terminar dentro de los seis primeros -una meta que el propio cuerpo t\u00e9cnico y plantel de jugadores se han planteado para este primer semestre-, se hace imprescindible que ma\u00f1ana en la tarde, en la hermosa capital de la regi\u00f3n de Los Lagos, salga airoso ante Deportes Puerto Montt, en el duelo que tendr\u00e1 como escenario el espectacular estadio Chinquihue.<br \/>\nEn la interna de los sanfelipe\u00f1os asumen que en el sur est\u00e1n obligados a mejorar su volumen futbol\u00edstico para poder quedarse con los tres puntos. Ante los puertomontinos tambi\u00e9n ser\u00e1 muy importante mantener el orden defensivo para mantener el arco en cero, y desde ah\u00ed pensar en da\u00f1ar a un oponente que suele hacerse fuerte en su casa, al sacar provecho de las condiciones ambientales y el c\u00e9sped sint\u00e9tico.<br \/>\nLa probable formaci\u00f3n sanfelipe\u00f1a ser\u00eda con: Andr\u00e9s Fern\u00e1ndez en el arco; Francisco Bahamondes, David Fern\u00e1ndez (Nicol\u00e1s Su\u00e1rez), Brayams Viveros, Gonzalo Villegas, en la \u00faltima l\u00ednea, mientras que Francisco Levip\u00e1n, Brian Cort\u00e9s, Emmanuel P\u00edo, Jimmy Cisterna, Brayan Valdivia, ser\u00e1n los volantes para quedar como solitario punta de lanza H\u00e9ctor Vega.<br \/>\nEl t\u00e9cnico Christian Lovrincevich se refiri\u00f3 al duelo ma\u00f1ana en el sur del pa\u00eds: \u201cPuerto Montt es un rival muy dif\u00edcil; ser\u00e1 un partido parecido a Cobreloa, Wanderers o Coquimbo. Sabemos que buscar\u00e1n pegarnos de entrada y nuestra tarea ser\u00e1 evitar esos golpes para poder responder y da\u00f1arlos. Ser\u00e1 un partido r\u00e1pido, por lo que habr\u00e1 que sostener la estructura defensiva y agregarle una cuota ofensiva para poder ganarlo\u201d, analiz\u00f3 el entrenador albirrojo.<br \/>\nProgramaci\u00f3n fecha 14\u00aa<br \/>\nS\u00e1bado 26 de mayo<br \/>\n18:00 horas: Puerto Montt \u2013 Uni\u00f3n San Felipe<br \/>\n19:00 horas: Coquimbo Unido \u2013 Melipilla<br \/>\nDomingo 27 de mayo<br \/>\n12:00 horas: Magallanes \u2013 San Marcos<br \/>\n12:00 horas: Valdivia \u2013 Santiago Morning<br \/>\n15:30 horas: Cobresal \u2013 Santiago Wanderers<br \/>\n16:00 horas: Copiap\u00f3 \u2013 \u00d1ublense<br \/>\n16:00 horas: Cobreloa \u2013 Barnechea<br \/>\n20:00 horas: Rangers \u2013 La Serena<\/p>\n<p><span style=\"color: #ff0000;\"><strong>Tabla de Posiciones<\/strong><\/span><br \/>\nLugar Ptos.<br \/>\nCobresal 26<br \/>\nSantiago Morning 24<br \/>\nBarnechea 20<br \/>\n\u00d1ublense 19<br \/>\nCoquimbo Unido 19<br \/>\nRangers 19<br \/>\nLa Serena 19<br \/>\nValdivia 18<br \/>\nCobreloa 18<br \/>\nCopiap\u00f3 16<br \/>\n<strong>Uni\u00f3n San Felipe 16<\/strong><br \/>\nMelipilla 15<br \/>\nPuerto Montt 14<br \/>\nSan Marcos 14<br \/>\nMagallanes 13<br \/>\nSantiago Wanderers 11<\/p>\n","protected":false},"excerpt":{"rendered":"<p>Si Uni\u00f3n San Felipe quiere cumplir con su objetivo de terminar dentro de los seis primeros -una meta que el propio cuerpo t\u00e9cnico y plantel de jugadores se han planteado para este&#8230;<\/p>\n","protected":false},"author":1,"featured_media":86466,"comment_status":"open","ping_status":"open","sticky":false,"template":"","format":"standard","meta":{"advanced_seo_description":"","jetpack_seo_html_title":"","jetpack_seo_noindex":false,"_jetpack_memberships_contains_paid_content":false,"footnotes":""},"categories":[19],"tags":[],"class_list":["post-86465","post","type-post","status-publish","format-standard","has-post-thumbnail","hentry","category-deportes"],"jetpack_featured_media_url":"https:\/\/i0.wp.com\/eltrabajo.cl\/portal\/wp-content\/uploads\/2018\/05\/uni-uni.jpg?fit=580%2C400&ssl=1","jetpack_sharing_enabled":true,"jetpack_likes_enabled":true,"jetpack-related-posts":[],"_links":{"self":[{"href":"https:\/\/eltrabajo.cl\/portal\/wp-json\/wp\/v2\/posts\/86465","targetHints":{"allow":["GET"]}}],"collection":[{"href":"https:\/\/eltrabajo.cl\/portal\/wp-json\/wp\/v2\/posts"}],"about":[{"href":"https:\/\/eltrabajo.cl\/portal\/wp-json\/wp\/v2\/types\/post"}],"author":[{"embeddable":true,"href":"https:\/\/eltrabajo.cl\/portal\/wp-json\/wp\/v2\/users\/1"}],"replies":[{"embeddable":true,"href":"https:\/\/eltrabajo.cl\/portal\/wp-json\/wp\/v2\/comments?post=86465"}],"version-history":[{"count":0,"href":"https:\/\/eltrabajo.cl\/portal\/wp-json\/wp\/v2\/posts\/86465\/revisions"}],"wp:featuredmedia":[{"embeddable":true,"href":"https:\/\/eltrabajo.cl\/portal\/wp-json\/wp\/v2\/media\/86466"}],"wp:attachment":[{"href":"https:\/\/eltrabajo.cl\/portal\/wp-json\/wp\/v2\/media?parent=86465"}],"wp:term":[{"taxonomy":"category","embeddable":true,"href":"https:\/\/eltrabajo.cl\/portal\/wp-json\/wp\/v2\/categories?post=86465"},{"taxonomy":"post_tag","embeddable":true,"href":"https:\/\/eltrabajo.cl\/portal\/wp-json\/wp\/v2\/tags?post=86465"}],"curies":[{"name":"wp","href":"https:\/\/api.w.org\/{rel}","templated":true}]}}