{"id":86468,"date":"2018-05-25T05:01:28","date_gmt":"2018-05-25T09:01:28","guid":{"rendered":"http:\/\/www.eltrabajo.cl\/2017\/?p=86468"},"modified":"2018-05-25T05:01:28","modified_gmt":"2018-05-25T09:01:28","slug":"perros-policiales-se-lucen-en-actividad-de-carabineros-y-municipalidad","status":"publish","type":"post","link":"https:\/\/eltrabajo.cl\/portal\/perros-policiales-se-lucen-en-actividad-de-carabineros-y-municipalidad\/","title":{"rendered":"Perros policiales se lucen en actividad de Carabineros y Municipalidad"},"content":{"rendered":"<figure id=\"attachment_86469\" aria-describedby=\"caption-attachment-86469\" style=\"width: 580px\" class=\"wp-caption alignnone\"><img data-recalc-dims=\"1\" loading=\"lazy\" decoding=\"async\" class=\"size-full wp-image-86469\" src=\"https:\/\/i0.wp.com\/www.eltrabajo.cl\/portal\/wp-content\/uploads\/2018\/05\/perros-policiales-1.jpg?resize=580%2C398\" alt=\"La secci\u00f3n de perros policiales de Vi\u00f1a del Mar se luci\u00f3 ante un masivo p\u00fablico que se maravill\u00f3 con el grado de adiestramiento de los canes.\" width=\"580\" height=\"398\" srcset=\"https:\/\/i0.wp.com\/eltrabajo.cl\/portal\/wp-content\/uploads\/2018\/05\/perros-policiales-1.jpg?w=580&amp;ssl=1 580w, https:\/\/i0.wp.com\/eltrabajo.cl\/portal\/wp-content\/uploads\/2018\/05\/perros-policiales-1.jpg?resize=200%2C137&amp;ssl=1 200w, https:\/\/i0.wp.com\/eltrabajo.cl\/portal\/wp-content\/uploads\/2018\/05\/perros-policiales-1.jpg?resize=300%2C206&amp;ssl=1 300w, https:\/\/i0.wp.com\/eltrabajo.cl\/portal\/wp-content\/uploads\/2018\/05\/perros-policiales-1.jpg?resize=219%2C150&amp;ssl=1 219w, https:\/\/i0.wp.com\/eltrabajo.cl\/portal\/wp-content\/uploads\/2018\/05\/perros-policiales-1.jpg?resize=400%2C274&amp;ssl=1 400w\" sizes=\"auto, (max-width: 580px) 100vw, 580px\" \/><figcaption id=\"caption-attachment-86469\" class=\"wp-caption-text\">La secci\u00f3n de perros policiales de Vi\u00f1a del Mar se luci\u00f3 ante un masivo p\u00fablico que se maravill\u00f3 con el grado de adiestramiento de los canes.<\/figcaption><\/figure>\n<ul>\n<li><span style=\"color: #ff0000;\"><strong>Evento se llev\u00f3 a cabo en el Estadio Municipal donde participaron alrededor de mil ni\u00f1os y ni\u00f1as de diversos establecimientos educacionales de la comuna.<\/strong><\/span><\/li>\n<\/ul>\n<p>Con una amplia participaci\u00f3n de la comunidad escolar se desarroll\u00f3 la actividad recreativa y educativa organizada por Carabineros de Chile y la Municipalidad de San Felipe -a trav\u00e9s del Programa de Tenencia Responsable de Mascotas-, la cual estuvo protagonizada por la secci\u00f3n de perros policiales de Vi\u00f1a del Mar.<br \/>\nLa jornada, que tuvo como objetivo acercar el trabajo que realiza Carabineros y adem\u00e1s fomentar el respeto hacia los animales, fue presenciada por miles de ni\u00f1os que pudieron disfrutar con la agilidad e inteligencia de los canes.<br \/>\n\u00abEstoy muy contento de contar con este escuadr\u00f3n de perros que vino desde Vi\u00f1a del Mar y agradecer a Carabineros de Chile por este gran espect\u00e1culo que traen a los ni\u00f1os de la comuna de San Felipe\u00bb, se\u00f1al\u00f3 el alcalde Patricio Freire, quien adem\u00e1s destac\u00f3 el que Carabineros est\u00e9 trabajando con las nuevas generaciones en materia de tenencia responsable de mascotas, al igual que lo est\u00e1 realizando el municipio a trav\u00e9s de iniciativas como la Veterinaria Municipal o el desarrollo de proyectos que contemplan la entrega de microchips y vacunas.<br \/>\nEn tanto, Pablo Kast, diputado de la V regi\u00f3n interior y quien tambi\u00e9n estuvo presente en la actividad, indic\u00f3 estar muy contento por ver ni\u00f1os y familias disfrutando del gran espect\u00e1culo.<br \/>\n\u00abYo celebro y agradezco est\u00e1 instancia que se ha generado a trav\u00e9s de Carabineros de Chile y la Municipalidad de San Felipe para poder acercar toda la funci\u00f3n que cumple Carabineros, que es tan importante en nuestra sociedad, a los ni\u00f1os y a la familia en general\u00bb, declar\u00f3 Kast.<br \/>\nFinalmente, el Mayor H\u00e9ctor Soto, comisario de la 2da Comisar\u00eda de San Felipe, inform\u00f3 que el evento se enmarca en las actividades que se est\u00e1n realizando en lo que es integraci\u00f3n comunitaria de Carabineros de Chile con el lema \u2018M\u00e1s cerca de ti\u2019 y agreg\u00f3 que \u00abnos esforzamos d\u00eda a d\u00eda para tener un mayor acercamiento con la comunidad, pero uno tiene que trabajar con los m\u00e1s peque\u00f1os y de esa manera yo creo que podremos tener muy buenos resultados en el futuro\u00bb.<\/p>\n<figure id=\"attachment_86470\" aria-describedby=\"caption-attachment-86470\" style=\"width: 580px\" class=\"wp-caption alignnone\"><img data-recalc-dims=\"1\" loading=\"lazy\" decoding=\"async\" class=\"size-full wp-image-86470\" src=\"https:\/\/i0.wp.com\/www.eltrabajo.cl\/portal\/wp-content\/uploads\/2018\/05\/perros-policiales-2.jpg?resize=580%2C400\" alt=\"Las habilidades de los perros policiales en el apoyo a la labor de Carabineros quedaron de manifiesto durante la presentaci\u00f3n.\" width=\"580\" height=\"400\" srcset=\"https:\/\/i0.wp.com\/eltrabajo.cl\/portal\/wp-content\/uploads\/2018\/05\/perros-policiales-2.jpg?w=580&amp;ssl=1 580w, https:\/\/i0.wp.com\/eltrabajo.cl\/portal\/wp-content\/uploads\/2018\/05\/perros-policiales-2.jpg?resize=200%2C138&amp;ssl=1 200w, https:\/\/i0.wp.com\/eltrabajo.cl\/portal\/wp-content\/uploads\/2018\/05\/perros-policiales-2.jpg?resize=300%2C207&amp;ssl=1 300w, https:\/\/i0.wp.com\/eltrabajo.cl\/portal\/wp-content\/uploads\/2018\/05\/perros-policiales-2.jpg?resize=218%2C150&amp;ssl=1 218w, https:\/\/i0.wp.com\/eltrabajo.cl\/portal\/wp-content\/uploads\/2018\/05\/perros-policiales-2.jpg?resize=400%2C276&amp;ssl=1 400w\" sizes=\"auto, (max-width: 580px) 100vw, 580px\" \/><figcaption id=\"caption-attachment-86470\" class=\"wp-caption-text\">Las habilidades de los perros policiales en el apoyo a la labor de Carabineros quedaron de manifiesto durante la presentaci\u00f3n.<\/figcaption><\/figure>\n<figure id=\"attachment_86471\" aria-describedby=\"caption-attachment-86471\" style=\"width: 580px\" class=\"wp-caption alignnone\"><img data-recalc-dims=\"1\" loading=\"lazy\" decoding=\"async\" class=\"size-full wp-image-86471\" src=\"https:\/\/i0.wp.com\/www.eltrabajo.cl\/portal\/wp-content\/uploads\/2018\/05\/perros-policiales-4.jpg?resize=580%2C400\" alt=\"Gran cantidad de ni\u00f1os en su mayor\u00eda alumnos de establecimientos educacionales, disfrutaron en grande de la exhibici\u00f3n organizada por Carabineros de Chile y la Municipalidad de San Felipe.\" width=\"580\" height=\"400\" srcset=\"https:\/\/i0.wp.com\/eltrabajo.cl\/portal\/wp-content\/uploads\/2018\/05\/perros-policiales-4.jpg?w=580&amp;ssl=1 580w, https:\/\/i0.wp.com\/eltrabajo.cl\/portal\/wp-content\/uploads\/2018\/05\/perros-policiales-4.jpg?resize=200%2C138&amp;ssl=1 200w, https:\/\/i0.wp.com\/eltrabajo.cl\/portal\/wp-content\/uploads\/2018\/05\/perros-policiales-4.jpg?resize=300%2C207&amp;ssl=1 300w, https:\/\/i0.wp.com\/eltrabajo.cl\/portal\/wp-content\/uploads\/2018\/05\/perros-policiales-4.jpg?resize=218%2C150&amp;ssl=1 218w, https:\/\/i0.wp.com\/eltrabajo.cl\/portal\/wp-content\/uploads\/2018\/05\/perros-policiales-4.jpg?resize=400%2C276&amp;ssl=1 400w\" sizes=\"auto, (max-width: 580px) 100vw, 580px\" \/><figcaption id=\"caption-attachment-86471\" class=\"wp-caption-text\">Gran cantidad de ni\u00f1os en su mayor\u00eda alumnos de establecimientos educacionales, disfrutaron en grande de la exhibici\u00f3n organizada por Carabineros de Chile y la Municipalidad de San Felipe.<\/figcaption><\/figure>\n","protected":false},"excerpt":{"rendered":"<p>Evento se llev\u00f3 a cabo en el Estadio Municipal donde participaron alrededor de mil ni\u00f1os y ni\u00f1as de diversos establecimientos educacionales de la comuna. Con una amplia participaci\u00f3n de la comunidad escolar&#8230;<\/p>\n","protected":false},"author":1,"featured_media":86470,"comment_status":"open","ping_status":"open","sticky":false,"template":"","format":"standard","meta":{"advanced_seo_description":"","jetpack_seo_html_title":"","jetpack_seo_noindex":false,"_jetpack_memberships_contains_paid_content":false,"footnotes":""},"categories":[1],"tags":[],"class_list":["post-86468","post","type-post","status-publish","format-standard","has-post-thumbnail","hentry","category-cronica"],"jetpack_featured_media_url":"https:\/\/i0.wp.com\/eltrabajo.cl\/portal\/wp-content\/uploads\/2018\/05\/perros-policiales-2.jpg?fit=580%2C400&ssl=1","jetpack_sharing_enabled":true,"jetpack_likes_enabled":true,"jetpack-related-posts":[],"_links":{"self":[{"href":"https:\/\/eltrabajo.cl\/portal\/wp-json\/wp\/v2\/posts\/86468","targetHints":{"allow":["GET"]}}],"collection":[{"href":"https:\/\/eltrabajo.cl\/portal\/wp-json\/wp\/v2\/posts"}],"about":[{"href":"https:\/\/eltrabajo.cl\/portal\/wp-json\/wp\/v2\/types\/post"}],"author":[{"embeddable":true,"href":"https:\/\/eltrabajo.cl\/portal\/wp-json\/wp\/v2\/users\/1"}],"replies":[{"embeddable":true,"href":"https:\/\/eltrabajo.cl\/portal\/wp-json\/wp\/v2\/comments?post=86468"}],"version-history":[{"count":0,"href":"https:\/\/eltrabajo.cl\/portal\/wp-json\/wp\/v2\/posts\/86468\/revisions"}],"wp:featuredmedia":[{"embeddable":true,"href":"https:\/\/eltrabajo.cl\/portal\/wp-json\/wp\/v2\/media\/86470"}],"wp:attachment":[{"href":"https:\/\/eltrabajo.cl\/portal\/wp-json\/wp\/v2\/media?parent=86468"}],"wp:term":[{"taxonomy":"category","embeddable":true,"href":"https:\/\/eltrabajo.cl\/portal\/wp-json\/wp\/v2\/categories?post=86468"},{"taxonomy":"post_tag","embeddable":true,"href":"https:\/\/eltrabajo.cl\/portal\/wp-json\/wp\/v2\/tags?post=86468"}],"curies":[{"name":"wp","href":"https:\/\/api.w.org\/{rel}","templated":true}]}}