{"id":86482,"date":"2018-05-25T05:03:49","date_gmt":"2018-05-25T09:03:49","guid":{"rendered":"http:\/\/www.eltrabajo.cl\/2017\/?p=86482"},"modified":"2018-05-25T05:03:49","modified_gmt":"2018-05-25T09:03:49","slug":"con-pistola-plastica-delincuente-asalto-a-dos-jovenes-para-robar-celular","status":"publish","type":"post","link":"https:\/\/eltrabajo.cl\/portal\/con-pistola-plastica-delincuente-asalto-a-dos-jovenes-para-robar-celular\/","title":{"rendered":"Con pistola pl\u00e1stica delincuente asalt\u00f3 a dos j\u00f3venes para robar celular"},"content":{"rendered":"<figure id=\"attachment_86483\" aria-describedby=\"caption-attachment-86483\" style=\"width: 580px\" class=\"wp-caption alignnone\"><img data-recalc-dims=\"1\" loading=\"lazy\" decoding=\"async\" class=\"size-full wp-image-86483\" src=\"https:\/\/i0.wp.com\/www.eltrabajo.cl\/portal\/wp-content\/uploads\/2018\/05\/pistola-incautada.jpg?resize=580%2C333\" alt=\"Carabineros incaut\u00f3 la pistola pl\u00e1stica utilizada por el delincuente para cometer el robo de un tel\u00e9fono celular la tarde noche de este mi\u00e9rcoles en Santa Mar\u00eda.\" width=\"580\" height=\"333\" srcset=\"https:\/\/i0.wp.com\/eltrabajo.cl\/portal\/wp-content\/uploads\/2018\/05\/pistola-incautada.jpg?w=580&amp;ssl=1 580w, https:\/\/i0.wp.com\/eltrabajo.cl\/portal\/wp-content\/uploads\/2018\/05\/pistola-incautada.jpg?resize=200%2C115&amp;ssl=1 200w, https:\/\/i0.wp.com\/eltrabajo.cl\/portal\/wp-content\/uploads\/2018\/05\/pistola-incautada.jpg?resize=300%2C172&amp;ssl=1 300w, https:\/\/i0.wp.com\/eltrabajo.cl\/portal\/wp-content\/uploads\/2018\/05\/pistola-incautada.jpg?resize=261%2C150&amp;ssl=1 261w, https:\/\/i0.wp.com\/eltrabajo.cl\/portal\/wp-content\/uploads\/2018\/05\/pistola-incautada.jpg?resize=400%2C230&amp;ssl=1 400w\" sizes=\"auto, (max-width: 580px) 100vw, 580px\" \/><figcaption id=\"caption-attachment-86483\" class=\"wp-caption-text\">Carabineros incaut\u00f3 la pistola pl\u00e1stica utilizada por el delincuente para cometer el robo de un tel\u00e9fono celular la tarde noche de este mi\u00e9rcoles en Santa Mar\u00eda.<\/figcaption><\/figure>\n<ul>\n<li><strong><span style=\"color: #ff0000;\">V\u00edctimas fueron intimidadas por dos sujetos, uno de ellos amenazaba con una pistola de juguete:<\/span> Carabineros logr\u00f3 la captura de uno de los sujetos, debiendo retirarse tras recibir pedradas de vecinos de la poblaci\u00f3n Tres Carreras.<\/strong><\/li>\n<\/ul>\n<p>Un peligroso antisocial de 19 a\u00f1os de edad fue detenido por Carabineros de la Tenencia de Santa Mar\u00eda, luego de la denuncia de dos v\u00edctimas que fueron intimidadas por el imputado en compa\u00f1\u00eda de otro sujeto, apuntando con una pistola para arrebatarles un tel\u00e9fono celular.<br \/>\nEl hecho habr\u00eda ocurrido alrededor de las 20:45 horas de este mi\u00e9rcoles, inici\u00e1ndose las investigaciones del caso luego de la concurrencia de los dos j\u00f3venes de 18 y 19 a\u00f1os de edad, quienes se presentaron ante Carabineros de esa comuna para detallar haber sido v\u00edctimas de un robo con intimidaci\u00f3n.<br \/>\nSeg\u00fan el testimonio de los afectados, momentos antes mientras circulaban por un sitio eriazo ubicado a un costado de la Poblaci\u00f3n Los Robles, sorpresivamente fueron abordados por un desconocido que premunido de una pistola, abraz\u00f3 por detr\u00e1s a una de las v\u00edctimas, apuntando el arma contra su pecho, oblig\u00e1ndolo a hacer entrega de sus pertenencias.<br \/>\nDe la misma forma, el delincuente, acompa\u00f1ado por otro sujeto, amenaz\u00f3 con el armamento a la segunda v\u00edctima, sustray\u00e9ndole un tel\u00e9fono celular marca Huawei de color blanco. Obtenido el bot\u00edn ambos delincuentes huyen en direcci\u00f3n a la poblaci\u00f3n Tres Carreras, quienes durante la huida apuntaban a las v\u00edctimas indic\u00e1ndoles que no los siguieran.<br \/>\nCarabineros, tras recepcionar esta grave denuncia, inici\u00f3 patrullajes en b\u00fasqueda de los individuos, de acuerdo a las caracter\u00edsticas f\u00edsicas y vestimentas detalladas por las v\u00edctimas, traslad\u00e1ndose hasta la poblaci\u00f3n Los H\u00e9roes, observando a los dos sujetos descritos, quienes huyeron tras advertir la presencia policial.<br \/>\nLos funcionarios policiales lograron dar alcance a uno de los sujetos, quien manten\u00eda en la pretina de su pantal\u00f3n una pistola, siendo reducido en el lugar. Mientras el segundo involucrado logr\u00f3 escapar tras ser auxiliado por vecinos de ese sector, quienes habr\u00edan arrojado piedras en contra de Carabineros.<br \/>\nEl detenido fue identificado con las iniciales B.A.N. de 19 a\u00f1os de edad, domiciliado en la comuna de San Felipe, quien cuenta con un nutrido prontuario por delitos de robo con violencia, robo en lugar no habitado, receptaci\u00f3n y porte de armas, entre otros.<br \/>\nAsimismo Carabineros detall\u00f3 que el armamento incautado se trata de una pistola pl\u00e1stica a balines envuelta su empu\u00f1adura con una bolsa pl\u00e1stica. El detenido fue derivado hasta el Juzgado de Garant\u00eda de San Felipe para ser formalizado por la Fiscal\u00eda.<br \/>\nLa v\u00edctima avalu\u00f3 el robo de su tel\u00e9fono celular en la suma de $120.000 sin lograr su recuperaci\u00f3n.<br \/>\n<strong>Pablo Salinas Sald\u00edas<\/strong><\/p>\n","protected":false},"excerpt":{"rendered":"<p>V\u00edctimas fueron intimidadas por dos sujetos, uno de ellos amenazaba con una pistola de juguete: Carabineros logr\u00f3 la captura de uno de los sujetos, debiendo retirarse tras recibir pedradas de vecinos de&#8230;<\/p>\n","protected":false},"author":1,"featured_media":86483,"comment_status":"open","ping_status":"open","sticky":false,"template":"","format":"standard","meta":{"advanced_seo_description":"","jetpack_seo_html_title":"","jetpack_seo_noindex":false,"_jetpack_memberships_contains_paid_content":false,"footnotes":""},"categories":[21],"tags":[],"class_list":["post-86482","post","type-post","status-publish","format-standard","has-post-thumbnail","hentry","category-policial"],"jetpack_featured_media_url":"https:\/\/i0.wp.com\/eltrabajo.cl\/portal\/wp-content\/uploads\/2018\/05\/pistola-incautada.jpg?fit=580%2C333&ssl=1","jetpack_sharing_enabled":true,"jetpack_likes_enabled":true,"jetpack-related-posts":[],"_links":{"self":[{"href":"https:\/\/eltrabajo.cl\/portal\/wp-json\/wp\/v2\/posts\/86482","targetHints":{"allow":["GET"]}}],"collection":[{"href":"https:\/\/eltrabajo.cl\/portal\/wp-json\/wp\/v2\/posts"}],"about":[{"href":"https:\/\/eltrabajo.cl\/portal\/wp-json\/wp\/v2\/types\/post"}],"author":[{"embeddable":true,"href":"https:\/\/eltrabajo.cl\/portal\/wp-json\/wp\/v2\/users\/1"}],"replies":[{"embeddable":true,"href":"https:\/\/eltrabajo.cl\/portal\/wp-json\/wp\/v2\/comments?post=86482"}],"version-history":[{"count":0,"href":"https:\/\/eltrabajo.cl\/portal\/wp-json\/wp\/v2\/posts\/86482\/revisions"}],"wp:featuredmedia":[{"embeddable":true,"href":"https:\/\/eltrabajo.cl\/portal\/wp-json\/wp\/v2\/media\/86483"}],"wp:attachment":[{"href":"https:\/\/eltrabajo.cl\/portal\/wp-json\/wp\/v2\/media?parent=86482"}],"wp:term":[{"taxonomy":"category","embeddable":true,"href":"https:\/\/eltrabajo.cl\/portal\/wp-json\/wp\/v2\/categories?post=86482"},{"taxonomy":"post_tag","embeddable":true,"href":"https:\/\/eltrabajo.cl\/portal\/wp-json\/wp\/v2\/tags?post=86482"}],"curies":[{"name":"wp","href":"https:\/\/api.w.org\/{rel}","templated":true}]}}