{"id":86493,"date":"2018-05-28T05:01:21","date_gmt":"2018-05-28T09:01:21","guid":{"rendered":"http:\/\/www.eltrabajo.cl\/2017\/?p=86493"},"modified":"2018-05-28T05:01:21","modified_gmt":"2018-05-28T09:01:21","slug":"autoridades-comprometen-solucion-a-plaga-de-ratones-en-villa-el-carmen","status":"publish","type":"post","link":"https:\/\/eltrabajo.cl\/portal\/autoridades-comprometen-solucion-a-plaga-de-ratones-en-villa-el-carmen\/","title":{"rendered":"Autoridades comprometen soluci\u00f3n a plaga de ratones en Villa El Carmen"},"content":{"rendered":"<figure id=\"attachment_86494\" aria-describedby=\"caption-attachment-86494\" style=\"width: 578px\" class=\"wp-caption alignnone\"><img data-recalc-dims=\"1\" loading=\"lazy\" decoding=\"async\" class=\"size-full wp-image-86494\" src=\"https:\/\/i0.wp.com\/www.eltrabajo.cl\/portal\/wp-content\/uploads\/2018\/05\/Roedores1.jpg?resize=578%2C386\" alt=\"Habitantes del sector quedaron conformes, ya que existi\u00f3 un r\u00e1pido actuar de las autoridades quienes comprometieron un trabajo coordinado para acabar con esta plaga.\" width=\"578\" height=\"386\" srcset=\"https:\/\/i0.wp.com\/eltrabajo.cl\/portal\/wp-content\/uploads\/2018\/05\/Roedores1.jpg?w=578&amp;ssl=1 578w, https:\/\/i0.wp.com\/eltrabajo.cl\/portal\/wp-content\/uploads\/2018\/05\/Roedores1.jpg?resize=200%2C134&amp;ssl=1 200w, https:\/\/i0.wp.com\/eltrabajo.cl\/portal\/wp-content\/uploads\/2018\/05\/Roedores1.jpg?resize=300%2C200&amp;ssl=1 300w, https:\/\/i0.wp.com\/eltrabajo.cl\/portal\/wp-content\/uploads\/2018\/05\/Roedores1.jpg?resize=225%2C150&amp;ssl=1 225w, https:\/\/i0.wp.com\/eltrabajo.cl\/portal\/wp-content\/uploads\/2018\/05\/Roedores1.jpg?resize=400%2C267&amp;ssl=1 400w\" sizes=\"auto, (max-width: 578px) 100vw, 578px\" \/><figcaption id=\"caption-attachment-86494\" class=\"wp-caption-text\">Habitantes del sector quedaron conformes, ya que existi\u00f3 un r\u00e1pido actuar de las autoridades quienes comprometieron un trabajo coordinado para acabar con esta plaga.<\/figcaption><\/figure>\n<ul>\n<li><span style=\"color: #ff0000;\"><strong>Al menos un poblador fue mordido por uno de los roedores:<\/strong><\/span><\/li>\n<\/ul>\n<p>Atendiendo la urgencia por buscar una respuesta satisfactoria para los vecinos y generando un trabajo articulado entre las instituciones, el alcalde Patricio Freire se reuni\u00f3 con diversos representantes de servicios p\u00fablicos y habitantes de Villa El Carmen a ra\u00edz de la aparici\u00f3n de roedores en los hogares de dicho sector.<br \/>\nEn el encuentro se determin\u00f3 que una de las causas probables de esta, son los trabajos a gran escala que se desarrollaron en un terreno aleda\u00f1o, lo que provoc\u00f3 que los ratones que habitan bajo tierra buscaran alguna v\u00eda de escape. Por ello, se realizar\u00e1n diversas acciones, como charla preventivas para los vecinos y desratizaciones en las c\u00e1maras de los sectores m\u00e1s problem\u00e1ticos, as\u00ed lo ofreci\u00f3 V\u00edctor Delgado, experto en plagas, quien se\u00f1al\u00f3 que \u00abesto lo haremos a la brevedad. Queremos reunirnos de nuevo con los vecinos para poder establecer los plazos. El movimiento de tierra fue muy grande y el inmueble estaba en desuso durante muchos a\u00f1os, por lo que los roedores escapan por los alcantarillados e ingresan a las casas\u00bb, destac\u00f3.<br \/>\nEn tanto, Iv\u00e1n Wainwright, representante de la autoridad sanitaria, evalu\u00f3 como positivo este primer acercamiento, que sirvi\u00f3 para orientar a los vecinos acerca del trabajo que desarrollan y buscar una soluci\u00f3n. \u00abSe logr\u00f3 dar orientaci\u00f3n t\u00e9cnica y apoyo a las resoluciones que se tomen a futuro, porque no es un problema que se solucione al corto tiempo\u00bb, manifest\u00f3 el profesional.<br \/>\nPor su parte, el alcalde Patricio Freire manifest\u00f3 que era sumamente urgente poder reunirse con los afectados y que fueran ellos mismos los que pudieran plantearles sus dudas e inquietudes a los profesionales de los servicios p\u00fablicos. \u00abEste es un tema que nos preocupa. Ahora tenemos este problema contingente en la Villa El Carmen y estamos evaluando las mejores soluciones para terminar con esta plaga, que sabemos tiene preocupada a la poblaci\u00f3n de este sector\u00bb, enfatiz\u00f3 el jefe comunal.<br \/>\nFinalmente, Daniel Inostroza, presidente de la Junta de Vecinos de Villa El Carmen, calific\u00f3 como positiva la reuni\u00f3n, ya que permiti\u00f3 sincerar posturas y generar acciones coordinadas. \u00abQuedamos muy conformes porque hemos sido escuchados. Tenemos el caso de un vecino que fue afectado tras la mordida de un rat\u00f3n. Esto gener\u00f3 alarma. La idea es continuar con las reuniones con todas las autoridades pertinentes quienes se comprometieron a entregar una soluci\u00f3n oportuna\u00bb.<\/p>\n","protected":false},"excerpt":{"rendered":"<p>Al menos un poblador fue mordido por uno de los roedores: Atendiendo la urgencia por buscar una respuesta satisfactoria para los vecinos y generando un trabajo articulado entre las instituciones, el alcalde&#8230;<\/p>\n","protected":false},"author":1,"featured_media":86494,"comment_status":"open","ping_status":"open","sticky":false,"template":"","format":"standard","meta":{"advanced_seo_description":"","jetpack_seo_html_title":"","jetpack_seo_noindex":false,"_jetpack_memberships_contains_paid_content":false,"footnotes":""},"categories":[1],"tags":[],"class_list":["post-86493","post","type-post","status-publish","format-standard","has-post-thumbnail","hentry","category-cronica"],"jetpack_featured_media_url":"https:\/\/i0.wp.com\/eltrabajo.cl\/portal\/wp-content\/uploads\/2018\/05\/Roedores1.jpg?fit=578%2C386&ssl=1","jetpack_sharing_enabled":true,"jetpack_likes_enabled":true,"jetpack-related-posts":[],"_links":{"self":[{"href":"https:\/\/eltrabajo.cl\/portal\/wp-json\/wp\/v2\/posts\/86493","targetHints":{"allow":["GET"]}}],"collection":[{"href":"https:\/\/eltrabajo.cl\/portal\/wp-json\/wp\/v2\/posts"}],"about":[{"href":"https:\/\/eltrabajo.cl\/portal\/wp-json\/wp\/v2\/types\/post"}],"author":[{"embeddable":true,"href":"https:\/\/eltrabajo.cl\/portal\/wp-json\/wp\/v2\/users\/1"}],"replies":[{"embeddable":true,"href":"https:\/\/eltrabajo.cl\/portal\/wp-json\/wp\/v2\/comments?post=86493"}],"version-history":[{"count":0,"href":"https:\/\/eltrabajo.cl\/portal\/wp-json\/wp\/v2\/posts\/86493\/revisions"}],"wp:featuredmedia":[{"embeddable":true,"href":"https:\/\/eltrabajo.cl\/portal\/wp-json\/wp\/v2\/media\/86494"}],"wp:attachment":[{"href":"https:\/\/eltrabajo.cl\/portal\/wp-json\/wp\/v2\/media?parent=86493"}],"wp:term":[{"taxonomy":"category","embeddable":true,"href":"https:\/\/eltrabajo.cl\/portal\/wp-json\/wp\/v2\/categories?post=86493"},{"taxonomy":"post_tag","embeddable":true,"href":"https:\/\/eltrabajo.cl\/portal\/wp-json\/wp\/v2\/tags?post=86493"}],"curies":[{"name":"wp","href":"https:\/\/api.w.org\/{rel}","templated":true}]}}