{"id":86508,"date":"2018-05-28T05:04:33","date_gmt":"2018-05-28T09:04:33","guid":{"rendered":"http:\/\/www.eltrabajo.cl\/2017\/?p=86508"},"modified":"2018-05-28T05:04:33","modified_gmt":"2018-05-28T09:04:33","slug":"murio-aprisionado-entre-bus-de-comida-rapida-y-cargador-frontal","status":"publish","type":"post","link":"https:\/\/eltrabajo.cl\/portal\/murio-aprisionado-entre-bus-de-comida-rapida-y-cargador-frontal\/","title":{"rendered":"Muri\u00f3 aprisionado entre bus de comida r\u00e1pida y cargador frontal"},"content":{"rendered":"<figure id=\"attachment_86510\" aria-describedby=\"caption-attachment-86510\" style=\"width: 579px\" class=\"wp-caption alignnone\"><img data-recalc-dims=\"1\" loading=\"lazy\" decoding=\"async\" class=\"size-full wp-image-86510\" src=\"https:\/\/i0.wp.com\/www.eltrabajo.cl\/portal\/wp-content\/uploads\/2018\/05\/fallecido-4.jpg?resize=579%2C326\" alt=\"La escena de pesar impact\u00f3 a los presentes, donde un trabajador encontr\u00f3 la muerte de manera inesperada.\" width=\"579\" height=\"326\" srcset=\"https:\/\/i0.wp.com\/eltrabajo.cl\/portal\/wp-content\/uploads\/2018\/05\/fallecido-4.jpg?w=579&amp;ssl=1 579w, https:\/\/i0.wp.com\/eltrabajo.cl\/portal\/wp-content\/uploads\/2018\/05\/fallecido-4.jpg?resize=200%2C113&amp;ssl=1 200w, https:\/\/i0.wp.com\/eltrabajo.cl\/portal\/wp-content\/uploads\/2018\/05\/fallecido-4.jpg?resize=300%2C169&amp;ssl=1 300w, https:\/\/i0.wp.com\/eltrabajo.cl\/portal\/wp-content\/uploads\/2018\/05\/fallecido-4.jpg?resize=266%2C150&amp;ssl=1 266w, https:\/\/i0.wp.com\/eltrabajo.cl\/portal\/wp-content\/uploads\/2018\/05\/fallecido-4.jpg?resize=400%2C225&amp;ssl=1 400w\" sizes=\"auto, (max-width: 579px) 100vw, 579px\" \/><figcaption id=\"caption-attachment-86510\" class=\"wp-caption-text\">La escena de pesar impact\u00f3 a los presentes, donde un trabajador encontr\u00f3 la muerte de manera inesperada.<\/figcaption><\/figure>\n<p>Un trabajador de 53 a\u00f1os de edad, identificado como <strong>Leonardo Alfredo Araya Reyes<\/strong>, falleci\u00f3 de manera instant\u00e1nea tras quedar aprisionado entre un cargador frontal y un microb\u00fas adaptado para venta de comida r\u00e1pida en el sector de Saladillo.<br \/>\nEl lamentable hecho ocurri\u00f3 durante cerca del mediod\u00eda de ayer domingo luego que la v\u00edctima aparentemente habr\u00eda manipulado la pesada maquinaria estacion\u00e1ndola cerca del bus. No obstante, por circunstancias que se investigan, esta \u00faltima m\u00e1quina se habr\u00eda desenganchado de su lugar embistiendo al trabajador contra el cargador, falleciendo tr\u00e1gicamente.<br \/>\n\u00abLa persona fallece a ra\u00edz del aplastamiento de un cargador frontal y un bus, por causas que se investigan al bajar y pasar por entre medio de las dos m\u00e1quinas, una de ellas precisamente el bus desenganch\u00f3 por razones que se desconocen y lo aplast\u00f3 contra el cargador frontal. El bus est\u00e1 adoptado para venta de alimentos. A ra\u00edz de las graves lesiones fallece en el lugar en las cercan\u00edas de un taller mec\u00e1nico\u00bb, inform\u00f3 a Diario El Trabajo, el comisario de la Tercera Comisar\u00eda de Carabineros, Mayor Aleyko Alvear.<br \/>\nPor instrucci\u00f3n del Fiscal de Turno se dispuso de las pericias de la Subcomisar\u00eda Investigadora de Accidentes de Tr\u00e1nsito (Siat) de Carabineros de San Felipe, para determinar las causas basales de este triste episodio que quit\u00f3 la vida al trabajador que ejerc\u00eda funciones para la empresa contratista Indemin.<br \/>\nEl cuerpo del malogrado fue levantado por el personal del Servicio M\u00e9dico Legal para la pr\u00e1ctica de la autopsia correspondiente, mientras Carabineros efectu\u00f3 empadronamiento de testigos de los hechos para la investigaci\u00f3n del caso.<br \/>\n<strong>Pablo Salinas Sald\u00edas<\/strong><\/p>\n<figure id=\"attachment_86509\" aria-describedby=\"caption-attachment-86509\" style=\"width: 579px\" class=\"wp-caption alignnone\"><img data-recalc-dims=\"1\" loading=\"lazy\" decoding=\"async\" class=\"size-full wp-image-86509\" src=\"https:\/\/i0.wp.com\/www.eltrabajo.cl\/portal\/wp-content\/uploads\/2018\/05\/fallecido-3.jpg?resize=579%2C326\" alt=\"Estos son los veh\u00edculos involucrados en esta lamentable tragedia, misma que le cost\u00f3 la vida a don Alfredo Araya.\" width=\"579\" height=\"326\" srcset=\"https:\/\/i0.wp.com\/eltrabajo.cl\/portal\/wp-content\/uploads\/2018\/05\/fallecido-3.jpg?w=579&amp;ssl=1 579w, https:\/\/i0.wp.com\/eltrabajo.cl\/portal\/wp-content\/uploads\/2018\/05\/fallecido-3.jpg?resize=200%2C113&amp;ssl=1 200w, https:\/\/i0.wp.com\/eltrabajo.cl\/portal\/wp-content\/uploads\/2018\/05\/fallecido-3.jpg?resize=300%2C169&amp;ssl=1 300w, https:\/\/i0.wp.com\/eltrabajo.cl\/portal\/wp-content\/uploads\/2018\/05\/fallecido-3.jpg?resize=266%2C150&amp;ssl=1 266w, https:\/\/i0.wp.com\/eltrabajo.cl\/portal\/wp-content\/uploads\/2018\/05\/fallecido-3.jpg?resize=400%2C225&amp;ssl=1 400w\" sizes=\"auto, (max-width: 579px) 100vw, 579px\" \/><figcaption id=\"caption-attachment-86509\" class=\"wp-caption-text\">Estos son los veh\u00edculos involucrados en esta lamentable tragedia, misma que le cost\u00f3 la vida a don Alfredo Araya.<\/figcaption><\/figure>\n<figure id=\"attachment_86511\" aria-describedby=\"caption-attachment-86511\" style=\"width: 579px\" class=\"wp-caption alignnone\"><img data-recalc-dims=\"1\" loading=\"lazy\" decoding=\"async\" class=\"size-full wp-image-86511\" src=\"https:\/\/i0.wp.com\/www.eltrabajo.cl\/portal\/wp-content\/uploads\/2018\/05\/Fallecido1.jpg?resize=579%2C410\" alt=\"El fatal accidente ocurri\u00f3 cerca del mediod\u00eda de ayer domingo en el sector de Saladillo, en Los Andes. Siat de Carabineros inici\u00f3 investigaci\u00f3n del caso.\" width=\"579\" height=\"410\" srcset=\"https:\/\/i0.wp.com\/eltrabajo.cl\/portal\/wp-content\/uploads\/2018\/05\/Fallecido1.jpg?w=579&amp;ssl=1 579w, https:\/\/i0.wp.com\/eltrabajo.cl\/portal\/wp-content\/uploads\/2018\/05\/Fallecido1.jpg?resize=200%2C142&amp;ssl=1 200w, https:\/\/i0.wp.com\/eltrabajo.cl\/portal\/wp-content\/uploads\/2018\/05\/Fallecido1.jpg?resize=300%2C212&amp;ssl=1 300w, https:\/\/i0.wp.com\/eltrabajo.cl\/portal\/wp-content\/uploads\/2018\/05\/Fallecido1.jpg?resize=212%2C150&amp;ssl=1 212w, https:\/\/i0.wp.com\/eltrabajo.cl\/portal\/wp-content\/uploads\/2018\/05\/Fallecido1.jpg?resize=400%2C283&amp;ssl=1 400w\" sizes=\"auto, (max-width: 579px) 100vw, 579px\" \/><figcaption id=\"caption-attachment-86511\" class=\"wp-caption-text\">El fatal accidente ocurri\u00f3 cerca del mediod\u00eda de ayer domingo en el sector de Saladillo, en Los Andes. Siat de Carabineros inici\u00f3 investigaci\u00f3n del caso.<\/figcaption><\/figure>\n<figure id=\"attachment_86512\" aria-describedby=\"caption-attachment-86512\" style=\"width: 580px\" class=\"wp-caption alignnone\"><img data-recalc-dims=\"1\" loading=\"lazy\" decoding=\"async\" class=\"size-full wp-image-86512\" src=\"https:\/\/i0.wp.com\/www.eltrabajo.cl\/portal\/wp-content\/uploads\/2018\/05\/Fallecido2.jpg?resize=580%2C435\" alt=\"Carabineros articul\u00f3 el procedimiento de rigor, a fin de resguardar la escena y desarrollar adecuadamente su trabajo.\" width=\"580\" height=\"435\" srcset=\"https:\/\/i0.wp.com\/eltrabajo.cl\/portal\/wp-content\/uploads\/2018\/05\/Fallecido2.jpg?w=580&amp;ssl=1 580w, https:\/\/i0.wp.com\/eltrabajo.cl\/portal\/wp-content\/uploads\/2018\/05\/Fallecido2.jpg?resize=200%2C150&amp;ssl=1 200w, https:\/\/i0.wp.com\/eltrabajo.cl\/portal\/wp-content\/uploads\/2018\/05\/Fallecido2.jpg?resize=300%2C225&amp;ssl=1 300w, https:\/\/i0.wp.com\/eltrabajo.cl\/portal\/wp-content\/uploads\/2018\/05\/Fallecido2.jpg?resize=400%2C300&amp;ssl=1 400w\" sizes=\"auto, (max-width: 580px) 100vw, 580px\" \/><figcaption id=\"caption-attachment-86512\" class=\"wp-caption-text\">Carabineros articul\u00f3 el procedimiento de rigor, a fin de resguardar la escena y desarrollar adecuadamente su trabajo.<\/figcaption><\/figure>\n","protected":false},"excerpt":{"rendered":"<p>Un trabajador de 53 a\u00f1os de edad, identificado como Leonardo Alfredo Araya Reyes, falleci\u00f3 de manera instant\u00e1nea tras quedar aprisionado entre un cargador frontal y un microb\u00fas adaptado para venta de comida&#8230;<\/p>\n","protected":false},"author":1,"featured_media":86512,"comment_status":"open","ping_status":"open","sticky":false,"template":"","format":"standard","meta":{"advanced_seo_description":"","jetpack_seo_html_title":"","jetpack_seo_noindex":false,"_jetpack_memberships_contains_paid_content":false,"footnotes":""},"categories":[21],"tags":[],"class_list":["post-86508","post","type-post","status-publish","format-standard","has-post-thumbnail","hentry","category-policial"],"jetpack_featured_media_url":"https:\/\/i0.wp.com\/eltrabajo.cl\/portal\/wp-content\/uploads\/2018\/05\/Fallecido2.jpg?fit=580%2C435&ssl=1","jetpack_sharing_enabled":true,"jetpack_likes_enabled":true,"jetpack-related-posts":[],"_links":{"self":[{"href":"https:\/\/eltrabajo.cl\/portal\/wp-json\/wp\/v2\/posts\/86508","targetHints":{"allow":["GET"]}}],"collection":[{"href":"https:\/\/eltrabajo.cl\/portal\/wp-json\/wp\/v2\/posts"}],"about":[{"href":"https:\/\/eltrabajo.cl\/portal\/wp-json\/wp\/v2\/types\/post"}],"author":[{"embeddable":true,"href":"https:\/\/eltrabajo.cl\/portal\/wp-json\/wp\/v2\/users\/1"}],"replies":[{"embeddable":true,"href":"https:\/\/eltrabajo.cl\/portal\/wp-json\/wp\/v2\/comments?post=86508"}],"version-history":[{"count":0,"href":"https:\/\/eltrabajo.cl\/portal\/wp-json\/wp\/v2\/posts\/86508\/revisions"}],"wp:featuredmedia":[{"embeddable":true,"href":"https:\/\/eltrabajo.cl\/portal\/wp-json\/wp\/v2\/media\/86512"}],"wp:attachment":[{"href":"https:\/\/eltrabajo.cl\/portal\/wp-json\/wp\/v2\/media?parent=86508"}],"wp:term":[{"taxonomy":"category","embeddable":true,"href":"https:\/\/eltrabajo.cl\/portal\/wp-json\/wp\/v2\/categories?post=86508"},{"taxonomy":"post_tag","embeddable":true,"href":"https:\/\/eltrabajo.cl\/portal\/wp-json\/wp\/v2\/tags?post=86508"}],"curies":[{"name":"wp","href":"https:\/\/api.w.org\/{rel}","templated":true}]}}