{"id":86521,"date":"2018-05-29T05:02:04","date_gmt":"2018-05-29T09:02:04","guid":{"rendered":"http:\/\/www.eltrabajo.cl\/2017\/?p=86521"},"modified":"2018-05-29T05:02:04","modified_gmt":"2018-05-29T09:02:04","slug":"allanamiento-permite-incautar-diversos-elementos-prohibidos-en-ccp-san-felipe","status":"publish","type":"post","link":"https:\/\/eltrabajo.cl\/portal\/allanamiento-permite-incautar-diversos-elementos-prohibidos-en-ccp-san-felipe\/","title":{"rendered":"Allanamiento permite incautar diversos elementos prohibidos en CCP San Felipe"},"content":{"rendered":"<figure id=\"attachment_86522\" aria-describedby=\"caption-attachment-86522\" style=\"width: 579px\" class=\"wp-caption alignnone\"><img data-recalc-dims=\"1\" loading=\"lazy\" decoding=\"async\" class=\"size-full wp-image-86522\" src=\"https:\/\/i0.wp.com\/www.eltrabajo.cl\/portal\/wp-content\/uploads\/2018\/05\/celulares-droga-arma-incautadas.jpg?resize=579%2C289\" alt=\"El procedimiento permiti\u00f3 incautar 45 tel\u00e9fonos celulares, droga, armas blancas y chicha artesanal.\" width=\"579\" height=\"289\" srcset=\"https:\/\/i0.wp.com\/eltrabajo.cl\/portal\/wp-content\/uploads\/2018\/05\/celulares-droga-arma-incautadas.jpg?w=579&amp;ssl=1 579w, https:\/\/i0.wp.com\/eltrabajo.cl\/portal\/wp-content\/uploads\/2018\/05\/celulares-droga-arma-incautadas.jpg?resize=200%2C100&amp;ssl=1 200w, https:\/\/i0.wp.com\/eltrabajo.cl\/portal\/wp-content\/uploads\/2018\/05\/celulares-droga-arma-incautadas.jpg?resize=300%2C150&amp;ssl=1 300w, https:\/\/i0.wp.com\/eltrabajo.cl\/portal\/wp-content\/uploads\/2018\/05\/celulares-droga-arma-incautadas.jpg?resize=400%2C200&amp;ssl=1 400w\" sizes=\"auto, (max-width: 579px) 100vw, 579px\" \/><figcaption id=\"caption-attachment-86522\" class=\"wp-caption-text\">El procedimiento permiti\u00f3 incautar 45 tel\u00e9fonos celulares, droga, armas blancas y chicha artesanal.<\/figcaption><\/figure>\n<ul>\n<li><strong><span style=\"color: #ff0000;\">Desde tel\u00e9fonos celulares hasta armas artesanales:\u00a0<\/span>Procedimiento se repite en los restantes establecimientos penitenciarios de la regi\u00f3n.<\/strong><\/li>\n<\/ul>\n<p>Eran cerca de las 18:00 horas del pasado jueves cuando los efectivos de Gendarmer\u00eda comenzaron a ingresar a los colectivos del Centro de Cumplimiento Penitenciario (CCP) de San Felipe. As\u00ed se dio inicio al procedimiento de registro y allanamiento que permiti\u00f3 decomisar tel\u00e9fonos celulares, armas artesanales y otros art\u00edculos.<br \/>\nEn esta ocasi\u00f3n fue el mismo personal de la unidad -en compa\u00f1\u00eda de la Unidad de Servicios Especiales (USEP) de Quillota, Escuadr\u00f3n Canino del Complejo Penitenciario de Valpara\u00edso y personal de la direcci\u00f3n regional de Valpara\u00edso- el encargado de desalojar las habitaciones y trasladar a la poblaci\u00f3n penal hasta la zona de seguridad del establecimiento penitenciario.<br \/>\nEl jefe de la unidad sanfelipe\u00f1a, mayor Brallan Silva, detall\u00f3 que \u00abel procedimiento comenz\u00f3 a las seis de la tarde, aproximadamente, y termin\u00f3 pasadas las 21.00 horas, incautando 45 tel\u00e9fonos celulares, droga, armas blancas y chicha artesanal. Hay que hacer presente que se registr\u00f3 a la totalidad de la poblaci\u00f3n penal, 291 internos, y la totalidad de las dependencias que \u00e9stos utilizan\u00bb.<br \/>\nEn cuanto al desarrollo de estos procedimientos en la regi\u00f3n de Valpara\u00edso, el jefe operativo regional (s), mayor N\u00e9stor Flores, sostuvo que \u00abhan sido todo un \u00e9xito por cuanto han permitido incautar un n\u00famero importante de elementos prohibidos por la administraci\u00f3n penitenciaria, lo cual viene a maximizar la seguridad de los establecimientos penales y tanto para el personal como para los mismos internos\u00bb.<br \/>\nEl mayor Flores agreg\u00f3 que estas instancias se continuar\u00e1n repitiendo en todos los recintos penitenciarios de la regi\u00f3n pues, adem\u00e1s, vienen a dar respuesta a las pol\u00edticas institucionales que tienen como fin evitar hechos negativos para la administraci\u00f3n penitenciaria.<\/p>\n","protected":false},"excerpt":{"rendered":"<p>Desde tel\u00e9fonos celulares hasta armas artesanales:\u00a0Procedimiento se repite en los restantes establecimientos penitenciarios de la regi\u00f3n. Eran cerca de las 18:00 horas del pasado jueves cuando los efectivos de Gendarmer\u00eda comenzaron a&#8230;<\/p>\n","protected":false},"author":1,"featured_media":86522,"comment_status":"open","ping_status":"open","sticky":false,"template":"","format":"standard","meta":{"advanced_seo_description":"","jetpack_seo_html_title":"","jetpack_seo_noindex":false,"_jetpack_memberships_contains_paid_content":false,"footnotes":""},"categories":[21],"tags":[],"class_list":["post-86521","post","type-post","status-publish","format-standard","has-post-thumbnail","hentry","category-policial"],"jetpack_featured_media_url":"https:\/\/i0.wp.com\/eltrabajo.cl\/portal\/wp-content\/uploads\/2018\/05\/celulares-droga-arma-incautadas.jpg?fit=579%2C289&ssl=1","jetpack_sharing_enabled":true,"jetpack_likes_enabled":true,"jetpack-related-posts":[],"_links":{"self":[{"href":"https:\/\/eltrabajo.cl\/portal\/wp-json\/wp\/v2\/posts\/86521","targetHints":{"allow":["GET"]}}],"collection":[{"href":"https:\/\/eltrabajo.cl\/portal\/wp-json\/wp\/v2\/posts"}],"about":[{"href":"https:\/\/eltrabajo.cl\/portal\/wp-json\/wp\/v2\/types\/post"}],"author":[{"embeddable":true,"href":"https:\/\/eltrabajo.cl\/portal\/wp-json\/wp\/v2\/users\/1"}],"replies":[{"embeddable":true,"href":"https:\/\/eltrabajo.cl\/portal\/wp-json\/wp\/v2\/comments?post=86521"}],"version-history":[{"count":0,"href":"https:\/\/eltrabajo.cl\/portal\/wp-json\/wp\/v2\/posts\/86521\/revisions"}],"wp:featuredmedia":[{"embeddable":true,"href":"https:\/\/eltrabajo.cl\/portal\/wp-json\/wp\/v2\/media\/86522"}],"wp:attachment":[{"href":"https:\/\/eltrabajo.cl\/portal\/wp-json\/wp\/v2\/media?parent=86521"}],"wp:term":[{"taxonomy":"category","embeddable":true,"href":"https:\/\/eltrabajo.cl\/portal\/wp-json\/wp\/v2\/categories?post=86521"},{"taxonomy":"post_tag","embeddable":true,"href":"https:\/\/eltrabajo.cl\/portal\/wp-json\/wp\/v2\/tags?post=86521"}],"curies":[{"name":"wp","href":"https:\/\/api.w.org\/{rel}","templated":true}]}}