{"id":86527,"date":"2018-05-29T05:04:14","date_gmt":"2018-05-29T09:04:14","guid":{"rendered":"http:\/\/www.eltrabajo.cl\/2017\/?p=86527"},"modified":"2018-05-29T05:04:14","modified_gmt":"2018-05-29T09:04:14","slug":"denuncian-presunta-negligencia-medica-en-el-hosla-por-muerte-de-vecina","status":"publish","type":"post","link":"https:\/\/eltrabajo.cl\/portal\/denuncian-presunta-negligencia-medica-en-el-hosla-por-muerte-de-vecina\/","title":{"rendered":"Denuncian presunta negligencia m\u00e9dica en el Hosla por muerte de vecina"},"content":{"rendered":"<figure id=\"attachment_86528\" aria-describedby=\"caption-attachment-86528\" style=\"width: 541px\" class=\"wp-caption alignnone\"><img data-recalc-dims=\"1\" loading=\"lazy\" decoding=\"async\" class=\"size-full wp-image-86528\" src=\"https:\/\/i0.wp.com\/www.eltrabajo.cl\/portal\/wp-content\/uploads\/2018\/05\/hospital-los-andes.jpg?resize=541%2C400\" alt=\"El Alcalde de San Esteban acus\u00f3 una presunta negligencia m\u00e9dica en el Hospital San Juan de Dios de Los Andes por la muerte de una vecina de esa comuna, a quien no le habr\u00edan dado un diagn\u00f3stico oportuno.\" width=\"541\" height=\"400\" srcset=\"https:\/\/i0.wp.com\/eltrabajo.cl\/portal\/wp-content\/uploads\/2018\/05\/hospital-los-andes.jpg?w=541&amp;ssl=1 541w, https:\/\/i0.wp.com\/eltrabajo.cl\/portal\/wp-content\/uploads\/2018\/05\/hospital-los-andes.jpg?resize=200%2C148&amp;ssl=1 200w, https:\/\/i0.wp.com\/eltrabajo.cl\/portal\/wp-content\/uploads\/2018\/05\/hospital-los-andes.jpg?resize=300%2C222&amp;ssl=1 300w, https:\/\/i0.wp.com\/eltrabajo.cl\/portal\/wp-content\/uploads\/2018\/05\/hospital-los-andes.jpg?resize=203%2C150&amp;ssl=1 203w, https:\/\/i0.wp.com\/eltrabajo.cl\/portal\/wp-content\/uploads\/2018\/05\/hospital-los-andes.jpg?resize=400%2C296&amp;ssl=1 400w\" sizes=\"auto, (max-width: 541px) 100vw, 541px\" \/><figcaption id=\"caption-attachment-86528\" class=\"wp-caption-text\">El Alcalde de San Esteban acus\u00f3 una presunta negligencia m\u00e9dica en el Hospital San Juan de Dios de Los Andes por la muerte de una vecina de esa comuna, a quien no le habr\u00edan dado un diagn\u00f3stico oportuno.<\/figcaption><\/figure>\n<ul>\n<li><strong><span style=\"color: #ff0000;\">Alcalde de San Esteban acusa al Hospital San Juan de Dios:<\/span>\u00a0Falta de diagn\u00f3stico oportuno habr\u00eda sido el causante del deceso a juicio de la familia.<\/strong><\/li>\n<\/ul>\n<p><strong>SAN ESTEBAN.-<\/strong> Una grave acusaci\u00f3n por supuesta negligencia m\u00e9dica formul\u00f3 el alcalde de San Esteban, Ren\u00e9 Mardones, en contra de profesionales del Hospital San Juan de Dios de Los Andes, quienes no habr\u00edan dado un diagn\u00f3stico oportuno a una vecina de dicha comuna, la cual falleci\u00f3 poco despu\u00e9s que desde ese centro asistencial la enviaran de regreso a su casa recet\u00e1ndoles relajantes muscurales.<br \/>\nLa v\u00edctima de este suceso corresponde a una vecina del sector La Chaparrina, Marcelina de la Mercedes Matamoros Ortega, de 50 a\u00f1os de edad, quien concurri\u00f3 al hospital de Los Andes afectada por fuertes dolores, lugar donde no habr\u00eda sido examinada en forma adecuada supuestamente, pues fue remitida a su hogar con relajantes musculares que no le aliviaron sus malestares.<br \/>\nSeg\u00fan explic\u00f3 el alcalde Ren\u00e9 Mardones, en el hospital andino el diagn\u00f3stico fue \u2018Estr\u00e9s laboral\u2019, a juicio de los profesionales que la atendieron.<br \/>\n\u201cAl continuar con su mal estado de salud, se traslad\u00f3 al Hospital San Camilo de San Felipe, lugar donde lleg\u00f3 con un Coma Diab\u00e9tico, siendo el diagnostico final, seg\u00fan parte m\u00e9dico \u2018Shock S\u00e9ptico foco urinario coma o\u00edper osmolar, Diabetes Mellitus\u2019\u201d, afirm\u00f3 el edil.<br \/>\nMardones dijo que la familia de la mujer repudia la hipot\u00e9tica negligencia m\u00e9dica del Hospital de Los Andes, \u201clugar donde fue mal diagnosticada, y que deriv\u00f3 en el empeoramiento de su estado de salud\u201d.<\/p>\n","protected":false},"excerpt":{"rendered":"<p>Alcalde de San Esteban acusa al Hospital San Juan de Dios:\u00a0Falta de diagn\u00f3stico oportuno habr\u00eda sido el causante del deceso a juicio de la familia. SAN ESTEBAN.- Una grave acusaci\u00f3n por supuesta&#8230;<\/p>\n","protected":false},"author":1,"featured_media":86528,"comment_status":"open","ping_status":"open","sticky":false,"template":"","format":"standard","meta":{"advanced_seo_description":"","jetpack_seo_html_title":"","jetpack_seo_noindex":false,"_jetpack_memberships_contains_paid_content":false,"footnotes":""},"categories":[1],"tags":[],"class_list":["post-86527","post","type-post","status-publish","format-standard","has-post-thumbnail","hentry","category-cronica"],"jetpack_featured_media_url":"https:\/\/i0.wp.com\/eltrabajo.cl\/portal\/wp-content\/uploads\/2018\/05\/hospital-los-andes.jpg?fit=541%2C400&ssl=1","jetpack_sharing_enabled":true,"jetpack_likes_enabled":true,"jetpack-related-posts":[],"_links":{"self":[{"href":"https:\/\/eltrabajo.cl\/portal\/wp-json\/wp\/v2\/posts\/86527","targetHints":{"allow":["GET"]}}],"collection":[{"href":"https:\/\/eltrabajo.cl\/portal\/wp-json\/wp\/v2\/posts"}],"about":[{"href":"https:\/\/eltrabajo.cl\/portal\/wp-json\/wp\/v2\/types\/post"}],"author":[{"embeddable":true,"href":"https:\/\/eltrabajo.cl\/portal\/wp-json\/wp\/v2\/users\/1"}],"replies":[{"embeddable":true,"href":"https:\/\/eltrabajo.cl\/portal\/wp-json\/wp\/v2\/comments?post=86527"}],"version-history":[{"count":0,"href":"https:\/\/eltrabajo.cl\/portal\/wp-json\/wp\/v2\/posts\/86527\/revisions"}],"wp:featuredmedia":[{"embeddable":true,"href":"https:\/\/eltrabajo.cl\/portal\/wp-json\/wp\/v2\/media\/86528"}],"wp:attachment":[{"href":"https:\/\/eltrabajo.cl\/portal\/wp-json\/wp\/v2\/media?parent=86527"}],"wp:term":[{"taxonomy":"category","embeddable":true,"href":"https:\/\/eltrabajo.cl\/portal\/wp-json\/wp\/v2\/categories?post=86527"},{"taxonomy":"post_tag","embeddable":true,"href":"https:\/\/eltrabajo.cl\/portal\/wp-json\/wp\/v2\/tags?post=86527"}],"curies":[{"name":"wp","href":"https:\/\/api.w.org\/{rel}","templated":true}]}}