{"id":86530,"date":"2018-05-29T05:05:56","date_gmt":"2018-05-29T09:05:56","guid":{"rendered":"http:\/\/www.eltrabajo.cl\/2017\/?p=86530"},"modified":"2018-05-29T05:05:56","modified_gmt":"2018-05-29T09:05:56","slug":"profugo-de-la-justicia-colisiono-microbus-intentando-escapar-de-la-policia","status":"publish","type":"post","link":"https:\/\/eltrabajo.cl\/portal\/profugo-de-la-justicia-colisiono-microbus-intentando-escapar-de-la-policia\/","title":{"rendered":"Pr\u00f3fugo de la justicia colision\u00f3 microb\u00fas intentando escapar de la polic\u00eda"},"content":{"rendered":"<figure id=\"attachment_86531\" aria-describedby=\"caption-attachment-86531\" style=\"width: 578px\" class=\"wp-caption alignnone\"><img data-recalc-dims=\"1\" loading=\"lazy\" decoding=\"async\" class=\"size-full wp-image-86531\" src=\"https:\/\/i0.wp.com\/www.eltrabajo.cl\/portal\/wp-content\/uploads\/2018\/05\/DETENIDO-PDI.jpg?resize=578%2C385\" alt=\"El condenado capturado por la PDI la ma\u00f1ana de ayer lunes fue derivado hasta la c\u00e1rcel de San Felipe para dar cumplimiento a su condena de 541 d\u00edas por microtr\u00e1fico de drogas. (Foto Archivo).\" width=\"578\" height=\"385\" srcset=\"https:\/\/i0.wp.com\/eltrabajo.cl\/portal\/wp-content\/uploads\/2018\/05\/DETENIDO-PDI.jpg?w=578&amp;ssl=1 578w, https:\/\/i0.wp.com\/eltrabajo.cl\/portal\/wp-content\/uploads\/2018\/05\/DETENIDO-PDI.jpg?resize=200%2C133&amp;ssl=1 200w, https:\/\/i0.wp.com\/eltrabajo.cl\/portal\/wp-content\/uploads\/2018\/05\/DETENIDO-PDI.jpg?resize=300%2C200&amp;ssl=1 300w, https:\/\/i0.wp.com\/eltrabajo.cl\/portal\/wp-content\/uploads\/2018\/05\/DETENIDO-PDI.jpg?resize=225%2C150&amp;ssl=1 225w, https:\/\/i0.wp.com\/eltrabajo.cl\/portal\/wp-content\/uploads\/2018\/05\/DETENIDO-PDI.jpg?resize=400%2C266&amp;ssl=1 400w\" sizes=\"auto, (max-width: 578px) 100vw, 578px\" \/><figcaption id=\"caption-attachment-86531\" class=\"wp-caption-text\">El condenado capturado por la PDI la ma\u00f1ana de ayer lunes fue derivado hasta la c\u00e1rcel de San Felipe para dar cumplimiento a su condena de 541 d\u00edas por microtr\u00e1fico de drogas. (Foto Archivo).<\/figcaption><\/figure>\n<ul>\n<li><strong><span style=\"color: #ff0000;\">Sujeto condenado a 541 d\u00edas por microtr\u00e1fico:\u00a0<\/span>Delincuente intent\u00f3 escapar en un veh\u00edculo, colisionando a un microb\u00fas de recorrido local en Circunvalaci\u00f3n Santa Teresa con Enc\u00f3n.<\/strong><\/li>\n<\/ul>\n<p>Detectives de la Brigada del Crimen de la PDI concretaron la detenci\u00f3n de un sujeto pr\u00f3fugo de la justicia luego que \u00e9ste intentara escapar a bordo de un veh\u00edculo, colisionando a un microb\u00fas de recorrido local en Circunvalaci\u00f3n Santa Teresa esquina Enc\u00f3n en San Felipe.<br \/>\nEl procedimiento policial se inici\u00f3 en horas de la ma\u00f1ana de ayer lunes, luego que los funcionarios de la Polic\u00eda de Investigaciones de San Felipe, mientras realizaban diligencias de su especialidad, observaron a un sujeto conduciendo un veh\u00edculo particular, detectando que \u00e9ste manten\u00eda vigente una orden de detenci\u00f3n.<br \/>\nLos efectivos policiales interceptaron al sujeto en calle Diego de Almagro de San Felipe, con el objetivo de efectuarle un control de identidad, momento en el cual emprendi\u00f3 la huida en su veh\u00edculo a gran velocidad, siendo perseguido por la polic\u00eda civil.<br \/>\nLa persecuci\u00f3n finaliz\u00f3 en calle Enc\u00f3n con Circunvalaci\u00f3n Santa Teresa, luego que el conductor, en su intento desesperado por impedir su detenci\u00f3n, colision\u00f3 a un microb\u00fas causando da\u00f1os a la carrocer\u00eda. No obstante lo anterior, el sujeto descendi\u00f3 del m\u00f3vil para intentar escapar corriendo, siendo reducido por personal de la PDI.<br \/>\nSeg\u00fan la informaci\u00f3n policial, el detenido de iniciales L.A.T.M. permanec\u00eda pr\u00f3fugo de la justicia tras ser condenado por el delito de microtr\u00e1fico de drogas, siendo sentenciando por el Tribunal a una pena de 541 d\u00edas de reclusi\u00f3n.<br \/>\nAsimismo personal de Carabineros adopt\u00f3 la denuncia tras la colisi\u00f3n efectuada por el detenido, ocasionando solo da\u00f1os a la maquinaria, sin que se registraran personas ni personal policial lesionado.<br \/>\nEn tanto el condenado fue trasladado por la Polic\u00eda de Investigaciones hasta el Centro de Cumplimiento Penitenciario de San Felipe para dar cumplimiento a la sentencia resuelta por Tribunales.<br \/>\n<strong>Pablo Salinas Sald\u00edas<\/strong><\/p>\n","protected":false},"excerpt":{"rendered":"<p>Sujeto condenado a 541 d\u00edas por microtr\u00e1fico:\u00a0Delincuente intent\u00f3 escapar en un veh\u00edculo, colisionando a un microb\u00fas de recorrido local en Circunvalaci\u00f3n Santa Teresa con Enc\u00f3n. Detectives de la Brigada del Crimen de&#8230;<\/p>\n","protected":false},"author":1,"featured_media":86531,"comment_status":"open","ping_status":"open","sticky":false,"template":"","format":"standard","meta":{"advanced_seo_description":"","jetpack_seo_html_title":"","jetpack_seo_noindex":false,"_jetpack_memberships_contains_paid_content":false,"footnotes":""},"categories":[21],"tags":[],"class_list":["post-86530","post","type-post","status-publish","format-standard","has-post-thumbnail","hentry","category-policial"],"jetpack_featured_media_url":"https:\/\/i0.wp.com\/eltrabajo.cl\/portal\/wp-content\/uploads\/2018\/05\/DETENIDO-PDI.jpg?fit=578%2C385&ssl=1","jetpack_sharing_enabled":true,"jetpack_likes_enabled":true,"jetpack-related-posts":[],"_links":{"self":[{"href":"https:\/\/eltrabajo.cl\/portal\/wp-json\/wp\/v2\/posts\/86530","targetHints":{"allow":["GET"]}}],"collection":[{"href":"https:\/\/eltrabajo.cl\/portal\/wp-json\/wp\/v2\/posts"}],"about":[{"href":"https:\/\/eltrabajo.cl\/portal\/wp-json\/wp\/v2\/types\/post"}],"author":[{"embeddable":true,"href":"https:\/\/eltrabajo.cl\/portal\/wp-json\/wp\/v2\/users\/1"}],"replies":[{"embeddable":true,"href":"https:\/\/eltrabajo.cl\/portal\/wp-json\/wp\/v2\/comments?post=86530"}],"version-history":[{"count":0,"href":"https:\/\/eltrabajo.cl\/portal\/wp-json\/wp\/v2\/posts\/86530\/revisions"}],"wp:featuredmedia":[{"embeddable":true,"href":"https:\/\/eltrabajo.cl\/portal\/wp-json\/wp\/v2\/media\/86531"}],"wp:attachment":[{"href":"https:\/\/eltrabajo.cl\/portal\/wp-json\/wp\/v2\/media?parent=86530"}],"wp:term":[{"taxonomy":"category","embeddable":true,"href":"https:\/\/eltrabajo.cl\/portal\/wp-json\/wp\/v2\/categories?post=86530"},{"taxonomy":"post_tag","embeddable":true,"href":"https:\/\/eltrabajo.cl\/portal\/wp-json\/wp\/v2\/tags?post=86530"}],"curies":[{"name":"wp","href":"https:\/\/api.w.org\/{rel}","templated":true}]}}