{"id":86536,"date":"2018-05-30T05:00:08","date_gmt":"2018-05-30T09:00:08","guid":{"rendered":"http:\/\/www.eltrabajo.cl\/2017\/?p=86536"},"modified":"2018-05-30T05:00:08","modified_gmt":"2018-05-30T09:00:08","slug":"natali-rosas-regreso-feliz-tras-su-participacion-en-la-expedicion-africa","status":"publish","type":"post","link":"https:\/\/eltrabajo.cl\/portal\/natali-rosas-regreso-feliz-tras-su-participacion-en-la-expedicion-africa\/","title":{"rendered":"Natali Rosas regres\u00f3 feliz tras su participaci\u00f3n en la Expedici\u00f3n \u00c1frica"},"content":{"rendered":"<figure id=\"attachment_86538\" aria-describedby=\"caption-attachment-86538\" style=\"width: 580px\" class=\"wp-caption alignnone\"><img data-recalc-dims=\"1\" loading=\"lazy\" decoding=\"async\" class=\"size-full wp-image-86538\" src=\"https:\/\/i0.wp.com\/www.eltrabajo.cl\/portal\/wp-content\/uploads\/2018\/05\/meta.jpg?resize=580%2C400\" alt=\"Despu\u00e9s de extenuantes 121 horas de competencia, Natali y dos de sus compa\u00f1eros de equipo cruzaron el portal de meta.\" width=\"580\" height=\"400\" srcset=\"https:\/\/i0.wp.com\/eltrabajo.cl\/portal\/wp-content\/uploads\/2018\/05\/meta.jpg?w=580&amp;ssl=1 580w, https:\/\/i0.wp.com\/eltrabajo.cl\/portal\/wp-content\/uploads\/2018\/05\/meta.jpg?resize=200%2C138&amp;ssl=1 200w, https:\/\/i0.wp.com\/eltrabajo.cl\/portal\/wp-content\/uploads\/2018\/05\/meta.jpg?resize=300%2C207&amp;ssl=1 300w, https:\/\/i0.wp.com\/eltrabajo.cl\/portal\/wp-content\/uploads\/2018\/05\/meta.jpg?resize=218%2C150&amp;ssl=1 218w, https:\/\/i0.wp.com\/eltrabajo.cl\/portal\/wp-content\/uploads\/2018\/05\/meta.jpg?resize=400%2C276&amp;ssl=1 400w\" sizes=\"auto, (max-width: 580px) 100vw, 580px\" \/><figcaption id=\"caption-attachment-86538\" class=\"wp-caption-text\">Despu\u00e9s de extenuantes 121 horas de competencia, Natali y dos de sus compa\u00f1eros de equipo cruzaron el portal de meta.<\/figcaption><\/figure>\n<p>A \u00faltimas horas de la noche del lunes reci\u00e9n pasado, desde Sud\u00e1frica retorn\u00f3 al pa\u00eds la atleta santamariana Natali Rosas, quien d\u00edas atr\u00e1s fue parte de la competencia extrema: Expedici\u00f3n \u00c1frica, evento correspondiente al circuito mundial de Deporte Aventura.<br \/>\nLa aconcag\u00fcina integr\u00f3 un equipo espa\u00f1ol con el que finalizaron en la d\u00e9cimo quinta posici\u00f3n, con un crono total de 121 horas. \u201cFue una carrera muy dura, con tramos largos de largas distancias y mucho desnivel; durante los cinco d\u00edas de competencia el clima estuvo muy inestable\u201d, comenz\u00f3 contando Natali a El Trabajo Deportivo.<br \/>\nDesde el punto de vista f\u00edsico y psicol\u00f3gico, la deportista aconcag\u00fcina se sinti\u00f3 c\u00f3moda, a pesar que no llegaba a \u00c1frica en un 100% de sus condiciones. \u201cSe arm\u00f3 un buen equipo y logramos sobreponernos a una serie de situaciones que se van generando en una carrera tan larga, como por ejemplo fue el abandono de uno de los miembros del equipo, lo que nos dej\u00f3 inestables desde todo punto de vista; pero pese a todo me sent\u00ed bastante bien\u201d, explic\u00f3.<br \/>\nPara Natali la experiencia en el continente negro desde todo punto de vista fue positiva. \u201cEra un equipo nuevo para m\u00ed y en este tipo de carreras uno va conociendo las personalidades de cada integrante. La verdad estoy muy contenta de haber integrado este team\u201d, finaliz\u00f3 la sobresaliente deportista aconcag\u00fcina, a pocas horas de haber retornado a su hogar.<br \/>\nPor su parte Chechu Penas, uno de los integrantes del conjunto que integr\u00f3 la oriunda de Santa Mar\u00eda, adelant\u00f3: \u201cFue una maravilla el haber podido competir junto a Natali, y es seguro que vendr\u00e1n m\u00e1s carreras junto a ella\u201d.<br \/>\nNatali Rosas integr\u00f3 un equipo espa\u00f1ol en el Desaf\u00edo \u00c1frica.<\/p>\n<figure id=\"attachment_86537\" aria-describedby=\"caption-attachment-86537\" style=\"width: 580px\" class=\"wp-caption alignnone\"><img data-recalc-dims=\"1\" loading=\"lazy\" decoding=\"async\" class=\"size-full wp-image-86537\" src=\"https:\/\/i0.wp.com\/www.eltrabajo.cl\/portal\/wp-content\/uploads\/2018\/05\/equipo.jpg?resize=580%2C399\" alt=\"Natali Rosas integr\u00f3 un equipo espa\u00f1ol en el Desaf\u00edo \u00c1frica.\" width=\"580\" height=\"399\" srcset=\"https:\/\/i0.wp.com\/eltrabajo.cl\/portal\/wp-content\/uploads\/2018\/05\/equipo.jpg?w=580&amp;ssl=1 580w, https:\/\/i0.wp.com\/eltrabajo.cl\/portal\/wp-content\/uploads\/2018\/05\/equipo.jpg?resize=200%2C138&amp;ssl=1 200w, https:\/\/i0.wp.com\/eltrabajo.cl\/portal\/wp-content\/uploads\/2018\/05\/equipo.jpg?resize=300%2C206&amp;ssl=1 300w, https:\/\/i0.wp.com\/eltrabajo.cl\/portal\/wp-content\/uploads\/2018\/05\/equipo.jpg?resize=218%2C150&amp;ssl=1 218w, https:\/\/i0.wp.com\/eltrabajo.cl\/portal\/wp-content\/uploads\/2018\/05\/equipo.jpg?resize=400%2C275&amp;ssl=1 400w\" sizes=\"auto, (max-width: 580px) 100vw, 580px\" \/><figcaption id=\"caption-attachment-86537\" class=\"wp-caption-text\">Natali Rosas integr\u00f3 un equipo espa\u00f1ol en el Desaf\u00edo \u00c1frica.<\/figcaption><\/figure>\n","protected":false},"excerpt":{"rendered":"<p>A \u00faltimas horas de la noche del lunes reci\u00e9n pasado, desde Sud\u00e1frica retorn\u00f3 al pa\u00eds la atleta santamariana Natali Rosas, quien d\u00edas atr\u00e1s fue parte de la competencia extrema: Expedici\u00f3n \u00c1frica, evento&#8230;<\/p>\n","protected":false},"author":1,"featured_media":86537,"comment_status":"open","ping_status":"open","sticky":false,"template":"","format":"standard","meta":{"advanced_seo_description":"","jetpack_seo_html_title":"","jetpack_seo_noindex":false,"_jetpack_memberships_contains_paid_content":false,"footnotes":""},"categories":[19],"tags":[],"class_list":["post-86536","post","type-post","status-publish","format-standard","has-post-thumbnail","hentry","category-deportes"],"jetpack_featured_media_url":"https:\/\/i0.wp.com\/eltrabajo.cl\/portal\/wp-content\/uploads\/2018\/05\/equipo.jpg?fit=580%2C399&ssl=1","jetpack_sharing_enabled":true,"jetpack_likes_enabled":true,"jetpack-related-posts":[],"_links":{"self":[{"href":"https:\/\/eltrabajo.cl\/portal\/wp-json\/wp\/v2\/posts\/86536","targetHints":{"allow":["GET"]}}],"collection":[{"href":"https:\/\/eltrabajo.cl\/portal\/wp-json\/wp\/v2\/posts"}],"about":[{"href":"https:\/\/eltrabajo.cl\/portal\/wp-json\/wp\/v2\/types\/post"}],"author":[{"embeddable":true,"href":"https:\/\/eltrabajo.cl\/portal\/wp-json\/wp\/v2\/users\/1"}],"replies":[{"embeddable":true,"href":"https:\/\/eltrabajo.cl\/portal\/wp-json\/wp\/v2\/comments?post=86536"}],"version-history":[{"count":0,"href":"https:\/\/eltrabajo.cl\/portal\/wp-json\/wp\/v2\/posts\/86536\/revisions"}],"wp:featuredmedia":[{"embeddable":true,"href":"https:\/\/eltrabajo.cl\/portal\/wp-json\/wp\/v2\/media\/86537"}],"wp:attachment":[{"href":"https:\/\/eltrabajo.cl\/portal\/wp-json\/wp\/v2\/media?parent=86536"}],"wp:term":[{"taxonomy":"category","embeddable":true,"href":"https:\/\/eltrabajo.cl\/portal\/wp-json\/wp\/v2\/categories?post=86536"},{"taxonomy":"post_tag","embeddable":true,"href":"https:\/\/eltrabajo.cl\/portal\/wp-json\/wp\/v2\/tags?post=86536"}],"curies":[{"name":"wp","href":"https:\/\/api.w.org\/{rel}","templated":true}]}}