{"id":86540,"date":"2018-05-30T05:01:24","date_gmt":"2018-05-30T09:01:24","guid":{"rendered":"http:\/\/www.eltrabajo.cl\/2017\/?p=86540"},"modified":"2018-05-30T05:01:24","modified_gmt":"2018-05-30T09:01:24","slug":"el-uni-uni-ya-tiene-a-su-nuevo-delantero-para-el-proximo-semestre","status":"publish","type":"post","link":"https:\/\/eltrabajo.cl\/portal\/el-uni-uni-ya-tiene-a-su-nuevo-delantero-para-el-proximo-semestre\/","title":{"rendered":"El Un\u00ed Un\u00ed ya tiene a su nuevo delantero para el pr\u00f3ximo semestre"},"content":{"rendered":"<figure id=\"attachment_86541\" aria-describedby=\"caption-attachment-86541\" style=\"width: 580px\" class=\"wp-caption alignnone\"><img data-recalc-dims=\"1\" loading=\"lazy\" decoding=\"async\" class=\"size-full wp-image-86541\" src=\"https:\/\/i0.wp.com\/www.eltrabajo.cl\/portal\/wp-content\/uploads\/2018\/05\/franco-caballero.jpg?resize=580%2C395\" alt=\"El delantero Franco Caballero llega a reforzar el ataque albirrojo para el pr\u00f3ximo semestre.\" width=\"580\" height=\"395\" srcset=\"https:\/\/i0.wp.com\/eltrabajo.cl\/portal\/wp-content\/uploads\/2018\/05\/franco-caballero.jpg?w=580&amp;ssl=1 580w, https:\/\/i0.wp.com\/eltrabajo.cl\/portal\/wp-content\/uploads\/2018\/05\/franco-caballero.jpg?resize=200%2C136&amp;ssl=1 200w, https:\/\/i0.wp.com\/eltrabajo.cl\/portal\/wp-content\/uploads\/2018\/05\/franco-caballero.jpg?resize=300%2C204&amp;ssl=1 300w, https:\/\/i0.wp.com\/eltrabajo.cl\/portal\/wp-content\/uploads\/2018\/05\/franco-caballero.jpg?resize=220%2C150&amp;ssl=1 220w, https:\/\/i0.wp.com\/eltrabajo.cl\/portal\/wp-content\/uploads\/2018\/05\/franco-caballero.jpg?resize=400%2C272&amp;ssl=1 400w\" sizes=\"auto, (max-width: 580px) 100vw, 580px\" \/><figcaption id=\"caption-attachment-86541\" class=\"wp-caption-text\">El delantero Franco Caballero llega a reforzar el ataque albirrojo para el pr\u00f3ximo semestre.<\/figcaption><\/figure>\n<ul>\n<li><span style=\"color: #ff0000;\"><strong>Franco Caballero llega a reforzar ofensiva unionista:<\/strong><\/span><\/li>\n<\/ul>\n<p>Tanto el entrenador Christian Lovrincevich como la regencia del club hab\u00edan coincidido en que uno de los d\u00e9ficits importantes que ha presentado el conjunto albirrojo en lo que va de la actual temporada, es la falta de gol. Para la segunda ronda es imprescindible la llegada de otro delantero que pueda unirse a H\u00e9ctor Vega, Sergio Cordero e Ignacio Mes\u00edas, en la lucha por convertirse en el hombre gol unionista.<br \/>\nEn la jornada de ayer se dilucid\u00f3 la inc\u00f3gnita en cuanto a quien ser\u00eda el elegido, debido a que se supo que el ariete de 25 a\u00f1os de edad (07-03-1993), Franco Caballero, ser\u00e1 quien llegue a reforzar la ofensiva unionista.<br \/>\nDe nacionalidad argentina, perfil derecho, 1.84 de estatura y 83 kilos de peso, Caballero registra en su trayectoria pasos por los clubes San Juan, Almirante Brown y Acassuso; todos clubes del ascenso metropolitano al otro lado de la cordillera.<\/p>\n","protected":false},"excerpt":{"rendered":"<p>Franco Caballero llega a reforzar ofensiva unionista: Tanto el entrenador Christian Lovrincevich como la regencia del club hab\u00edan coincidido en que uno de los d\u00e9ficits importantes que ha presentado el conjunto albirrojo&#8230;<\/p>\n","protected":false},"author":1,"featured_media":86541,"comment_status":"open","ping_status":"open","sticky":false,"template":"","format":"standard","meta":{"advanced_seo_description":"","jetpack_seo_html_title":"","jetpack_seo_noindex":false,"_jetpack_memberships_contains_paid_content":false,"footnotes":""},"categories":[19],"tags":[],"class_list":["post-86540","post","type-post","status-publish","format-standard","has-post-thumbnail","hentry","category-deportes"],"jetpack_featured_media_url":"https:\/\/i0.wp.com\/eltrabajo.cl\/portal\/wp-content\/uploads\/2018\/05\/franco-caballero.jpg?fit=580%2C395&ssl=1","jetpack_sharing_enabled":true,"jetpack_likes_enabled":true,"jetpack-related-posts":[],"_links":{"self":[{"href":"https:\/\/eltrabajo.cl\/portal\/wp-json\/wp\/v2\/posts\/86540","targetHints":{"allow":["GET"]}}],"collection":[{"href":"https:\/\/eltrabajo.cl\/portal\/wp-json\/wp\/v2\/posts"}],"about":[{"href":"https:\/\/eltrabajo.cl\/portal\/wp-json\/wp\/v2\/types\/post"}],"author":[{"embeddable":true,"href":"https:\/\/eltrabajo.cl\/portal\/wp-json\/wp\/v2\/users\/1"}],"replies":[{"embeddable":true,"href":"https:\/\/eltrabajo.cl\/portal\/wp-json\/wp\/v2\/comments?post=86540"}],"version-history":[{"count":0,"href":"https:\/\/eltrabajo.cl\/portal\/wp-json\/wp\/v2\/posts\/86540\/revisions"}],"wp:featuredmedia":[{"embeddable":true,"href":"https:\/\/eltrabajo.cl\/portal\/wp-json\/wp\/v2\/media\/86541"}],"wp:attachment":[{"href":"https:\/\/eltrabajo.cl\/portal\/wp-json\/wp\/v2\/media?parent=86540"}],"wp:term":[{"taxonomy":"category","embeddable":true,"href":"https:\/\/eltrabajo.cl\/portal\/wp-json\/wp\/v2\/categories?post=86540"},{"taxonomy":"post_tag","embeddable":true,"href":"https:\/\/eltrabajo.cl\/portal\/wp-json\/wp\/v2\/tags?post=86540"}],"curies":[{"name":"wp","href":"https:\/\/api.w.org\/{rel}","templated":true}]}}