{"id":86559,"date":"2018-05-31T05:00:57","date_gmt":"2018-05-31T09:00:57","guid":{"rendered":"http:\/\/www.eltrabajo.cl\/2017\/?p=86559"},"modified":"2018-05-31T05:00:57","modified_gmt":"2018-05-31T09:00:57","slug":"mas-de-70-motos-harley-davidson-llegaran-a-san-felipe-en-travesia-oficial-de-santiago","status":"publish","type":"post","link":"https:\/\/eltrabajo.cl\/portal\/mas-de-70-motos-harley-davidson-llegaran-a-san-felipe-en-travesia-oficial-de-santiago\/","title":{"rendered":"M\u00e1s de 70 motos Harley-Davidson llegar\u00e1n a San Felipe en traves\u00eda oficial de Santiago"},"content":{"rendered":"<figure id=\"attachment_86560\" aria-describedby=\"caption-attachment-86560\" style=\"width: 580px\" class=\"wp-caption alignnone\"><img data-recalc-dims=\"1\" loading=\"lazy\" decoding=\"async\" class=\"size-full wp-image-86560\" src=\"https:\/\/i0.wp.com\/www.eltrabajo.cl\/portal\/wp-content\/uploads\/2018\/05\/Harley-Davidson-Traves%C3%ADa-archivo-1.jpg?resize=580%2C400\" alt=\"El local de \u2018Harley-Davidson Santiago\u2019, ubicado en Av. Padre Hurtado Norte 1454, en Santiago, ser\u00e1 el punto de partida de la pintoresca actividad.\" width=\"580\" height=\"400\" srcset=\"https:\/\/i0.wp.com\/eltrabajo.cl\/portal\/wp-content\/uploads\/2018\/05\/Harley-Davidson-Traves%C3%ADa-archivo-1.jpg?w=580&amp;ssl=1 580w, https:\/\/i0.wp.com\/eltrabajo.cl\/portal\/wp-content\/uploads\/2018\/05\/Harley-Davidson-Traves%C3%ADa-archivo-1.jpg?resize=200%2C138&amp;ssl=1 200w, https:\/\/i0.wp.com\/eltrabajo.cl\/portal\/wp-content\/uploads\/2018\/05\/Harley-Davidson-Traves%C3%ADa-archivo-1.jpg?resize=300%2C207&amp;ssl=1 300w, https:\/\/i0.wp.com\/eltrabajo.cl\/portal\/wp-content\/uploads\/2018\/05\/Harley-Davidson-Traves%C3%ADa-archivo-1.jpg?resize=218%2C150&amp;ssl=1 218w, https:\/\/i0.wp.com\/eltrabajo.cl\/portal\/wp-content\/uploads\/2018\/05\/Harley-Davidson-Traves%C3%ADa-archivo-1.jpg?resize=400%2C276&amp;ssl=1 400w\" sizes=\"auto, (max-width: 580px) 100vw, 580px\" \/><figcaption id=\"caption-attachment-86560\" class=\"wp-caption-text\">El local de \u2018Harley-Davidson Santiago\u2019, ubicado en Av. Padre Hurtado Norte 1454, en Santiago, ser\u00e1 el punto de partida de la pintoresca actividad.<\/figcaption><\/figure>\n<ul>\n<li><span style=\"color: #ff0000;\"><strong>Este s\u00e1bado 2 de junio:<\/strong><\/span><\/li>\n<\/ul>\n<p>El pr\u00f3ximo s\u00e1bado 2 de junio \u2018Harley-Davidson Santiago\u2019 llevar\u00e1 a efecto junto con usuarios de la marca, una nueva traves\u00eda oficial desde su local ubicado en Av. Padre Hurtado Norte 1454, en Santiago, hasta la ciudad de San Felipe, en el valle del Aconcagua, actividad en la que participar\u00e1n unas 70 motocicletas.<br \/>\nLa Ruta 57 se llenar\u00e1 con pintorescos e hist\u00f3ricos modelos de Harley-Davidson que arribar\u00e1n aproximadamente a las 13 horas a la ciudad de San Felipe de Aconcagua.<br \/>\nEl grupo participante efectuar\u00e1 primero un recorrido por la ciudad para luego hacer base en \u2018Puro Campo\u2019 (restaurante y complejo tur\u00edstico que cuenta ya con m\u00e1s de 20 a\u00f1os de existencia y est\u00e1 ubicado en La Granja S\/N Quebrada Herrera &#8211; San Felipe).<br \/>\nLos diversos ejemplares de motos Harley-Davidson\u00ae estar\u00e1n expuestos en este complejo para el disfrute de todas las personas del lugar, turistas y de ciudades aleda\u00f1as.<br \/>\nLas m\u00e1s de 70 Harley-Davidson se ir\u00e1n despidiendo de la localidad de San Felipe a media tarde y de forma libre sin horario estipulado.<br \/>\nEste tipo de paseos son organizadas por Harley-Davidson Santiago en forma exclusiva para usuarios de la marca y miembros H.O.G. (Harley Owners Group). Adem\u00e1s de estas traves\u00edas mensuales, Harley-Davidson invita todos los s\u00e1bados a los usuarios a reunirse junto a sus motocicletas en el local de la marca en Santiago, donde comparten experiencias y conocimiento sobre sus motos.<\/p>\n<p><span style=\"color: #ff0000;\"><strong>Acerca de Harley-Davidson<\/strong><\/span><br \/>\nDesde 1903, Harley-Davidson Motor Company ha cumplido sue\u00f1os de libertad personal con motos de viaje y custom, experiencias en el camino y eventos, as\u00ed como una l\u00ednea completa de repuestos para los distintos modelos, accesorios y merchandising en general, equipo personal y traje para el motociclista, como as\u00ed tambi\u00e9n la l\u00ednea de ropa marca Harley-Davidson.<\/p>\n<figure id=\"attachment_86561\" aria-describedby=\"caption-attachment-86561\" style=\"width: 580px\" class=\"wp-caption alignnone\"><img data-recalc-dims=\"1\" loading=\"lazy\" decoding=\"async\" class=\"size-full wp-image-86561\" src=\"https:\/\/i0.wp.com\/www.eltrabajo.cl\/portal\/wp-content\/uploads\/2018\/05\/Harley-Davidson-Traves%C3%ADa-archivo-2.jpg?resize=580%2C399\" alt=\"M\u00e1s de 70 motocilistas, todos a bordo de m\u00e1quinas de la marca Harley-Davidson, llegar\u00e1n en traves\u00eda oficial a San Felipe.\" width=\"580\" height=\"399\" srcset=\"https:\/\/i0.wp.com\/eltrabajo.cl\/portal\/wp-content\/uploads\/2018\/05\/Harley-Davidson-Traves%C3%ADa-archivo-2.jpg?w=580&amp;ssl=1 580w, https:\/\/i0.wp.com\/eltrabajo.cl\/portal\/wp-content\/uploads\/2018\/05\/Harley-Davidson-Traves%C3%ADa-archivo-2.jpg?resize=200%2C138&amp;ssl=1 200w, https:\/\/i0.wp.com\/eltrabajo.cl\/portal\/wp-content\/uploads\/2018\/05\/Harley-Davidson-Traves%C3%ADa-archivo-2.jpg?resize=300%2C206&amp;ssl=1 300w, https:\/\/i0.wp.com\/eltrabajo.cl\/portal\/wp-content\/uploads\/2018\/05\/Harley-Davidson-Traves%C3%ADa-archivo-2.jpg?resize=218%2C150&amp;ssl=1 218w, https:\/\/i0.wp.com\/eltrabajo.cl\/portal\/wp-content\/uploads\/2018\/05\/Harley-Davidson-Traves%C3%ADa-archivo-2.jpg?resize=400%2C275&amp;ssl=1 400w\" sizes=\"auto, (max-width: 580px) 100vw, 580px\" \/><figcaption id=\"caption-attachment-86561\" class=\"wp-caption-text\">M\u00e1s de 70 motocilistas, todos a bordo de m\u00e1quinas de la marca Harley-Davidson, llegar\u00e1n en traves\u00eda oficial a San Felipe.<\/figcaption><\/figure>\n","protected":false},"excerpt":{"rendered":"<p>Este s\u00e1bado 2 de junio: El pr\u00f3ximo s\u00e1bado 2 de junio \u2018Harley-Davidson Santiago\u2019 llevar\u00e1 a efecto junto con usuarios de la marca, una nueva traves\u00eda oficial desde su local ubicado en Av&#8230;.<\/p>\n","protected":false},"author":1,"featured_media":86561,"comment_status":"open","ping_status":"open","sticky":false,"template":"","format":"standard","meta":{"advanced_seo_description":"","jetpack_seo_html_title":"","jetpack_seo_noindex":false,"_jetpack_memberships_contains_paid_content":false,"footnotes":""},"categories":[1],"tags":[],"class_list":["post-86559","post","type-post","status-publish","format-standard","has-post-thumbnail","hentry","category-cronica"],"jetpack_featured_media_url":"https:\/\/i0.wp.com\/eltrabajo.cl\/portal\/wp-content\/uploads\/2018\/05\/Harley-Davidson-Traves%C3%ADa-archivo-2.jpg?fit=580%2C399&ssl=1","jetpack_sharing_enabled":true,"jetpack_likes_enabled":true,"jetpack-related-posts":[],"_links":{"self":[{"href":"https:\/\/eltrabajo.cl\/portal\/wp-json\/wp\/v2\/posts\/86559","targetHints":{"allow":["GET"]}}],"collection":[{"href":"https:\/\/eltrabajo.cl\/portal\/wp-json\/wp\/v2\/posts"}],"about":[{"href":"https:\/\/eltrabajo.cl\/portal\/wp-json\/wp\/v2\/types\/post"}],"author":[{"embeddable":true,"href":"https:\/\/eltrabajo.cl\/portal\/wp-json\/wp\/v2\/users\/1"}],"replies":[{"embeddable":true,"href":"https:\/\/eltrabajo.cl\/portal\/wp-json\/wp\/v2\/comments?post=86559"}],"version-history":[{"count":0,"href":"https:\/\/eltrabajo.cl\/portal\/wp-json\/wp\/v2\/posts\/86559\/revisions"}],"wp:featuredmedia":[{"embeddable":true,"href":"https:\/\/eltrabajo.cl\/portal\/wp-json\/wp\/v2\/media\/86561"}],"wp:attachment":[{"href":"https:\/\/eltrabajo.cl\/portal\/wp-json\/wp\/v2\/media?parent=86559"}],"wp:term":[{"taxonomy":"category","embeddable":true,"href":"https:\/\/eltrabajo.cl\/portal\/wp-json\/wp\/v2\/categories?post=86559"},{"taxonomy":"post_tag","embeddable":true,"href":"https:\/\/eltrabajo.cl\/portal\/wp-json\/wp\/v2\/tags?post=86559"}],"curies":[{"name":"wp","href":"https:\/\/api.w.org\/{rel}","templated":true}]}}