{"id":86563,"date":"2018-05-31T05:01:32","date_gmt":"2018-05-31T09:01:32","guid":{"rendered":"http:\/\/www.eltrabajo.cl\/2017\/?p=86563"},"modified":"2018-05-31T05:01:32","modified_gmt":"2018-05-31T09:01:32","slug":"presupuesto-de-oo-pp-no-considera-2o-tunel-chacabuco-ni-puente-de-tierras-blancas","status":"publish","type":"post","link":"https:\/\/eltrabajo.cl\/portal\/presupuesto-de-oo-pp-no-considera-2o-tunel-chacabuco-ni-puente-de-tierras-blancas\/","title":{"rendered":"\u201cPresupuesto de OO.PP. no considera 2\u00ba t\u00fanel Chacabuco ni puente de Tierras Blancas\u201d"},"content":{"rendered":"<figure id=\"attachment_86564\" aria-describedby=\"caption-attachment-86564\" style=\"width: 580px\" class=\"wp-caption alignnone\"><img data-recalc-dims=\"1\" loading=\"lazy\" decoding=\"async\" class=\"size-full wp-image-86564\" src=\"https:\/\/i0.wp.com\/www.eltrabajo.cl\/portal\/wp-content\/uploads\/2018\/05\/Stevenson-2.jpg?resize=580%2C400\" alt=\"Rolando Stevenson Velasco, Consejero Regional, junto al mapa de inversiones que no considera proyectos de suma importancia para el Valle de Aconcagua.\" width=\"580\" height=\"400\" srcset=\"https:\/\/i0.wp.com\/eltrabajo.cl\/portal\/wp-content\/uploads\/2018\/05\/Stevenson-2.jpg?w=580&amp;ssl=1 580w, https:\/\/i0.wp.com\/eltrabajo.cl\/portal\/wp-content\/uploads\/2018\/05\/Stevenson-2.jpg?resize=200%2C138&amp;ssl=1 200w, https:\/\/i0.wp.com\/eltrabajo.cl\/portal\/wp-content\/uploads\/2018\/05\/Stevenson-2.jpg?resize=300%2C207&amp;ssl=1 300w, https:\/\/i0.wp.com\/eltrabajo.cl\/portal\/wp-content\/uploads\/2018\/05\/Stevenson-2.jpg?resize=218%2C150&amp;ssl=1 218w, https:\/\/i0.wp.com\/eltrabajo.cl\/portal\/wp-content\/uploads\/2018\/05\/Stevenson-2.jpg?resize=400%2C276&amp;ssl=1 400w\" sizes=\"auto, (max-width: 580px) 100vw, 580px\" \/><figcaption id=\"caption-attachment-86564\" class=\"wp-caption-text\">Rolando Stevenson Velasco, Consejero Regional, junto al mapa de inversiones que no considera proyectos de suma importancia para el Valle de Aconcagua.<\/figcaption><\/figure>\n<ul>\n<li><span style=\"color: #ff0000;\"><strong>Core Rolando Stevenson:<\/strong> <\/span><\/li>\n<\/ul>\n<p>El Consejero Regional Rolando Stevenson Velasco lament\u00f3 que el presupuesto del Ministerio de Obras P\u00fablicas no considere el financiamiento de obras importantes para el desarrollo local y para la comunidad como son la construcci\u00f3n del segundo t\u00fanel de Chacabuco y el puente para Tierras Blancas.<br \/>\nStevenson dijo que de acuerdo a la normativa actual los ministerios, para elaborar sus presupuestos, tienen que hacer un Anteproyecto Regional de Inversi\u00f3n (ARI), de acuerdo a los trazados estrat\u00e9gicos de la regi\u00f3n.<br \/>\nDe acuerdo a lo anterior, el primer servicio que se someti\u00f3 a esta jurisdicci\u00f3n del Consejo Regional fue el MOP (Ministerio de Obras P\u00fablicas), quien este lunes hizo una presentaci\u00f3n ante el Core de su presupuesto por un monto de 112 mil millones de pesos, donde lo lamentable es que la gran inversi\u00f3n indudablemente se va a los sectores de mayor densidad poblacional como Valpara\u00edso y Vi\u00f1a del Mar, en desmedro de lo que es el Valle del Aconcagua, donde no hay obras de importancia como las mencionadas.<br \/>\n\u201cEn el caso de Los Andes el segundo t\u00fanel de Chacabuco est\u00e1 absolutamente ignorado, y es una aspiraci\u00f3n no solamente de los andinos sino de todo el valle. Y lo que yo lamento profundamente porque lo he recorrido, es el puente del sector Tierras Blancas que est\u00e1 tan da\u00f1ado y que tiene los clavos de oro, porque se ha gastado una cantidad importante de recursos en poner clavos, tablones nuevos; f\u00edjese que estas obras son importantes y que seg\u00fan algunas autoridades estaban listas, comprometidas, eso es verdad, el Seremi nos dijo que ni siquiera conoc\u00eda esta situaci\u00f3n, yo personalmente le manifest\u00e9 nuestro desagrado al respecto, tambi\u00e9n los otros consejeros, lo debo reconocer, pero en el caso m\u00edo que he estado directamente vinculado a esta situaci\u00f3n del puente, es que le ped\u00ed al Seremi consultara a sus asesores antiguos, pero la verdad es que el puente no est\u00e1 dentro del presupuesto 2018 menos del 2019, as\u00ed es que no hay puente de Tierras Blancas y es pura f\u00e1brica de humo. Yo ped\u00ed oficialmente que el Seremi nos informara por escrito este asunto que no existe ese proyecto y que en lo posible se incluya\u201d, se\u00f1al\u00f3 Stevenson.<br \/>\nComent\u00f3 que el Seremi se llev\u00f3 la sorpresa junto con sus funcionarios porque pensaron que ellos, al presentar su ARI (Anteproyecto Regional de Inversi\u00f3n) se lo iban a aprobar en forma inmediata y eso no fue as\u00ed, quedando diferido para otra ocasi\u00f3n en que haya mayor informaci\u00f3n y en que haya otras obras que no est\u00e1n consideradas.<br \/>\n\u201cDentro de este presupuesto de 112 mil millones de pesos, hay 25 mil millones, pese a no estar considerado el puente, s\u00ed hay aportes para Aconcagua; por ejemplo para la APR El Higueral setecientos y tantos millones en Los Andes, al APR de Las Coimas que es absolutamente indispensable, 738 millones; mejoramiento del t\u00fanel Caracoles, etc, pero las cosas que son m\u00e1s puntuales no est\u00e1n, por ejemplo el tratamiento que se debe dar para la seguridad vial en Tres Esquinas, en que los pobladores, los j\u00f3venes, los ni\u00f1os no pueden atravesar con seguridad, no hay un paso indicado para ello, no hay ninguna protecci\u00f3n, ah\u00ed hay que ser valiente para cruzar esa calle\u201d, indic\u00f3 el Core.<br \/>\nAl finalizar dijo que una vez terminada la reuni\u00f3n invit\u00f3 al Seremi de Obras P\u00fablicas a que viniera a la zona y recorriera espec\u00edficamente el Puente de Tierras Blancas, que es una ruta alternativa para San Felipe ante cualquier emergencia.<\/p>\n","protected":false},"excerpt":{"rendered":"<p>Core Rolando Stevenson: El Consejero Regional Rolando Stevenson Velasco lament\u00f3 que el presupuesto del Ministerio de Obras P\u00fablicas no considere el financiamiento de obras importantes para el desarrollo local y para la&#8230;<\/p>\n","protected":false},"author":1,"featured_media":86564,"comment_status":"open","ping_status":"open","sticky":false,"template":"","format":"standard","meta":{"advanced_seo_description":"","jetpack_seo_html_title":"","jetpack_seo_noindex":false,"_jetpack_memberships_contains_paid_content":false,"footnotes":""},"categories":[1],"tags":[],"class_list":["post-86563","post","type-post","status-publish","format-standard","has-post-thumbnail","hentry","category-cronica"],"jetpack_featured_media_url":"https:\/\/i0.wp.com\/eltrabajo.cl\/portal\/wp-content\/uploads\/2018\/05\/Stevenson-2.jpg?fit=580%2C400&ssl=1","jetpack_sharing_enabled":true,"jetpack_likes_enabled":true,"jetpack-related-posts":[],"_links":{"self":[{"href":"https:\/\/eltrabajo.cl\/portal\/wp-json\/wp\/v2\/posts\/86563","targetHints":{"allow":["GET"]}}],"collection":[{"href":"https:\/\/eltrabajo.cl\/portal\/wp-json\/wp\/v2\/posts"}],"about":[{"href":"https:\/\/eltrabajo.cl\/portal\/wp-json\/wp\/v2\/types\/post"}],"author":[{"embeddable":true,"href":"https:\/\/eltrabajo.cl\/portal\/wp-json\/wp\/v2\/users\/1"}],"replies":[{"embeddable":true,"href":"https:\/\/eltrabajo.cl\/portal\/wp-json\/wp\/v2\/comments?post=86563"}],"version-history":[{"count":0,"href":"https:\/\/eltrabajo.cl\/portal\/wp-json\/wp\/v2\/posts\/86563\/revisions"}],"wp:featuredmedia":[{"embeddable":true,"href":"https:\/\/eltrabajo.cl\/portal\/wp-json\/wp\/v2\/media\/86564"}],"wp:attachment":[{"href":"https:\/\/eltrabajo.cl\/portal\/wp-json\/wp\/v2\/media?parent=86563"}],"wp:term":[{"taxonomy":"category","embeddable":true,"href":"https:\/\/eltrabajo.cl\/portal\/wp-json\/wp\/v2\/categories?post=86563"},{"taxonomy":"post_tag","embeddable":true,"href":"https:\/\/eltrabajo.cl\/portal\/wp-json\/wp\/v2\/tags?post=86563"}],"curies":[{"name":"wp","href":"https:\/\/api.w.org\/{rel}","templated":true}]}}