{"id":86566,"date":"2018-05-31T05:02:16","date_gmt":"2018-05-31T09:02:16","guid":{"rendered":"http:\/\/www.eltrabajo.cl\/2017\/?p=86566"},"modified":"2018-05-31T05:02:16","modified_gmt":"2018-05-31T09:02:16","slug":"jugador-felix-cortes-es-pasado-al-tribunal-de-disciplina-del-uni-uni","status":"publish","type":"post","link":"https:\/\/eltrabajo.cl\/portal\/jugador-felix-cortes-es-pasado-al-tribunal-de-disciplina-del-uni-uni\/","title":{"rendered":"Jugador F\u00e9lix Cort\u00e9s es pasado al Tribunal de Disciplina del Un\u00ed Un\u00ed"},"content":{"rendered":"<figure id=\"attachment_86567\" aria-describedby=\"caption-attachment-86567\" style=\"width: 580px\" class=\"wp-caption alignnone\"><img data-recalc-dims=\"1\" loading=\"lazy\" decoding=\"async\" class=\"size-full wp-image-86567\" src=\"https:\/\/i0.wp.com\/www.eltrabajo.cl\/portal\/wp-content\/uploads\/2018\/05\/accidente-rotonda.jpg?resize=580%2C399\" alt=\"El accidente no tuvo mayores consecuencias salvo los da\u00f1os al veh\u00edculo que conduc\u00eda el jugador.\" width=\"580\" height=\"399\" srcset=\"https:\/\/i0.wp.com\/eltrabajo.cl\/portal\/wp-content\/uploads\/2018\/05\/accidente-rotonda.jpg?w=580&amp;ssl=1 580w, https:\/\/i0.wp.com\/eltrabajo.cl\/portal\/wp-content\/uploads\/2018\/05\/accidente-rotonda.jpg?resize=200%2C138&amp;ssl=1 200w, https:\/\/i0.wp.com\/eltrabajo.cl\/portal\/wp-content\/uploads\/2018\/05\/accidente-rotonda.jpg?resize=300%2C206&amp;ssl=1 300w, https:\/\/i0.wp.com\/eltrabajo.cl\/portal\/wp-content\/uploads\/2018\/05\/accidente-rotonda.jpg?resize=218%2C150&amp;ssl=1 218w, https:\/\/i0.wp.com\/eltrabajo.cl\/portal\/wp-content\/uploads\/2018\/05\/accidente-rotonda.jpg?resize=400%2C275&amp;ssl=1 400w\" sizes=\"auto, (max-width: 580px) 100vw, 580px\" \/><figcaption id=\"caption-attachment-86567\" class=\"wp-caption-text\">El accidente no tuvo mayores consecuencias salvo los da\u00f1os al veh\u00edculo que conduc\u00eda el jugador.<\/figcaption><\/figure>\n<ul>\n<li><span style=\"color: #ff0000;\"><strong>Por conducir en estado de ebriedad:<\/strong><\/span><\/li>\n<\/ul>\n<p>En definitiva, ser\u00e1 el tribunal de disciplina de Uni\u00f3n San Felipe el que deber\u00e1 determinar las sanciones internas que recaer\u00e1n sobre el jugador F\u00e9lix Cort\u00e9s, luego que \u00e9ste protagonizara la noche del martes reci\u00e9n pasado, un incidente automovil\u00edstico en la rotonda que est\u00e1 frente al Liceo Mixto en el sector El Almendral. En la oportunidad Cort\u00e9s fue detenido por Carabineros debido a que se encontraba manejando en estado de ebriedad, por lo que ahora tambi\u00e9n deber\u00e1 responder ante la justicia ordinaria por dicha acci\u00f3n. \u201cYa no le queda m\u00e1s que responder por las consecuencias que queda de ello; \u00e9l est\u00e1 imputado por un delito que tiene consecuencias serias, que es conducir en estado de ebriedad; es una l\u00e1stima pues F\u00e9lix es una persona bien intencionada que tom\u00f3 una mala decisi\u00f3n\u201d, se\u00f1al\u00f3 el Gerente General del club, Eduardo Olivares.<br \/>\nEl personero fue muy claro en cuanto a que \u201ccomo directorio no nos compete tomar ninguna decisi\u00f3n ya que lo que le sucedi\u00f3 fue algo de su vida privada en un d\u00eda y horario en que no compromet\u00eda las actividades del club, pero s\u00ed la imagen del club, y por lo mismo el Tribunal de Disciplina ser\u00e1 el encargado de tomar las decisiones correspondientes; ellos (el tribunal) son aut\u00f3nomos y podr\u00e1n determinar libremente\u201d, explic\u00f3.<br \/>\nEduardo Olivares inform\u00f3 que, para este tipo de faltas, las sanciones se determinan de acuerdo a un reglamento interno, por lo que F\u00e9lix Cort\u00e9s podr\u00eda sufrir desde una simple amonestaci\u00f3n verbal hasta sanciones econ\u00f3micas.<\/p>\n<figure id=\"attachment_86568\" aria-describedby=\"caption-attachment-86568\" style=\"width: 580px\" class=\"wp-caption alignnone\"><img data-recalc-dims=\"1\" loading=\"lazy\" decoding=\"async\" class=\"size-full wp-image-86568\" src=\"https:\/\/i0.wp.com\/www.eltrabajo.cl\/portal\/wp-content\/uploads\/2018\/05\/felix-cortes.jpg?resize=580%2C399\" alt=\"La noche del martes F\u00e9lix Cort\u00e9s fue detenido por Carabineros luego de protagonizar un incidente automovil\u00edstico en la Rotonda de El Almendral.\" width=\"580\" height=\"399\" srcset=\"https:\/\/i0.wp.com\/eltrabajo.cl\/portal\/wp-content\/uploads\/2018\/05\/felix-cortes.jpg?w=580&amp;ssl=1 580w, https:\/\/i0.wp.com\/eltrabajo.cl\/portal\/wp-content\/uploads\/2018\/05\/felix-cortes.jpg?resize=200%2C138&amp;ssl=1 200w, https:\/\/i0.wp.com\/eltrabajo.cl\/portal\/wp-content\/uploads\/2018\/05\/felix-cortes.jpg?resize=300%2C206&amp;ssl=1 300w, https:\/\/i0.wp.com\/eltrabajo.cl\/portal\/wp-content\/uploads\/2018\/05\/felix-cortes.jpg?resize=218%2C150&amp;ssl=1 218w, https:\/\/i0.wp.com\/eltrabajo.cl\/portal\/wp-content\/uploads\/2018\/05\/felix-cortes.jpg?resize=400%2C275&amp;ssl=1 400w\" sizes=\"auto, (max-width: 580px) 100vw, 580px\" \/><figcaption id=\"caption-attachment-86568\" class=\"wp-caption-text\">La noche del martes F\u00e9lix Cort\u00e9s fue detenido por Carabineros luego de protagonizar un incidente automovil\u00edstico en la Rotonda de El Almendral.<\/figcaption><\/figure>\n","protected":false},"excerpt":{"rendered":"<p>Por conducir en estado de ebriedad: En definitiva, ser\u00e1 el tribunal de disciplina de Uni\u00f3n San Felipe el que deber\u00e1 determinar las sanciones internas que recaer\u00e1n sobre el jugador F\u00e9lix Cort\u00e9s, luego&#8230;<\/p>\n","protected":false},"author":1,"featured_media":86568,"comment_status":"open","ping_status":"open","sticky":false,"template":"","format":"standard","meta":{"advanced_seo_description":"","jetpack_seo_html_title":"","jetpack_seo_noindex":false,"_jetpack_memberships_contains_paid_content":false,"footnotes":""},"categories":[19],"tags":[],"class_list":["post-86566","post","type-post","status-publish","format-standard","has-post-thumbnail","hentry","category-deportes"],"jetpack_featured_media_url":"https:\/\/i0.wp.com\/eltrabajo.cl\/portal\/wp-content\/uploads\/2018\/05\/felix-cortes.jpg?fit=580%2C399&ssl=1","jetpack_sharing_enabled":true,"jetpack_likes_enabled":true,"jetpack-related-posts":[],"_links":{"self":[{"href":"https:\/\/eltrabajo.cl\/portal\/wp-json\/wp\/v2\/posts\/86566","targetHints":{"allow":["GET"]}}],"collection":[{"href":"https:\/\/eltrabajo.cl\/portal\/wp-json\/wp\/v2\/posts"}],"about":[{"href":"https:\/\/eltrabajo.cl\/portal\/wp-json\/wp\/v2\/types\/post"}],"author":[{"embeddable":true,"href":"https:\/\/eltrabajo.cl\/portal\/wp-json\/wp\/v2\/users\/1"}],"replies":[{"embeddable":true,"href":"https:\/\/eltrabajo.cl\/portal\/wp-json\/wp\/v2\/comments?post=86566"}],"version-history":[{"count":0,"href":"https:\/\/eltrabajo.cl\/portal\/wp-json\/wp\/v2\/posts\/86566\/revisions"}],"wp:featuredmedia":[{"embeddable":true,"href":"https:\/\/eltrabajo.cl\/portal\/wp-json\/wp\/v2\/media\/86568"}],"wp:attachment":[{"href":"https:\/\/eltrabajo.cl\/portal\/wp-json\/wp\/v2\/media?parent=86566"}],"wp:term":[{"taxonomy":"category","embeddable":true,"href":"https:\/\/eltrabajo.cl\/portal\/wp-json\/wp\/v2\/categories?post=86566"},{"taxonomy":"post_tag","embeddable":true,"href":"https:\/\/eltrabajo.cl\/portal\/wp-json\/wp\/v2\/tags?post=86566"}],"curies":[{"name":"wp","href":"https:\/\/api.w.org\/{rel}","templated":true}]}}