{"id":86578,"date":"2018-06-01T05:01:42","date_gmt":"2018-06-01T09:01:42","guid":{"rendered":"http:\/\/www.eltrabajo.cl\/2017\/?p=86578"},"modified":"2018-06-01T05:01:42","modified_gmt":"2018-06-01T09:01:42","slug":"a-las-9-de-la-manana-arrancara-este-domingo-la-media-maraton-aconcagua","status":"publish","type":"post","link":"https:\/\/eltrabajo.cl\/portal\/a-las-9-de-la-manana-arrancara-este-domingo-la-media-maraton-aconcagua\/","title":{"rendered":"A las 9 de la ma\u00f1ana arrancar\u00e1 este domingo la Media Marat\u00f3n Aconcagua"},"content":{"rendered":"<figure id=\"attachment_86580\" aria-describedby=\"caption-attachment-86580\" style=\"width: 580px\" class=\"wp-caption alignnone\"><img data-recalc-dims=\"1\" loading=\"lazy\" decoding=\"async\" class=\"size-full wp-image-86580\" src=\"https:\/\/i0.wp.com\/www.eltrabajo.cl\/portal\/wp-content\/uploads\/2018\/05\/Maraton1.jpg?resize=580%2C400\" alt=\"MEDIA MARATON.- Entre 150 y 200 corredores de todo el pa\u00eds se estar\u00e1n dando cita este domingo desde las ocho de la ma\u00f1ana en nuestra comuna, para correr la Media Marat\u00f3n Aconcagua 2017.\" width=\"580\" height=\"400\" srcset=\"https:\/\/i0.wp.com\/eltrabajo.cl\/portal\/wp-content\/uploads\/2018\/05\/Maraton1.jpg?w=580&amp;ssl=1 580w, https:\/\/i0.wp.com\/eltrabajo.cl\/portal\/wp-content\/uploads\/2018\/05\/Maraton1.jpg?resize=200%2C138&amp;ssl=1 200w, https:\/\/i0.wp.com\/eltrabajo.cl\/portal\/wp-content\/uploads\/2018\/05\/Maraton1.jpg?resize=300%2C207&amp;ssl=1 300w, https:\/\/i0.wp.com\/eltrabajo.cl\/portal\/wp-content\/uploads\/2018\/05\/Maraton1.jpg?resize=218%2C150&amp;ssl=1 218w, https:\/\/i0.wp.com\/eltrabajo.cl\/portal\/wp-content\/uploads\/2018\/05\/Maraton1.jpg?resize=400%2C276&amp;ssl=1 400w\" sizes=\"auto, (max-width: 580px) 100vw, 580px\" \/><figcaption id=\"caption-attachment-86580\" class=\"wp-caption-text\">MEDIA MARATON.- Entre 150 y 200 corredores de todo el pa\u00eds se estar\u00e1n dando cita este domingo desde las ocho de la ma\u00f1ana en nuestra comuna, para correr la Media Marat\u00f3n Aconcagua 2017.<\/figcaption><\/figure>\n<ul>\n<li><span style=\"color: #ff0000;\"><strong>Los mejores atletas del pa\u00eds buscar\u00e1n la gloria en San Felipe:<\/strong><\/span><\/li>\n<\/ul>\n<p>Como ya lo hab\u00edamos anunciado desde hace varias semanas en nuestro medio, por fin se ver\u00e1n las caras en nuestra comuna los mejores atletas de nuestra regi\u00f3n, los m\u00e1s raqueados del pa\u00eds y tambi\u00e9n varios atletas de talla internacional, todos ellos en busca de ganar la Media Marat\u00f3n Aconcagua 2018, que organiza Aconcagua Runners, misma que se desarrollar\u00e1 en San Felipe y Santa Mar\u00eda.<\/p>\n<p><span style=\"color: #ff0000;\"><strong>EN SUS MARCAS\u2026<\/strong><\/span><br \/>\nAs\u00ed lo confirm\u00f3 a nuestro medio el organizador de la misma, David Olivares, quien aport\u00f3 detalles de esta jornada deportiva: \u00abEstamos muy pero muy contentos, todo est\u00e1 listo para dar el Vamos de esta esperada corrida, en total son 152 los atletas ya registrados, inscritos y con derecho a su Kit, el que incluye su chip, Medalla Finisher, morral, hidrataci\u00f3n y la posibilidad de ganar en su categor\u00eda o en la general, pero aunque sean 152 los inscritos, siempre compiten otros, tenemos a excelentes exponentes locales como Francisca Z\u00fa\u00f1iga, Jorge \u2018Expreso\u2019 Estay, Monserrat Espinoza y otras sorpresas. A nivel nacional tendremos el honor de ver correr a deportistas de la talla de Pablo B\u00e1ez, campe\u00f3n suramericano de Trail; Karen Torrealba, en este momento la mejor atleta de Chile, campeona Wildlife; y Daniela Demarco, ganadora de la Marat\u00f3n de Vi\u00f1a 2017, la mejor de la V Regi\u00f3n, o sea, que nuestros deportistas locales tendr\u00e1n verdaderamente que emplearse muy afondo para superar a estas \u2018m\u00e1quinas de correr\u2019, pero de eso se trata, de que los mejores tengan que defender sus lugares, porque tambi\u00e9n aqu\u00ed en Aconcagua tenemos a nuestras estrellas locales y correr\u00e1n con hambre de ganar, tambi\u00e9n quiero recordar que es por el apoyo que siempre Diario El Trabajo nos brinda para apoyar a nuestros atletas y al deporte en general, que esta Media Marat\u00f3n se llama \u2018Marat\u00f3n Diario El Trabajo\u2019, no porque ellos la organicen, sino porque queremos nosotros con este gesto agradecer p\u00fablicamente el apoyo brindado\u00bb, coment\u00f3 Olivares a nuestro medio.<\/p>\n<p><span style=\"color: #ff0000;\"><strong>EL RECORRIDO<\/strong><\/span><br \/>\nSeg\u00fan explic\u00f3 Olivares, el recorrido ser\u00e1 ida y vuelta a Santa Mar\u00eda, \u00aba las 8:00 horas es la presentaci\u00f3n de los atletas y entrega del Kit oficial de la carrera, a las 9:00 es el Arranque, los atletas salen frente a la Plaza C\u00edvica, doblan en Merced, Yungay, y suben por la costanera de La Troya, Almendral, suben por el cerro, dan la vuelta a la Plaza de Armas de Santa Mar\u00eda, y regresan por la misma ruta\u00bb, puntualiz\u00f3.<\/p>\n<p><span style=\"color: #ff0000;\"><strong>PATROCINADORES<\/strong><\/span><br \/>\nEntre los auspiciadores de esta Media Marat\u00f3n, seg\u00fan inform\u00f3 el organizador, se encuentran Banco Estado, Baika, Aguas del Rey, IST, Igospel Chile, Gatorade, Diario El Trabajo, Fil Drone, Naser, Capsule Confecciones, Fixcar, Snob, Paulo Noticias, mega Color y los municipios de Santa Mar\u00eda y San Felipe.<br \/>\n<strong>Roberto Gonz\u00e1lez Short<\/strong><\/p>\n<figure id=\"attachment_86581\" aria-describedby=\"caption-attachment-86581\" style=\"width: 580px\" class=\"wp-caption alignnone\"><img data-recalc-dims=\"1\" loading=\"lazy\" decoding=\"async\" class=\"size-full wp-image-86581\" src=\"https:\/\/i0.wp.com\/www.eltrabajo.cl\/portal\/wp-content\/uploads\/2018\/05\/Maraton2.jpg?resize=580%2C400\" alt=\"UNA MUESTRA.- Esta es apenas una peque\u00f1a muestra de los premios que recibir\u00e1n los atletas que corran la Media Marat\u00f3n organizada por Aconcagua Runners, y patrocinada por Diario El Trabajo.\" width=\"580\" height=\"400\" srcset=\"https:\/\/i0.wp.com\/eltrabajo.cl\/portal\/wp-content\/uploads\/2018\/05\/Maraton2.jpg?w=580&amp;ssl=1 580w, https:\/\/i0.wp.com\/eltrabajo.cl\/portal\/wp-content\/uploads\/2018\/05\/Maraton2.jpg?resize=200%2C138&amp;ssl=1 200w, https:\/\/i0.wp.com\/eltrabajo.cl\/portal\/wp-content\/uploads\/2018\/05\/Maraton2.jpg?resize=300%2C207&amp;ssl=1 300w, https:\/\/i0.wp.com\/eltrabajo.cl\/portal\/wp-content\/uploads\/2018\/05\/Maraton2.jpg?resize=218%2C150&amp;ssl=1 218w, https:\/\/i0.wp.com\/eltrabajo.cl\/portal\/wp-content\/uploads\/2018\/05\/Maraton2.jpg?resize=400%2C276&amp;ssl=1 400w\" sizes=\"auto, (max-width: 580px) 100vw, 580px\" \/><figcaption id=\"caption-attachment-86581\" class=\"wp-caption-text\">UNA MUESTRA.- Esta es apenas una peque\u00f1a muestra de los premios que recibir\u00e1n los atletas que corran la Media Marat\u00f3n organizada por Aconcagua Runners, y patrocinada por Diario El Trabajo.<\/figcaption><\/figure>\n<figure id=\"attachment_86579\" aria-describedby=\"caption-attachment-86579\" style=\"width: 580px\" class=\"wp-caption alignnone\"><img data-recalc-dims=\"1\" loading=\"lazy\" decoding=\"async\" class=\"size-full wp-image-86579\" src=\"https:\/\/i0.wp.com\/www.eltrabajo.cl\/portal\/wp-content\/uploads\/2018\/05\/Maraton_David-Olivares.jpg?resize=580%2C399\" alt=\"David Olivares, organizador del evento.\" width=\"580\" height=\"399\" srcset=\"https:\/\/i0.wp.com\/eltrabajo.cl\/portal\/wp-content\/uploads\/2018\/05\/Maraton_David-Olivares.jpg?w=580&amp;ssl=1 580w, https:\/\/i0.wp.com\/eltrabajo.cl\/portal\/wp-content\/uploads\/2018\/05\/Maraton_David-Olivares.jpg?resize=200%2C138&amp;ssl=1 200w, https:\/\/i0.wp.com\/eltrabajo.cl\/portal\/wp-content\/uploads\/2018\/05\/Maraton_David-Olivares.jpg?resize=300%2C206&amp;ssl=1 300w, https:\/\/i0.wp.com\/eltrabajo.cl\/portal\/wp-content\/uploads\/2018\/05\/Maraton_David-Olivares.jpg?resize=218%2C150&amp;ssl=1 218w, https:\/\/i0.wp.com\/eltrabajo.cl\/portal\/wp-content\/uploads\/2018\/05\/Maraton_David-Olivares.jpg?resize=400%2C275&amp;ssl=1 400w\" sizes=\"auto, (max-width: 580px) 100vw, 580px\" \/><figcaption id=\"caption-attachment-86579\" class=\"wp-caption-text\">David Olivares, organizador del evento.<\/figcaption><\/figure>\n","protected":false},"excerpt":{"rendered":"<p>Los mejores atletas del pa\u00eds buscar\u00e1n la gloria en San Felipe: Como ya lo hab\u00edamos anunciado desde hace varias semanas en nuestro medio, por fin se ver\u00e1n las caras en nuestra comuna&#8230;<\/p>\n","protected":false},"author":1,"featured_media":86580,"comment_status":"open","ping_status":"open","sticky":false,"template":"","format":"standard","meta":{"advanced_seo_description":"","jetpack_seo_html_title":"","jetpack_seo_noindex":false,"_jetpack_memberships_contains_paid_content":false,"footnotes":""},"categories":[19],"tags":[],"class_list":["post-86578","post","type-post","status-publish","format-standard","has-post-thumbnail","hentry","category-deportes"],"jetpack_featured_media_url":"https:\/\/i0.wp.com\/eltrabajo.cl\/portal\/wp-content\/uploads\/2018\/05\/Maraton1.jpg?fit=580%2C400&ssl=1","jetpack_sharing_enabled":true,"jetpack_likes_enabled":true,"jetpack-related-posts":[],"_links":{"self":[{"href":"https:\/\/eltrabajo.cl\/portal\/wp-json\/wp\/v2\/posts\/86578","targetHints":{"allow":["GET"]}}],"collection":[{"href":"https:\/\/eltrabajo.cl\/portal\/wp-json\/wp\/v2\/posts"}],"about":[{"href":"https:\/\/eltrabajo.cl\/portal\/wp-json\/wp\/v2\/types\/post"}],"author":[{"embeddable":true,"href":"https:\/\/eltrabajo.cl\/portal\/wp-json\/wp\/v2\/users\/1"}],"replies":[{"embeddable":true,"href":"https:\/\/eltrabajo.cl\/portal\/wp-json\/wp\/v2\/comments?post=86578"}],"version-history":[{"count":0,"href":"https:\/\/eltrabajo.cl\/portal\/wp-json\/wp\/v2\/posts\/86578\/revisions"}],"wp:featuredmedia":[{"embeddable":true,"href":"https:\/\/eltrabajo.cl\/portal\/wp-json\/wp\/v2\/media\/86580"}],"wp:attachment":[{"href":"https:\/\/eltrabajo.cl\/portal\/wp-json\/wp\/v2\/media?parent=86578"}],"wp:term":[{"taxonomy":"category","embeddable":true,"href":"https:\/\/eltrabajo.cl\/portal\/wp-json\/wp\/v2\/categories?post=86578"},{"taxonomy":"post_tag","embeddable":true,"href":"https:\/\/eltrabajo.cl\/portal\/wp-json\/wp\/v2\/tags?post=86578"}],"curies":[{"name":"wp","href":"https:\/\/api.w.org\/{rel}","templated":true}]}}