{"id":86598,"date":"2018-06-04T05:00:36","date_gmt":"2018-06-04T09:00:36","guid":{"rendered":"http:\/\/www.eltrabajo.cl\/2017\/?p=86598"},"modified":"2018-06-04T05:00:36","modified_gmt":"2018-06-04T09:00:36","slug":"jugando-a-gran-nivel-el-uni-despidio-1a-rueda-del-torneo-de-la-primera-b","status":"publish","type":"post","link":"https:\/\/eltrabajo.cl\/portal\/jugando-a-gran-nivel-el-uni-despidio-1a-rueda-del-torneo-de-la-primera-b\/","title":{"rendered":"Jugando a gran nivel el Un\u00ed despidi\u00f3 1\u00aa rueda del torneo de la Primera B"},"content":{"rendered":"<figure id=\"attachment_86599\" aria-describedby=\"caption-attachment-86599\" style=\"width: 578px\" class=\"wp-caption alignnone\"><img data-recalc-dims=\"1\" loading=\"lazy\" decoding=\"async\" class=\"size-full wp-image-86599\" src=\"https:\/\/i0.wp.com\/www.eltrabajo.cl\/portal\/wp-content\/uploads\/2018\/06\/san-felipe-rangers1.jpg?resize=578%2C325\" alt=\"Con su triunfo sobre los maulinos, el conjunto sanfelipe\u00f1o lleg\u00f3 a 22 puntos y cumpli\u00f3 con el objetivo de terminar en la \u2018zona de acecho\u2019 en la Tabla de la Primera B.\" width=\"578\" height=\"325\" srcset=\"https:\/\/i0.wp.com\/eltrabajo.cl\/portal\/wp-content\/uploads\/2018\/06\/san-felipe-rangers1.jpg?w=578&amp;ssl=1 578w, https:\/\/i0.wp.com\/eltrabajo.cl\/portal\/wp-content\/uploads\/2018\/06\/san-felipe-rangers1.jpg?resize=200%2C112&amp;ssl=1 200w, https:\/\/i0.wp.com\/eltrabajo.cl\/portal\/wp-content\/uploads\/2018\/06\/san-felipe-rangers1.jpg?resize=300%2C169&amp;ssl=1 300w, https:\/\/i0.wp.com\/eltrabajo.cl\/portal\/wp-content\/uploads\/2018\/06\/san-felipe-rangers1.jpg?resize=267%2C150&amp;ssl=1 267w, https:\/\/i0.wp.com\/eltrabajo.cl\/portal\/wp-content\/uploads\/2018\/06\/san-felipe-rangers1.jpg?resize=400%2C225&amp;ssl=1 400w\" sizes=\"auto, (max-width: 578px) 100vw, 578px\" \/><figcaption id=\"caption-attachment-86599\" class=\"wp-caption-text\">Con su triunfo sobre los maulinos, el conjunto sanfelipe\u00f1o lleg\u00f3 a 22 puntos y cumpli\u00f3 con el objetivo de terminar en la \u2018zona de acecho\u2019 en la Tabla de la Primera B.<\/figcaption><\/figure>\n<ul>\n<li><span style=\"color: #ff0000;\"><strong>Con un doblete del volante Bryan Cort\u00e9s, la escuadra sanfelipe\u00f1a se impuso por 2 a 0 a Rangers de Talca.<\/strong><\/span><\/li>\n<\/ul>\n<p>Para Uni\u00f3n San Felipe, fundamental era dejar los tres puntos que estaban en juego frente a Rangers, en el duelo que la tarde del s\u00e1bado reci\u00e9n pasado se disput\u00f3 en el estadio Municipal.<br \/>\nImponerse a los maulinos era casi un Mandamiento que reinaba en la interna del conjunto sanfelipe\u00f1o, en el cual tambi\u00e9n se asum\u00eda que la forma en que se lograra ese objetivo era importante, ya que es un hecho de la causa que los de Lovrincevich han evidenciado notables avances en su forma de jugar y encarar las \u00faltimas fechas de la fase final de la primera rueda del campeonato de plata del f\u00fatbol rentado nacional.<br \/>\nA diferencia de otras oportunidades, el Un\u00ed Un\u00ed r\u00e1pidamente hizo diferencias en el marcador. A los 6 minutos de juego lograba hacer el desequilibrio en los n\u00fameros gracias al primer gol de Bryan Cort\u00e9s, el primero de la cuenta personal del jugador nacido en Cobreloa y que en su momento fuera objeto de deseo de los equipos \u2018grandes\u2019 del f\u00fatbol criollo.<br \/>\nNo es una exageraci\u00f3n decir que tras el ese gol se vinieron los mejores momentos del \u00faltimo tiempo de los sanfelipe\u00f1os. Con un juego din\u00e1mico, donde cada jugador ejecutaba a la perfecci\u00f3n sus funciones en el campo de juego, pasaron a dominar casi sin el m\u00e1s m\u00ednimo contrapeso a un cuadro visitante que solo buscaba evitar filtraciones en su \u00faltima l\u00ednea; situaci\u00f3n que ocurri\u00f3 a los 21\u2019, cuando el mismo Cort\u00e9s volvi\u00f3 a poner su r\u00fabrica.<br \/>\nSan Felipe perfectamente pudo haber aumentado las cifras, debido que de manera continua sus agentes ofensivos, pisaban la \u00faltima l\u00ednea de los sure\u00f1os. Muy activos se vieron: Brayan Valdivia, Jimmy Cisterna y H\u00e9ctor Vega, los que de manera seguida lograban pasar gracias a que en la zona media: Emmanuel Pio, Cristian Collao y el mismo Cort\u00e9s, ganaban la batalla en el lugar donde se dice se ganan los partidos.<br \/>\nEn el segundo tiempo Rangers intent\u00f3 cambiar su suerte adelantando un poco sus l\u00edneas, pero no logr\u00f3 hacer da\u00f1o porque apareci\u00f3 la faceta defensiva albirroja. El bloque conformado por: David Fern\u00e1ndez, Francisco Bahamondes, Gonzalo Villegas y el \u2018Renacido\u2019 -volvi\u00f3 de una larga lesi\u00f3n- Brayams Viveros, se convirti\u00f3 en un verdadero front\u00f3n que rara vez pudo ser pasado por los rivales, y cuando lo hicieron, apareci\u00f3 la figura del arquero Andr\u00e9s Fern\u00e1ndez.<br \/>\nLos minutos fueron pasando y el Un\u00ed Un\u00ed convencido y c\u00f3modo los fue dejando avanzar, si moverse de su propuesta, porque el s\u00e1bado pasado por m\u00e1s que se piense otra cosa, en los instantes en que Rangers dispuso del protagonismo, fue solo porque los locales quisieron que as\u00ed fuese, ya que sal\u00edan a marcar en su propia zona para desde ah\u00ed buscar una salida r\u00e1pida que pudiera ser capitalizada por algunos de sus delanteros.<br \/>\nCerca del final Bryan Cort\u00e9s vivir\u00eda la otra cara de la medalla al ser expulsado luego que el juez \u00c1ngelo Hermosilla, lo notificara de su segunda cartulina amarilla. Pese a tener que irse antes de tiempo a camarines, Bryan igual sonri\u00f3, al ser sonoramente aplaudido por la fanaticada albirroja que despu\u00e9s de lo sucedido hace 48 horas atr\u00e1s en el coloso de Avenida Maip\u00fa, se fueron esperanzados a sus casas, so\u00f1ando con ver al equipo de sus amores dando una batalla frontal por retornar a la Primera A. Al menos, por lo visto en el final de la primera rueda; se puede so\u00f1ar.<\/p>\n<p><span style=\"color: #ff0000;\"><strong>Ficha T\u00e9cnica<\/strong><\/span><br \/>\nFecha 15\u00ba<br \/>\nTorneo Loto<br \/>\nEstadio Municipal de San Felipe.<br \/>\n\u00c1rbitro: \u00c1ngelo Hermosilla.<br \/>\nUni\u00f3n San Felipe (2): Andr\u00e9s Fern\u00e1ndez; Francisco Bahamondes, David Fern\u00e1ndez, Brayams Viveros, Gonzalo Villegas; Cristian Collao, Emmanuel Pio, Brian Cort\u00e9s, Jimmy Cisterna (Sergio Cordero), Brayan Valdivia (Francisco Levip\u00e1n); H\u00e9ctor Vega. DT: Christian Lovrincevich.<br \/>\nRangers (0): Yair Bonnin; Brian Torrealba (Cubillos), Sebasti\u00e1n Villegas, Fabricio Silva, Mois\u00e9s V\u00e1squez; Jorge Romo, Manuel Reyes (Sald\u00edas), Franco Ragusa, Christian V\u00edlchez, Nicol\u00e1s Rivera; Jos\u00e9 Pablo Soda (P\u00e9rez). DT: Leonardo Zamora<br \/>\nGoles:<br \/>\n1-0, 7\u2019 Bryan Cort\u00e9s (USF).<br \/>\n2-0, 21\u2019 Bryan Cort\u00e9s (USF).<br \/>\nExpulsado: Bryan Cort\u00e9s (USF).<\/p>\n<figure id=\"attachment_86600\" aria-describedby=\"caption-attachment-86600\" style=\"width: 579px\" class=\"wp-caption alignnone\"><img data-recalc-dims=\"1\" loading=\"lazy\" decoding=\"async\" class=\"size-full wp-image-86600\" src=\"https:\/\/i0.wp.com\/www.eltrabajo.cl\/portal\/wp-content\/uploads\/2018\/06\/san-felipe-rangers.jpg?resize=579%2C326\" alt=\"En una actuaci\u00f3n redonda Uni\u00f3n San Felipe venci\u00f3 2 a 0 a Rangers en el Municipal.\" width=\"579\" height=\"326\" srcset=\"https:\/\/i0.wp.com\/eltrabajo.cl\/portal\/wp-content\/uploads\/2018\/06\/san-felipe-rangers.jpg?w=579&amp;ssl=1 579w, https:\/\/i0.wp.com\/eltrabajo.cl\/portal\/wp-content\/uploads\/2018\/06\/san-felipe-rangers.jpg?resize=200%2C113&amp;ssl=1 200w, https:\/\/i0.wp.com\/eltrabajo.cl\/portal\/wp-content\/uploads\/2018\/06\/san-felipe-rangers.jpg?resize=300%2C169&amp;ssl=1 300w, https:\/\/i0.wp.com\/eltrabajo.cl\/portal\/wp-content\/uploads\/2018\/06\/san-felipe-rangers.jpg?resize=266%2C150&amp;ssl=1 266w, https:\/\/i0.wp.com\/eltrabajo.cl\/portal\/wp-content\/uploads\/2018\/06\/san-felipe-rangers.jpg?resize=400%2C225&amp;ssl=1 400w\" sizes=\"auto, (max-width: 579px) 100vw, 579px\" \/><figcaption id=\"caption-attachment-86600\" class=\"wp-caption-text\">En una actuaci\u00f3n redonda Uni\u00f3n San Felipe venci\u00f3 2 a 0 a Rangers en el Municipal.<\/figcaption><\/figure>\n","protected":false},"excerpt":{"rendered":"<p>Con un doblete del volante Bryan Cort\u00e9s, la escuadra sanfelipe\u00f1a se impuso por 2 a 0 a Rangers de Talca. Para Uni\u00f3n San Felipe, fundamental era dejar los tres puntos que estaban&#8230;<\/p>\n","protected":false},"author":1,"featured_media":86600,"comment_status":"open","ping_status":"open","sticky":false,"template":"","format":"standard","meta":{"advanced_seo_description":"","jetpack_seo_html_title":"","jetpack_seo_noindex":false,"_jetpack_memberships_contains_paid_content":false,"footnotes":""},"categories":[19],"tags":[],"class_list":["post-86598","post","type-post","status-publish","format-standard","has-post-thumbnail","hentry","category-deportes"],"jetpack_featured_media_url":"https:\/\/i0.wp.com\/eltrabajo.cl\/portal\/wp-content\/uploads\/2018\/06\/san-felipe-rangers.jpg?fit=579%2C326&ssl=1","jetpack_sharing_enabled":true,"jetpack_likes_enabled":true,"jetpack-related-posts":[],"_links":{"self":[{"href":"https:\/\/eltrabajo.cl\/portal\/wp-json\/wp\/v2\/posts\/86598","targetHints":{"allow":["GET"]}}],"collection":[{"href":"https:\/\/eltrabajo.cl\/portal\/wp-json\/wp\/v2\/posts"}],"about":[{"href":"https:\/\/eltrabajo.cl\/portal\/wp-json\/wp\/v2\/types\/post"}],"author":[{"embeddable":true,"href":"https:\/\/eltrabajo.cl\/portal\/wp-json\/wp\/v2\/users\/1"}],"replies":[{"embeddable":true,"href":"https:\/\/eltrabajo.cl\/portal\/wp-json\/wp\/v2\/comments?post=86598"}],"version-history":[{"count":0,"href":"https:\/\/eltrabajo.cl\/portal\/wp-json\/wp\/v2\/posts\/86598\/revisions"}],"wp:featuredmedia":[{"embeddable":true,"href":"https:\/\/eltrabajo.cl\/portal\/wp-json\/wp\/v2\/media\/86600"}],"wp:attachment":[{"href":"https:\/\/eltrabajo.cl\/portal\/wp-json\/wp\/v2\/media?parent=86598"}],"wp:term":[{"taxonomy":"category","embeddable":true,"href":"https:\/\/eltrabajo.cl\/portal\/wp-json\/wp\/v2\/categories?post=86598"},{"taxonomy":"post_tag","embeddable":true,"href":"https:\/\/eltrabajo.cl\/portal\/wp-json\/wp\/v2\/tags?post=86598"}],"curies":[{"name":"wp","href":"https:\/\/api.w.org\/{rel}","templated":true}]}}