{"id":86619,"date":"2018-06-04T05:04:00","date_gmt":"2018-06-04T09:04:00","guid":{"rendered":"http:\/\/www.eltrabajo.cl\/2017\/?p=86619"},"modified":"2018-06-04T05:04:00","modified_gmt":"2018-06-04T09:04:00","slug":"dos-heridos-en-violenta-colision-vehicular-en-navarro-con-santo-domingo","status":"publish","type":"post","link":"https:\/\/eltrabajo.cl\/portal\/dos-heridos-en-violenta-colision-vehicular-en-navarro-con-santo-domingo\/","title":{"rendered":"Dos heridos en violenta colisi\u00f3n vehicular en Navarro con Santo Domingo"},"content":{"rendered":"<figure id=\"attachment_86620\" aria-describedby=\"caption-attachment-86620\" style=\"width: 579px\" class=\"wp-caption alignnone\"><img data-recalc-dims=\"1\" loading=\"lazy\" decoding=\"async\" class=\"size-full wp-image-86620\" src=\"https:\/\/i0.wp.com\/www.eltrabajo.cl\/portal\/wp-content\/uploads\/2018\/06\/IMPACTO-2.jpg?resize=579%2C326\" alt=\"Las p\u00e9rdidas econ\u00f3micas son altas en ambos veh\u00edculos, sus ocupantes no sufrieron heridas graves.\" width=\"579\" height=\"326\" srcset=\"https:\/\/i0.wp.com\/eltrabajo.cl\/portal\/wp-content\/uploads\/2018\/06\/IMPACTO-2.jpg?w=579&amp;ssl=1 579w, https:\/\/i0.wp.com\/eltrabajo.cl\/portal\/wp-content\/uploads\/2018\/06\/IMPACTO-2.jpg?resize=200%2C113&amp;ssl=1 200w, https:\/\/i0.wp.com\/eltrabajo.cl\/portal\/wp-content\/uploads\/2018\/06\/IMPACTO-2.jpg?resize=300%2C169&amp;ssl=1 300w, https:\/\/i0.wp.com\/eltrabajo.cl\/portal\/wp-content\/uploads\/2018\/06\/IMPACTO-2.jpg?resize=266%2C150&amp;ssl=1 266w, https:\/\/i0.wp.com\/eltrabajo.cl\/portal\/wp-content\/uploads\/2018\/06\/IMPACTO-2.jpg?resize=400%2C225&amp;ssl=1 400w\" sizes=\"auto, (max-width: 579px) 100vw, 579px\" \/><figcaption id=\"caption-attachment-86620\" class=\"wp-caption-text\">Las p\u00e9rdidas econ\u00f3micas son altas en ambos veh\u00edculos, sus ocupantes no sufrieron heridas graves.<\/figcaption><\/figure>\n<ul>\n<li><strong><span style=\"color: #ff0000;\">Conductor no habr\u00eda respetado se\u00f1al Pare<\/span>:\u00a0Accidente ocurri\u00f3 pasadas las 15:00 horas de este viernes. Ambos conductores con su documentaci\u00f3n al d\u00eda, fueron sometidos a la alcoholemia de rigor por parte de Carabineros.<\/strong><\/li>\n<\/ul>\n<p>Dos personas resultaron lesionadas tras una violenta colisi\u00f3n entre dos veh\u00edculos menores, ocurrida pasadas las 15:00 horas de este viernes, en la esquina de calles Santo Domingo con Navarro en San Felipe, luego que uno de los conductores no habr\u00eda respetado la se\u00f1al Pare instalada en esta arteria.<br \/>\nSeg\u00fan el reporte de Carabineros, en su testimonio el conductor del veh\u00edculo Kia modelo Claris, placa patente NA 96 03 de iniciales M.F.C., asegur\u00f3 que mientras circulaba por Calle Santo Domingo en direcci\u00f3n al oriente, acompa\u00f1ado de su pareja, al cruzar por Calle Navarro habr\u00eda sido colisionado en forma sorpresiva por una camioneta marca Chevrolet placa patente LH 61 54, la que no se detuvo ante la se\u00f1al\u00e9tica del tr\u00e1nsito.<\/p>\n<p><span style=\"color: #ff0000;\"><strong>RECONOCE SU ERROR<\/strong><\/span><br \/>\nEsta versi\u00f3n fue confirmada por el otro conductor involucrado, de iniciales F.A.M.G., asumiendo no haber detenido su camioneta mientras circulaba junto a su primo por Calle Navarro en direcci\u00f3n al sur, colisionando al autom\u00f3vil marca Kia.<br \/>\nCarabineros adopt\u00f3 el procedimiento de rigor, sometiendo a ambos conductores, quienes mantienen su documentaci\u00f3n al d\u00eda, a la alcoholemia de rigor, sin sufrir lesiones. Sin embargo los acompa\u00f1antes de ambos veh\u00edculos resultaron lesionados, siendo asistidos por personal del Samu Aconcagua.<br \/>\nLos automovilistas tras ser detenidos por la Polic\u00eda uniformada, fueron dejados en libertad por instrucci\u00f3n del Fiscal de Turno, quedando a la espera de ser citados ante el Ministerio P\u00fablico por Cuasidelito de lesiones.<br \/>\n<strong>Pablo Salinas Sald\u00edas<\/strong><\/p>\n<figure id=\"attachment_86621\" aria-describedby=\"caption-attachment-86621\" style=\"width: 579px\" class=\"wp-caption alignnone\"><img data-recalc-dims=\"1\" loading=\"lazy\" decoding=\"async\" class=\"size-full wp-image-86621\" src=\"https:\/\/i0.wp.com\/www.eltrabajo.cl\/portal\/wp-content\/uploads\/2018\/06\/IMPACTO-3.jpg?resize=579%2C326\" alt=\"Esta era la escena del accidente, un fatal error que pudo tener peores consecuencias.\" width=\"579\" height=\"326\" srcset=\"https:\/\/i0.wp.com\/eltrabajo.cl\/portal\/wp-content\/uploads\/2018\/06\/IMPACTO-3.jpg?w=579&amp;ssl=1 579w, https:\/\/i0.wp.com\/eltrabajo.cl\/portal\/wp-content\/uploads\/2018\/06\/IMPACTO-3.jpg?resize=200%2C113&amp;ssl=1 200w, https:\/\/i0.wp.com\/eltrabajo.cl\/portal\/wp-content\/uploads\/2018\/06\/IMPACTO-3.jpg?resize=300%2C169&amp;ssl=1 300w, https:\/\/i0.wp.com\/eltrabajo.cl\/portal\/wp-content\/uploads\/2018\/06\/IMPACTO-3.jpg?resize=266%2C150&amp;ssl=1 266w, https:\/\/i0.wp.com\/eltrabajo.cl\/portal\/wp-content\/uploads\/2018\/06\/IMPACTO-3.jpg?resize=400%2C225&amp;ssl=1 400w\" sizes=\"auto, (max-width: 579px) 100vw, 579px\" \/><figcaption id=\"caption-attachment-86621\" class=\"wp-caption-text\">Esta era la escena del accidente, un fatal error que pudo tener peores consecuencias.<\/figcaption><\/figure>\n","protected":false},"excerpt":{"rendered":"<p>Conductor no habr\u00eda respetado se\u00f1al Pare:\u00a0Accidente ocurri\u00f3 pasadas las 15:00 horas de este viernes. Ambos conductores con su documentaci\u00f3n al d\u00eda, fueron sometidos a la alcoholemia de rigor por parte de Carabineros&#8230;.<\/p>\n","protected":false},"author":1,"featured_media":86621,"comment_status":"open","ping_status":"open","sticky":false,"template":"","format":"standard","meta":{"advanced_seo_description":"","jetpack_seo_html_title":"","jetpack_seo_noindex":false,"_jetpack_memberships_contains_paid_content":false,"footnotes":""},"categories":[21],"tags":[],"class_list":["post-86619","post","type-post","status-publish","format-standard","has-post-thumbnail","hentry","category-policial"],"jetpack_featured_media_url":"https:\/\/i0.wp.com\/eltrabajo.cl\/portal\/wp-content\/uploads\/2018\/06\/IMPACTO-3.jpg?fit=579%2C326&ssl=1","jetpack_sharing_enabled":true,"jetpack_likes_enabled":true,"jetpack-related-posts":[],"_links":{"self":[{"href":"https:\/\/eltrabajo.cl\/portal\/wp-json\/wp\/v2\/posts\/86619","targetHints":{"allow":["GET"]}}],"collection":[{"href":"https:\/\/eltrabajo.cl\/portal\/wp-json\/wp\/v2\/posts"}],"about":[{"href":"https:\/\/eltrabajo.cl\/portal\/wp-json\/wp\/v2\/types\/post"}],"author":[{"embeddable":true,"href":"https:\/\/eltrabajo.cl\/portal\/wp-json\/wp\/v2\/users\/1"}],"replies":[{"embeddable":true,"href":"https:\/\/eltrabajo.cl\/portal\/wp-json\/wp\/v2\/comments?post=86619"}],"version-history":[{"count":0,"href":"https:\/\/eltrabajo.cl\/portal\/wp-json\/wp\/v2\/posts\/86619\/revisions"}],"wp:featuredmedia":[{"embeddable":true,"href":"https:\/\/eltrabajo.cl\/portal\/wp-json\/wp\/v2\/media\/86621"}],"wp:attachment":[{"href":"https:\/\/eltrabajo.cl\/portal\/wp-json\/wp\/v2\/media?parent=86619"}],"wp:term":[{"taxonomy":"category","embeddable":true,"href":"https:\/\/eltrabajo.cl\/portal\/wp-json\/wp\/v2\/categories?post=86619"},{"taxonomy":"post_tag","embeddable":true,"href":"https:\/\/eltrabajo.cl\/portal\/wp-json\/wp\/v2\/tags?post=86619"}],"curies":[{"name":"wp","href":"https:\/\/api.w.org\/{rel}","templated":true}]}}