{"id":86629,"date":"2018-06-05T04:59:22","date_gmt":"2018-06-05T08:59:22","guid":{"rendered":"http:\/\/www.eltrabajo.cl\/2017\/?p=86629"},"modified":"2018-06-05T04:59:22","modified_gmt":"2018-06-05T08:59:22","slug":"reconocen-labor-de-fiscalia-pero-consideran-perdida-de-tiempo-el-denunciar","status":"publish","type":"post","link":"https:\/\/eltrabajo.cl\/portal\/reconocen-labor-de-fiscalia-pero-consideran-perdida-de-tiempo-el-denunciar\/","title":{"rendered":"Reconocen labor de fiscal\u00eda, pero consideran p\u00e9rdida de tiempo el denunciar"},"content":{"rendered":"<figure id=\"attachment_86658\" aria-describedby=\"caption-attachment-86658\" style=\"width: 579px\" class=\"wp-caption alignnone\"><img data-recalc-dims=\"1\" loading=\"lazy\" decoding=\"async\" class=\"size-full wp-image-86658\" src=\"https:\/\/i0.wp.com\/www.eltrabajo.cl\/portal\/wp-content\/uploads\/2018\/06\/Paltas.jpg?resize=579%2C377\" alt=\"Los terrenos plantados con paltas han estado recibiendo en forma cada vez m\u00e1s frecuente la visita de ladrones debido al alto precio que ha alcanzado el fruto. (Imagen referencial).\" width=\"579\" height=\"377\" srcset=\"https:\/\/i0.wp.com\/eltrabajo.cl\/portal\/wp-content\/uploads\/2018\/06\/Paltas.jpg?w=579&amp;ssl=1 579w, https:\/\/i0.wp.com\/eltrabajo.cl\/portal\/wp-content\/uploads\/2018\/06\/Paltas.jpg?resize=200%2C130&amp;ssl=1 200w, https:\/\/i0.wp.com\/eltrabajo.cl\/portal\/wp-content\/uploads\/2018\/06\/Paltas.jpg?resize=300%2C195&amp;ssl=1 300w, https:\/\/i0.wp.com\/eltrabajo.cl\/portal\/wp-content\/uploads\/2018\/06\/Paltas.jpg?resize=230%2C150&amp;ssl=1 230w, https:\/\/i0.wp.com\/eltrabajo.cl\/portal\/wp-content\/uploads\/2018\/06\/Paltas.jpg?resize=400%2C260&amp;ssl=1 400w\" sizes=\"auto, (max-width: 579px) 100vw, 579px\" \/><figcaption id=\"caption-attachment-86658\" class=\"wp-caption-text\">Los terrenos plantados con paltas han estado recibiendo en forma cada vez m\u00e1s frecuente la visita de ladrones debido al alto precio que ha alcanzado el fruto. (Imagen referencial).<\/figcaption><\/figure>\n<ul>\n<li><span style=\"color: #ff0000;\"><strong>Productores de Paltas:<\/strong><\/span><\/li>\n<\/ul>\n<p>El productor de paltas de Panquehue, Arturo Manzur, destac\u00f3 la labor realizada por el fiscal Benjam\u00edn Santib\u00e1\u00f1ez en contra de los delincuentes que se han especializado en el robo de paltas, sin embargo dijo que hay personas que para perder el tiempo no est\u00e1n haciendo las denuncias, situaci\u00f3n que podr\u00eda estar aumentando la cifra negra, algo que es reconocido por la fiscal\u00eda debido a la disminuci\u00f3n de reclamos de un a\u00f1o para otro, por ejemplo 2016-17 hubo 120 denuncias mientras que el a\u00f1o pasado solo 22.<br \/>\nAs\u00ed lo destac\u00f3 Manzur en conversaci\u00f3n con radio Aconcagua, donde reconoci\u00f3 que el tema es complicado, pero es algo que ha ocurrido siempre, que ahora tiene mayor atenci\u00f3n por el precio del kilo de palta que bordea en algunos locales los cinco mil pesos, lo que la ha llevado a ser denominada como el oro verde.<br \/>\n\u201cEn hora buena Benjam\u00edn Santib\u00e1\u00f1ez se hizo cargo de este tema y hemos tenido peque\u00f1os cambios, no es una pega f\u00e1cil para el fiscal, producto que las leyes no lo acompa\u00f1an mucho, ese es un poco el tema, pero se est\u00e1 haciendo algo y eso es importante. La verdad que el tema est\u00e1 s\u00faper complicado, s\u00faper dif\u00edcil, esto siempre ha pasado, esto es un tema muy viejo para nosotros, lo que pasa es que hoy d\u00eda tiene m\u00e1s trascendencia por el precio de la palta, porque est\u00e1 de moda el tema del oro verde, pero en t\u00e9rminos generales el tema est\u00e1 muy complicado cada d\u00eda hay m\u00e1s delincuentes, m\u00e1s tipos dedicados a este robo\u201d.<br \/>\n<strong>&#8211; \u00bfQu\u00e9 est\u00e1 pasando en la zona?, teniendo en cuenta que s\u00f3lo en la Quinta regi\u00f3n el a\u00f1o pasado hubo 221denuncias por robo de palta.<\/strong><br \/>\n&#8211; Ese es el tema, la gente -es algo que no comparto, pero s\u00ed los entiendo- no gasta o no pierde el tiempo en ir a denunciar a un tipo que tiene cuarenta o cien kilos de palta porque el tipo no va a quedar preso, a m\u00ed personalmente me ha pasado en reiteradas oportunidades que uno hace la pega con todo el riesgo que significa enfrentarse a un delincuente, nunca es f\u00e1cil, evidentemente no es tu rubro, no es tu \u00e1rea, no es lo que haces en el d\u00eda a d\u00eda; el tipo cae\u2026 cae preso, va de la mano con el rosario de garabatos delante de Carabineros o de la PDI, de quien sea. Posteriormente el tipo se va al tribunal y ah\u00ed est\u00e1, el juez lo declara libre con un par de firmitas, qu\u00e9 s\u00e9 yo, y no pasa absolutamente nada; eso se vive d\u00eda a d\u00eda, nosotros con mucha certeza hoy d\u00eda podemos decir que cuando uno escucha los reportajes, cuando dicen que la justicia no sirve, que no ganamos nada, que estamos cada d\u00eda peor, esto es as\u00ed\u2026 esto es as\u00ed, uno lo puede graficar d\u00eda a d\u00eda con el famoso tema del robo de la palta.<br \/>\nEn tanto el fiscal del Ministerio P\u00fablico, Benjam\u00edn Santib\u00e1\u00f1ez, dijo que para ellos afortunadamente baj\u00f3 la estad\u00edstica: \u201cEn comparaci\u00f3n a\u00f1os 2016-17 y 17-18 hemos disminuido notablemente el n\u00famero de denuncias, puedo decir que durante el a\u00f1o 2016-17 nosotros trabajamos alrededor de 120 denuncias entre las provincias de Los Andes y San Felipe, y el a\u00f1o pasado tuvimos 22 denuncias, lo que significa que nosotros atinamos al foco de personas que estaban dedicados a esta situaci\u00f3n, o bien la gente no hizo denuncias, lo m\u00e1s probable es que debe ser una mezcla de ambos\u201d, dijo.<br \/>\nLa pena de robo en lugar no habitado va desde los 541 d\u00edas a cinco a\u00f1os de prisi\u00f3n.<\/p>\n<figure id=\"attachment_86659\" aria-describedby=\"caption-attachment-86659\" style=\"width: 579px\" class=\"wp-caption alignnone\"><img data-recalc-dims=\"1\" loading=\"lazy\" decoding=\"async\" class=\"size-full wp-image-86659\" src=\"https:\/\/i0.wp.com\/www.eltrabajo.cl\/portal\/wp-content\/uploads\/2018\/06\/FISCAL-SANTIBA%C3%91EZ.jpg?resize=579%2C503\" alt=\"Benjam\u00edn Santib\u00e1\u00f1ez, fiscal de San Felipe.\" width=\"579\" height=\"503\" srcset=\"https:\/\/i0.wp.com\/eltrabajo.cl\/portal\/wp-content\/uploads\/2018\/06\/FISCAL-SANTIBA%C3%91EZ.jpg?w=579&amp;ssl=1 579w, https:\/\/i0.wp.com\/eltrabajo.cl\/portal\/wp-content\/uploads\/2018\/06\/FISCAL-SANTIBA%C3%91EZ.jpg?resize=173%2C150&amp;ssl=1 173w, https:\/\/i0.wp.com\/eltrabajo.cl\/portal\/wp-content\/uploads\/2018\/06\/FISCAL-SANTIBA%C3%91EZ.jpg?resize=300%2C261&amp;ssl=1 300w, https:\/\/i0.wp.com\/eltrabajo.cl\/portal\/wp-content\/uploads\/2018\/06\/FISCAL-SANTIBA%C3%91EZ.jpg?resize=400%2C347&amp;ssl=1 400w\" sizes=\"auto, (max-width: 579px) 100vw, 579px\" \/><figcaption id=\"caption-attachment-86659\" class=\"wp-caption-text\">Benjam\u00edn Santib\u00e1\u00f1ez, fiscal de San Felipe.<\/figcaption><\/figure>\n<p>&nbsp;<\/p>\n","protected":false},"excerpt":{"rendered":"<p>Productores de Paltas: El productor de paltas de Panquehue, Arturo Manzur, destac\u00f3 la labor realizada por el fiscal Benjam\u00edn Santib\u00e1\u00f1ez en contra de los delincuentes que se han especializado en el robo&#8230;<\/p>\n","protected":false},"author":1,"featured_media":86658,"comment_status":"open","ping_status":"open","sticky":false,"template":"","format":"standard","meta":{"advanced_seo_description":"","jetpack_seo_html_title":"","jetpack_seo_noindex":false,"_jetpack_memberships_contains_paid_content":false,"footnotes":""},"categories":[1],"tags":[],"class_list":["post-86629","post","type-post","status-publish","format-standard","has-post-thumbnail","hentry","category-cronica"],"jetpack_featured_media_url":"https:\/\/i0.wp.com\/eltrabajo.cl\/portal\/wp-content\/uploads\/2018\/06\/Paltas.jpg?fit=579%2C377&ssl=1","jetpack_sharing_enabled":true,"jetpack_likes_enabled":true,"jetpack-related-posts":[],"_links":{"self":[{"href":"https:\/\/eltrabajo.cl\/portal\/wp-json\/wp\/v2\/posts\/86629","targetHints":{"allow":["GET"]}}],"collection":[{"href":"https:\/\/eltrabajo.cl\/portal\/wp-json\/wp\/v2\/posts"}],"about":[{"href":"https:\/\/eltrabajo.cl\/portal\/wp-json\/wp\/v2\/types\/post"}],"author":[{"embeddable":true,"href":"https:\/\/eltrabajo.cl\/portal\/wp-json\/wp\/v2\/users\/1"}],"replies":[{"embeddable":true,"href":"https:\/\/eltrabajo.cl\/portal\/wp-json\/wp\/v2\/comments?post=86629"}],"version-history":[{"count":0,"href":"https:\/\/eltrabajo.cl\/portal\/wp-json\/wp\/v2\/posts\/86629\/revisions"}],"wp:featuredmedia":[{"embeddable":true,"href":"https:\/\/eltrabajo.cl\/portal\/wp-json\/wp\/v2\/media\/86658"}],"wp:attachment":[{"href":"https:\/\/eltrabajo.cl\/portal\/wp-json\/wp\/v2\/media?parent=86629"}],"wp:term":[{"taxonomy":"category","embeddable":true,"href":"https:\/\/eltrabajo.cl\/portal\/wp-json\/wp\/v2\/categories?post=86629"},{"taxonomy":"post_tag","embeddable":true,"href":"https:\/\/eltrabajo.cl\/portal\/wp-json\/wp\/v2\/tags?post=86629"}],"curies":[{"name":"wp","href":"https:\/\/api.w.org\/{rel}","templated":true}]}}