{"id":86650,"date":"2018-06-05T05:04:04","date_gmt":"2018-06-05T09:04:04","guid":{"rendered":"http:\/\/www.eltrabajo.cl\/2017\/?p=86650"},"modified":"2018-06-05T05:04:04","modified_gmt":"2018-06-05T09:04:04","slug":"con-historicos-46-grados-bajo-cero-amanecio-san-felipe-este-lunes","status":"publish","type":"post","link":"https:\/\/eltrabajo.cl\/portal\/con-historicos-46-grados-bajo-cero-amanecio-san-felipe-este-lunes\/","title":{"rendered":"Con hist\u00f3ricos 4,6 grados bajo cero amaneci\u00f3 San Felipe este lunes"},"content":{"rendered":"<figure id=\"attachment_86651\" aria-describedby=\"caption-attachment-86651\" style=\"width: 580px\" class=\"wp-caption alignnone\"><img data-recalc-dims=\"1\" loading=\"lazy\" decoding=\"async\" class=\"size-full wp-image-86651\" src=\"https:\/\/i0.wp.com\/www.eltrabajo.cl\/portal\/wp-content\/uploads\/2018\/06\/escarcha-auto.jpg?resize=580%2C348\" alt=\"La escarcha era visible en cualquier autom\u00f3vil ayer en la ma\u00f1ana, como lo muestra la imagen.\" width=\"580\" height=\"348\" srcset=\"https:\/\/i0.wp.com\/eltrabajo.cl\/portal\/wp-content\/uploads\/2018\/06\/escarcha-auto.jpg?w=580&amp;ssl=1 580w, https:\/\/i0.wp.com\/eltrabajo.cl\/portal\/wp-content\/uploads\/2018\/06\/escarcha-auto.jpg?resize=200%2C120&amp;ssl=1 200w, https:\/\/i0.wp.com\/eltrabajo.cl\/portal\/wp-content\/uploads\/2018\/06\/escarcha-auto.jpg?resize=300%2C180&amp;ssl=1 300w, https:\/\/i0.wp.com\/eltrabajo.cl\/portal\/wp-content\/uploads\/2018\/06\/escarcha-auto.jpg?resize=250%2C150&amp;ssl=1 250w, https:\/\/i0.wp.com\/eltrabajo.cl\/portal\/wp-content\/uploads\/2018\/06\/escarcha-auto.jpg?resize=400%2C240&amp;ssl=1 400w\" sizes=\"auto, (max-width: 580px) 100vw, 580px\" \/><figcaption id=\"caption-attachment-86651\" class=\"wp-caption-text\">La escarcha era visible en cualquier autom\u00f3vil ayer en la ma\u00f1ana, como lo muestra la imagen.<\/figcaption><\/figure>\n<p>Este lunes, seg\u00fan Manuel Vicencio de @aconcaguaclima, se produjo la temperatura m\u00e1s baja en San Felipe de los \u00faltimos a\u00f1os, porque los term\u00f3metros marcaron 4,6\u00ba bajo cero, lo que era posible percibir por la escarcha que estaba sobre los techos de los autom\u00f3viles, como tambi\u00e9n en el pasto que estaba cubierto de hielo.<br \/>\nConsultado por nuestro medio, Manuel Vicencio dijo que en lo personal y desde que estaba en las mediciones del clima, no recuerda una temperatura tan baja, \u00abmenos para el resto, porque Rinconada perfectamente podr\u00eda haber estado en los siete grados bajo cero, lo m\u00e1s bajo que recuerdo de esa comuna fueron seis, afortunadamente ya est\u00e1n apareciendo nubes que van a cubrir los cielos del Valle en las pr\u00f3ximas horas y esta situaci\u00f3n no se volver\u00e1 a repetir, al menos en esta semana, as\u00ed es que excepcionalmente fr\u00edo esta ma\u00f1ana en nuestro valle, pero va a ser por ahora el \u00fanico d\u00eda de la semana en que se vea esta situaci\u00f3n tan extrema\u00bb, indic\u00f3.<br \/>\n<strong>&#8211; \u00bfSe\u00f1ales de lluvia en los pr\u00f3ximos d\u00edas?<\/strong><br \/>\n&#8211; S\u00ed, algunas lluvias intensas para este fin de semana, esperamos se concrete de esa forma, especialmente entre s\u00e1bado y domingo ha estado fluctuando ah\u00ed, pero se ve muy intenso y con mucha nieve a baja altura, eso es lo que hay ahora, la proyecci\u00f3n por supuesto puede ir variando en los d\u00edas siguientes, pero desde que apareci\u00f3 est\u00e1 en esa condici\u00f3n.<br \/>\nSe\u00f1alar que al menos en Villa El Se\u00f1orial, los term\u00f3metros marcaron 3 grados bajo cero.<br \/>\nAl finalizar y como recomendaci\u00f3n ante un escenario similar, es tratar de evitar respirar el aire fr\u00edo.<br \/>\nRespecto a las temperaturas registradas este lunes 04-06-18 en algunas de las comunas del Valle, \u00e9stas son las siguientes:<br \/>\nCatemu -4,1<br \/>\nCurim\u00f3n -5,4<br \/>\nPanquehue -0,2<br \/>\nPutaendo -2,2<br \/>\nRinconada -4,8<br \/>\nSan Esteban 0,0<br \/>\nSan Felipe &#8211; 4,6<br \/>\nSanta Mar\u00eda \u2013 3,7<br \/>\nGrados Celsius.<br \/>\nTwitter: @aconcaguaclima<\/p>\n<figure id=\"attachment_86652\" aria-describedby=\"caption-attachment-86652\" style=\"width: 580px\" class=\"wp-caption alignnone\"><img data-recalc-dims=\"1\" loading=\"lazy\" decoding=\"async\" class=\"size-full wp-image-86652\" src=\"https:\/\/i0.wp.com\/www.eltrabajo.cl\/portal\/wp-content\/uploads\/2018\/06\/escarcha-pasto.jpg?resize=580%2C435\" alt=\"As\u00ed estaba el pasto de la plazoleta de Villa El Canelo ayer en la ma\u00f1ana. (Foto gentileza RP).\" width=\"580\" height=\"435\" srcset=\"https:\/\/i0.wp.com\/eltrabajo.cl\/portal\/wp-content\/uploads\/2018\/06\/escarcha-pasto.jpg?w=580&amp;ssl=1 580w, https:\/\/i0.wp.com\/eltrabajo.cl\/portal\/wp-content\/uploads\/2018\/06\/escarcha-pasto.jpg?resize=200%2C150&amp;ssl=1 200w, https:\/\/i0.wp.com\/eltrabajo.cl\/portal\/wp-content\/uploads\/2018\/06\/escarcha-pasto.jpg?resize=300%2C225&amp;ssl=1 300w, https:\/\/i0.wp.com\/eltrabajo.cl\/portal\/wp-content\/uploads\/2018\/06\/escarcha-pasto.jpg?resize=400%2C300&amp;ssl=1 400w\" sizes=\"auto, (max-width: 580px) 100vw, 580px\" \/><figcaption id=\"caption-attachment-86652\" class=\"wp-caption-text\">As\u00ed estaba el pasto de la plazoleta de Villa El Canelo ayer en la ma\u00f1ana. (Foto gentileza RP).<\/figcaption><\/figure>\n<figure id=\"attachment_86653\" aria-describedby=\"caption-attachment-86653\" style=\"width: 580px\" class=\"wp-caption alignnone\"><img data-recalc-dims=\"1\" loading=\"lazy\" decoding=\"async\" class=\"size-full wp-image-86653\" src=\"https:\/\/i0.wp.com\/www.eltrabajo.cl\/portal\/wp-content\/uploads\/2018\/06\/manuel-vicencio.jpg?resize=580%2C571\" alt=\"Manuel Vicencio de @aconcaguaclima.\" width=\"580\" height=\"571\" srcset=\"https:\/\/i0.wp.com\/eltrabajo.cl\/portal\/wp-content\/uploads\/2018\/06\/manuel-vicencio.jpg?w=580&amp;ssl=1 580w, https:\/\/i0.wp.com\/eltrabajo.cl\/portal\/wp-content\/uploads\/2018\/06\/manuel-vicencio.jpg?resize=152%2C150&amp;ssl=1 152w, https:\/\/i0.wp.com\/eltrabajo.cl\/portal\/wp-content\/uploads\/2018\/06\/manuel-vicencio.jpg?resize=300%2C295&amp;ssl=1 300w, https:\/\/i0.wp.com\/eltrabajo.cl\/portal\/wp-content\/uploads\/2018\/06\/manuel-vicencio.jpg?resize=400%2C394&amp;ssl=1 400w\" sizes=\"auto, (max-width: 580px) 100vw, 580px\" \/><figcaption id=\"caption-attachment-86653\" class=\"wp-caption-text\">Manuel Vicencio de @aconcaguaclima.<\/figcaption><\/figure>\n","protected":false},"excerpt":{"rendered":"<p>Este lunes, seg\u00fan Manuel Vicencio de @aconcaguaclima, se produjo la temperatura m\u00e1s baja en San Felipe de los \u00faltimos a\u00f1os, porque los term\u00f3metros marcaron 4,6\u00ba bajo cero, lo que era posible percibir&#8230;<\/p>\n","protected":false},"author":1,"featured_media":86652,"comment_status":"open","ping_status":"open","sticky":false,"template":"","format":"standard","meta":{"advanced_seo_description":"","jetpack_seo_html_title":"","jetpack_seo_noindex":false,"_jetpack_memberships_contains_paid_content":false,"footnotes":""},"categories":[1],"tags":[],"class_list":["post-86650","post","type-post","status-publish","format-standard","has-post-thumbnail","hentry","category-cronica"],"jetpack_featured_media_url":"https:\/\/i0.wp.com\/eltrabajo.cl\/portal\/wp-content\/uploads\/2018\/06\/escarcha-pasto.jpg?fit=580%2C435&ssl=1","jetpack_sharing_enabled":true,"jetpack_likes_enabled":true,"jetpack-related-posts":[],"_links":{"self":[{"href":"https:\/\/eltrabajo.cl\/portal\/wp-json\/wp\/v2\/posts\/86650","targetHints":{"allow":["GET"]}}],"collection":[{"href":"https:\/\/eltrabajo.cl\/portal\/wp-json\/wp\/v2\/posts"}],"about":[{"href":"https:\/\/eltrabajo.cl\/portal\/wp-json\/wp\/v2\/types\/post"}],"author":[{"embeddable":true,"href":"https:\/\/eltrabajo.cl\/portal\/wp-json\/wp\/v2\/users\/1"}],"replies":[{"embeddable":true,"href":"https:\/\/eltrabajo.cl\/portal\/wp-json\/wp\/v2\/comments?post=86650"}],"version-history":[{"count":0,"href":"https:\/\/eltrabajo.cl\/portal\/wp-json\/wp\/v2\/posts\/86650\/revisions"}],"wp:featuredmedia":[{"embeddable":true,"href":"https:\/\/eltrabajo.cl\/portal\/wp-json\/wp\/v2\/media\/86652"}],"wp:attachment":[{"href":"https:\/\/eltrabajo.cl\/portal\/wp-json\/wp\/v2\/media?parent=86650"}],"wp:term":[{"taxonomy":"category","embeddable":true,"href":"https:\/\/eltrabajo.cl\/portal\/wp-json\/wp\/v2\/categories?post=86650"},{"taxonomy":"post_tag","embeddable":true,"href":"https:\/\/eltrabajo.cl\/portal\/wp-json\/wp\/v2\/tags?post=86650"}],"curies":[{"name":"wp","href":"https:\/\/api.w.org\/{rel}","templated":true}]}}