{"id":86655,"date":"2018-06-05T05:05:03","date_gmt":"2018-06-05T09:05:03","guid":{"rendered":"http:\/\/www.eltrabajo.cl\/2017\/?p=86655"},"modified":"2018-06-05T05:05:03","modified_gmt":"2018-06-05T09:05:03","slug":"pesar-por-muerte-de-pequena-de-3-anos-conectada-a-respirador-artificial","status":"publish","type":"post","link":"https:\/\/eltrabajo.cl\/portal\/pesar-por-muerte-de-pequena-de-3-anos-conectada-a-respirador-artificial\/","title":{"rendered":"Pesar por muerte de peque\u00f1a de 3 a\u00f1os conectada a respirador artificial"},"content":{"rendered":"<figure id=\"attachment_86656\" aria-describedby=\"caption-attachment-86656\" style=\"width: 579px\" class=\"wp-caption alignnone\"><img data-recalc-dims=\"1\" loading=\"lazy\" decoding=\"async\" class=\"size-full wp-image-86656\" src=\"https:\/\/i0.wp.com\/www.eltrabajo.cl\/portal\/wp-content\/uploads\/2018\/06\/Servicio-Medico-Legal.jpg?resize=579%2C386\" alt=\"La menor falleci\u00f3 en horas de la madrugada de ayer lunes en la comuna de Putaendo, causando bastante pesar.\" width=\"579\" height=\"386\" srcset=\"https:\/\/i0.wp.com\/eltrabajo.cl\/portal\/wp-content\/uploads\/2018\/06\/Servicio-Medico-Legal.jpg?w=579&amp;ssl=1 579w, https:\/\/i0.wp.com\/eltrabajo.cl\/portal\/wp-content\/uploads\/2018\/06\/Servicio-Medico-Legal.jpg?resize=200%2C133&amp;ssl=1 200w, https:\/\/i0.wp.com\/eltrabajo.cl\/portal\/wp-content\/uploads\/2018\/06\/Servicio-Medico-Legal.jpg?resize=300%2C200&amp;ssl=1 300w, https:\/\/i0.wp.com\/eltrabajo.cl\/portal\/wp-content\/uploads\/2018\/06\/Servicio-Medico-Legal.jpg?resize=225%2C150&amp;ssl=1 225w, https:\/\/i0.wp.com\/eltrabajo.cl\/portal\/wp-content\/uploads\/2018\/06\/Servicio-Medico-Legal.jpg?resize=400%2C267&amp;ssl=1 400w\" sizes=\"auto, (max-width: 579px) 100vw, 579px\" \/><figcaption id=\"caption-attachment-86656\" class=\"wp-caption-text\">La menor falleci\u00f3 en horas de la madrugada de ayer lunes en la comuna de Putaendo, causando bastante pesar.<\/figcaption><\/figure>\n<ul>\n<li><strong><span style=\"color: #ff0000;\">Infarto al miocardio le arrebat\u00f3 la vida en Putaendo:<\/span>\u00a0Padres de la v\u00edctima trasladaron a la menor hasta el Hospital San Antonio de Putaendo en horas de la madrugada de ayer lunes. La ni\u00f1a sufr\u00eda una enfermedad degenerativa y afecciones cardiacas.<\/strong><\/li>\n<\/ul>\n<p>Profundo pesar en la comunidad origin\u00f3 el lamentable fallecimiento de una menor de s\u00f3lo tres a\u00f1os de edad, luego de sufrir un infarto al miocardio mientras se encontraba conectada a un respirador artificial en casa de sus padres. El hecho se registr\u00f3 alrededor de las 05:30 de la madrugada de ayer lunes en su domicilio de calle Rozas en la comuna de Putaendo.<br \/>\nSeg\u00fan los antecedentes de este deceso, revelar\u00edan que la menor arrastraba una enfermedad degenerativa, permaneciendo conectada a este dispositivo en su domicilio; no obstante, en horas de la madrugada, el respirador artificial habr\u00eda emitido una alarma de emergencia a sus padres, quienes trasladaron a su peque\u00f1a hija hasta el servicio de Urgencia del Hospital San Antonio de Putaendo.<br \/>\nSin embargo en este centro asistencial, pese a la pr\u00e1ctica de mecanismos de reanimaci\u00f3n, se constat\u00f3 que la ni\u00f1a habr\u00eda ingresado ya fallecida al Hospital, inici\u00e1ndose una investigaci\u00f3n policial ordenada por el Fiscal de turno, disponiendo de las pericias de la Brigada de Homicidios de la Polic\u00eda de Investigaciones de Los Andes.<br \/>\n\u201cTras una revisi\u00f3n externa al cad\u00e1ver, no se encontr\u00f3 ning\u00fan tipo de lesi\u00f3n atribuible a terceros. Luego de entrevistas con familiares, se estableci\u00f3 que la menor ten\u00eda una enfermedad degenerativa y afecciones card\u00edacas, por lo cual se encontraba con ventilaci\u00f3n artificial en su casa con un mal diagn\u00f3stico. La causa probable que manifestamos nosotros es un infarto al miocardio\u201d, inform\u00f3 a Diario El Trabajo, el Comisario de la Brigada de Homicidios, Luis B\u00e1ez.<br \/>\nEl cuerpo de la ni\u00f1a fue remitido hasta el Servicio M\u00e9dico Legal de San Felipe para la pr\u00e1ctica de la autopsia de rigor. Sin embargo, por disposici\u00f3n del m\u00e9dico tratante de la menor, quien firm\u00f3 de inmediato el certificado de defunci\u00f3n, no fue necesario realizar la necropsia, seg\u00fan inform\u00f3 la polic\u00eda.<br \/>\n<strong>Pablo Salinas Sald\u00edas<\/strong><\/p>\n","protected":false},"excerpt":{"rendered":"<p>Infarto al miocardio le arrebat\u00f3 la vida en Putaendo:\u00a0Padres de la v\u00edctima trasladaron a la menor hasta el Hospital San Antonio de Putaendo en horas de la madrugada de ayer lunes. La&#8230;<\/p>\n","protected":false},"author":1,"featured_media":86656,"comment_status":"open","ping_status":"open","sticky":false,"template":"","format":"standard","meta":{"advanced_seo_description":"","jetpack_seo_html_title":"","jetpack_seo_noindex":false,"_jetpack_memberships_contains_paid_content":false,"footnotes":""},"categories":[21],"tags":[],"class_list":["post-86655","post","type-post","status-publish","format-standard","has-post-thumbnail","hentry","category-policial"],"jetpack_featured_media_url":"https:\/\/i0.wp.com\/eltrabajo.cl\/portal\/wp-content\/uploads\/2018\/06\/Servicio-Medico-Legal.jpg?fit=579%2C386&ssl=1","jetpack_sharing_enabled":true,"jetpack_likes_enabled":true,"jetpack-related-posts":[],"_links":{"self":[{"href":"https:\/\/eltrabajo.cl\/portal\/wp-json\/wp\/v2\/posts\/86655","targetHints":{"allow":["GET"]}}],"collection":[{"href":"https:\/\/eltrabajo.cl\/portal\/wp-json\/wp\/v2\/posts"}],"about":[{"href":"https:\/\/eltrabajo.cl\/portal\/wp-json\/wp\/v2\/types\/post"}],"author":[{"embeddable":true,"href":"https:\/\/eltrabajo.cl\/portal\/wp-json\/wp\/v2\/users\/1"}],"replies":[{"embeddable":true,"href":"https:\/\/eltrabajo.cl\/portal\/wp-json\/wp\/v2\/comments?post=86655"}],"version-history":[{"count":0,"href":"https:\/\/eltrabajo.cl\/portal\/wp-json\/wp\/v2\/posts\/86655\/revisions"}],"wp:featuredmedia":[{"embeddable":true,"href":"https:\/\/eltrabajo.cl\/portal\/wp-json\/wp\/v2\/media\/86656"}],"wp:attachment":[{"href":"https:\/\/eltrabajo.cl\/portal\/wp-json\/wp\/v2\/media?parent=86655"}],"wp:term":[{"taxonomy":"category","embeddable":true,"href":"https:\/\/eltrabajo.cl\/portal\/wp-json\/wp\/v2\/categories?post=86655"},{"taxonomy":"post_tag","embeddable":true,"href":"https:\/\/eltrabajo.cl\/portal\/wp-json\/wp\/v2\/tags?post=86655"}],"curies":[{"name":"wp","href":"https:\/\/api.w.org\/{rel}","templated":true}]}}