{"id":86664,"date":"2018-06-06T05:01:07","date_gmt":"2018-06-06T09:01:07","guid":{"rendered":"http:\/\/www.eltrabajo.cl\/2017\/?p=86664"},"modified":"2018-06-06T05:01:07","modified_gmt":"2018-06-06T09:01:07","slug":"omil-san-felipe-llama-a-participar-en-reclutamiento-masivo-para-trabajo-agricola","status":"publish","type":"post","link":"https:\/\/eltrabajo.cl\/portal\/omil-san-felipe-llama-a-participar-en-reclutamiento-masivo-para-trabajo-agricola\/","title":{"rendered":"OMIL San Felipe llama a participar en reclutamiento masivo para trabajo agr\u00edcola"},"content":{"rendered":"<figure id=\"attachment_86665\" aria-describedby=\"caption-attachment-86665\" style=\"width: 578px\" class=\"wp-caption alignnone\"><img data-recalc-dims=\"1\" loading=\"lazy\" decoding=\"async\" class=\"size-full wp-image-86665\" src=\"https:\/\/i0.wp.com\/www.eltrabajo.cl\/portal\/wp-content\/uploads\/2018\/06\/cristian-marianjel-coordinador-omil.jpg?resize=578%2C358\" alt=\"Cristian Mari\u00e1njel, coordinador de la Oficina Municipal de Intermediaci\u00f3n Laboral.\" width=\"578\" height=\"358\" srcset=\"https:\/\/i0.wp.com\/eltrabajo.cl\/portal\/wp-content\/uploads\/2018\/06\/cristian-marianjel-coordinador-omil.jpg?w=578&amp;ssl=1 578w, https:\/\/i0.wp.com\/eltrabajo.cl\/portal\/wp-content\/uploads\/2018\/06\/cristian-marianjel-coordinador-omil.jpg?resize=200%2C124&amp;ssl=1 200w, https:\/\/i0.wp.com\/eltrabajo.cl\/portal\/wp-content\/uploads\/2018\/06\/cristian-marianjel-coordinador-omil.jpg?resize=300%2C186&amp;ssl=1 300w, https:\/\/i0.wp.com\/eltrabajo.cl\/portal\/wp-content\/uploads\/2018\/06\/cristian-marianjel-coordinador-omil.jpg?resize=242%2C150&amp;ssl=1 242w, https:\/\/i0.wp.com\/eltrabajo.cl\/portal\/wp-content\/uploads\/2018\/06\/cristian-marianjel-coordinador-omil.jpg?resize=400%2C248&amp;ssl=1 400w\" sizes=\"auto, (max-width: 578px) 100vw, 578px\" \/><figcaption id=\"caption-attachment-86665\" class=\"wp-caption-text\">Cristian Mari\u00e1njel, coordinador de la Oficina Municipal de Intermediaci\u00f3n Laboral.<\/figcaption><\/figure>\n<p>Abrir\u00e1n 250 puestos laborales para trabajar en empresa que cultiva ar\u00e1ndanos. Por ello, invitan a los interesados a inscribirse, debiendo contar con la c\u00e9dula de identidad vigente y un curr\u00edculum vitae.<br \/>\nUn reclutamiento masivo para la contrataci\u00f3n de 250 personas de la comuna de San Felipe para trabajar en empresa ubicada en Putaendo, destinada a la innovaci\u00f3n para cultivo de ar\u00e1ndanos, est\u00e1 realizando la Oficina Municipal de Intermediaci\u00f3n Laboral (Omil) de San Felipe.<br \/>\nPara ello, ma\u00f1ana jueves 7 de junio, en el Teatro Municipal, se realizar\u00e1 la recepci\u00f3n del curr\u00edculum vitae y, como \u00fanico requisito, que cuente con la c\u00e9dula de identidad al d\u00eda. As\u00ed lo inform\u00f3 Cristian Marianjel, coordinador de esta unidad municipal, quien se\u00f1al\u00f3 que \u00abla empresa agr\u00edcola Mataquito est\u00e1 necesitando 250 personas de la comuna de San Felipe. Por ello, deben traer la documentaci\u00f3n solicitada. Lo que ellos van a buscar son contratos dentro de cuatro meses de trabajo, que pueden extenderse hasta seis, en un sistema de cultivo innovador en la zona y quieren mano de obra estable\u00bb, agreg\u00f3 el profesional.<br \/>\nEn ese sentido, Mari\u00e1njel se\u00f1al\u00f3 que esta acci\u00f3n est\u00e1 dentro del programa de trabajo que la Omil est\u00e1 desarrollando, con la finalidad de \u00abmejorar las condiciones laborales de las personas y mantener un v\u00ednculo entre las empresas y los ciudadanos. Estamos en una fecha complicada desde el punto de vista laboral, por lo que es importante mantener el apoyo de las empresas, por ello, hacemos un llamado a que mantengamos las coordinaciones que permitir\u00e1n entregar mayores y mejores oportunidades laborales\u00bb, afirm\u00f3.<\/p>\n","protected":false},"excerpt":{"rendered":"<p>Abrir\u00e1n 250 puestos laborales para trabajar en empresa que cultiva ar\u00e1ndanos. Por ello, invitan a los interesados a inscribirse, debiendo contar con la c\u00e9dula de identidad vigente y un curr\u00edculum vitae. Un&#8230;<\/p>\n","protected":false},"author":1,"featured_media":86665,"comment_status":"open","ping_status":"open","sticky":false,"template":"","format":"standard","meta":{"advanced_seo_description":"","jetpack_seo_html_title":"","jetpack_seo_noindex":false,"_jetpack_memberships_contains_paid_content":false,"footnotes":""},"categories":[1],"tags":[],"class_list":["post-86664","post","type-post","status-publish","format-standard","has-post-thumbnail","hentry","category-cronica"],"jetpack_featured_media_url":"https:\/\/i0.wp.com\/eltrabajo.cl\/portal\/wp-content\/uploads\/2018\/06\/cristian-marianjel-coordinador-omil.jpg?fit=578%2C358&ssl=1","jetpack_sharing_enabled":true,"jetpack_likes_enabled":true,"jetpack-related-posts":[],"_links":{"self":[{"href":"https:\/\/eltrabajo.cl\/portal\/wp-json\/wp\/v2\/posts\/86664","targetHints":{"allow":["GET"]}}],"collection":[{"href":"https:\/\/eltrabajo.cl\/portal\/wp-json\/wp\/v2\/posts"}],"about":[{"href":"https:\/\/eltrabajo.cl\/portal\/wp-json\/wp\/v2\/types\/post"}],"author":[{"embeddable":true,"href":"https:\/\/eltrabajo.cl\/portal\/wp-json\/wp\/v2\/users\/1"}],"replies":[{"embeddable":true,"href":"https:\/\/eltrabajo.cl\/portal\/wp-json\/wp\/v2\/comments?post=86664"}],"version-history":[{"count":0,"href":"https:\/\/eltrabajo.cl\/portal\/wp-json\/wp\/v2\/posts\/86664\/revisions"}],"wp:featuredmedia":[{"embeddable":true,"href":"https:\/\/eltrabajo.cl\/portal\/wp-json\/wp\/v2\/media\/86665"}],"wp:attachment":[{"href":"https:\/\/eltrabajo.cl\/portal\/wp-json\/wp\/v2\/media?parent=86664"}],"wp:term":[{"taxonomy":"category","embeddable":true,"href":"https:\/\/eltrabajo.cl\/portal\/wp-json\/wp\/v2\/categories?post=86664"},{"taxonomy":"post_tag","embeddable":true,"href":"https:\/\/eltrabajo.cl\/portal\/wp-json\/wp\/v2\/tags?post=86664"}],"curies":[{"name":"wp","href":"https:\/\/api.w.org\/{rel}","templated":true}]}}