{"id":86667,"date":"2018-06-06T05:02:07","date_gmt":"2018-06-06T09:02:07","guid":{"rendered":"http:\/\/www.eltrabajo.cl\/2017\/?p=86667"},"modified":"2018-06-06T05:02:07","modified_gmt":"2018-06-06T09:02:07","slug":"renuncia-director-del-cesfam-acusando-acoso-laboral-de-concejal-olguin","status":"publish","type":"post","link":"https:\/\/eltrabajo.cl\/portal\/renuncia-director-del-cesfam-acusando-acoso-laboral-de-concejal-olguin\/","title":{"rendered":"Renuncia Director del Cesfam acusando acoso laboral de concejal Olgu\u00edn"},"content":{"rendered":"<figure id=\"attachment_86668\" aria-describedby=\"caption-attachment-86668\" style=\"width: 579px\" class=\"wp-caption alignnone\"><img data-recalc-dims=\"1\" loading=\"lazy\" decoding=\"async\" class=\"size-full wp-image-86668\" src=\"https:\/\/i0.wp.com\/www.eltrabajo.cl\/portal\/wp-content\/uploads\/2018\/06\/acoso-analisis-foda.jpg?resize=579%2C340\" alt=\"Durante la sesi\u00f3n el director del Cesfam entreg\u00f3 un an\u00e1lisis Foda, luego de lo cual present\u00f3 su renuncia debido al acoso que estar\u00eda sufriendo por parte del concejal Marcelo Olgu\u00edn.\" width=\"579\" height=\"340\" srcset=\"https:\/\/i0.wp.com\/eltrabajo.cl\/portal\/wp-content\/uploads\/2018\/06\/acoso-analisis-foda.jpg?w=579&amp;ssl=1 579w, https:\/\/i0.wp.com\/eltrabajo.cl\/portal\/wp-content\/uploads\/2018\/06\/acoso-analisis-foda.jpg?resize=200%2C117&amp;ssl=1 200w, https:\/\/i0.wp.com\/eltrabajo.cl\/portal\/wp-content\/uploads\/2018\/06\/acoso-analisis-foda.jpg?resize=300%2C176&amp;ssl=1 300w, https:\/\/i0.wp.com\/eltrabajo.cl\/portal\/wp-content\/uploads\/2018\/06\/acoso-analisis-foda.jpg?resize=255%2C150&amp;ssl=1 255w, https:\/\/i0.wp.com\/eltrabajo.cl\/portal\/wp-content\/uploads\/2018\/06\/acoso-analisis-foda.jpg?resize=400%2C235&amp;ssl=1 400w\" sizes=\"auto, (max-width: 579px) 100vw, 579px\" \/><figcaption id=\"caption-attachment-86668\" class=\"wp-caption-text\">Durante la sesi\u00f3n el director del Cesfam entreg\u00f3 un an\u00e1lisis Foda, luego de lo cual present\u00f3 su renuncia debido al acoso que estar\u00eda sufriendo por parte del concejal Marcelo Olgu\u00edn.<\/figcaption><\/figure>\n<ul>\n<li><span style=\"color: #ff0000;\"><strong>El Facultativo, experto en Medicina Familiar, manifest\u00f3 su rechazo ante un constante acoso que acusa ser v\u00edctima a su gesti\u00f3n de Director y M\u00e9dico en salud familiar por el concejal Marcelo Olgu\u00edn.<\/strong><\/span><\/li>\n<\/ul>\n<p><strong>PANQUEHUE.-<\/strong> De lamentable calificaron los concejales Manuel Zamora, Italo Bruna, Vanessa Ossand\u00f3n, Patricio Morales y Ren\u00e9 Ahumada, la determinaci\u00f3n adoptada por el Director del Centro de Salud Familiar (Cesfam) Dr. Te\u00f3filo Reyes G\u00f3mez, de presentar su renuncia al cargo, acusando para ello acoso y persecuci\u00f3n laboral de parte del concejal Marcelo Olgu\u00edn.<br \/>\nEn la reciente sesi\u00f3n de Concejo Municipal, el director del Cesfam, el Dr. Te\u00f3filo Reyes, a trav\u00e9s de un an\u00e1lisis Foda, expuso sus Fortalezas, Oportunidades, Debilidades y Amenazas de su gesti\u00f3n en el centro de salud familiar, lugar donde se ha desempe\u00f1ado por un periodo de 12 a\u00f1os.<br \/>\nEl Dr. Reyes afirm\u00f3 que desde las \u00faltimas semanas se ha visto acosado y perseguido por el concejal Marcelo Olgu\u00edn, quien ha solicitado por distintos medios legales, una serie de informes de la gesti\u00f3n profesional del m\u00e9dico, con el fin de poner en duda su capacidad y gesti\u00f3n.<br \/>\n\u00abEste tema se lo plante\u00e9 al alcalde en una reuni\u00f3n de directivos y hoy en d\u00eda hago saber este desacuerdo en la sesi\u00f3n del concejo municipal. Lo anterior se refiere a que un concejal no est\u00e1 trabajando en los mismos lineamientos de lo que son las pol\u00edticas de salud, situaci\u00f3n que no comparto. Por lo tanto, como no comparto esa idea, yo puedo decidir dar un paso al lado; y si existe otra persona que tenga ideas distintas, que tenga un plan de trabajo distinto, se puede hacer cargo de la direcci\u00f3n del Cesfam. Por lo tanto yo present\u00e9 mi renuncia, ahora si bien el Concejo Municipal en su gran mayor\u00eda me da su apoyo por la gesti\u00f3n que se est\u00e1 realizando, es un tema que deber\u00e1 resolverse en los pr\u00f3ximos d\u00edas\u00bb.<br \/>\nLa denuncia formulada por el concejal Marcelo Olgu\u00edn contra el Dr. Te\u00f3filo Reyes, se fundamenta seg\u00fan sus palabras, en la solicitud de una serie de informes, con el fin de aclarar una serie de denuncias que ha recibido, sin querer transparentar el origen de las mismas.<br \/>\n\u00abEn Concejo entregu\u00e9 un oficio pidiendo una fiscalizaci\u00f3n sobre la gesti\u00f3n del Director del consultorio. Como el concejo no lo autoriz\u00f3, por lo tanto, yo fui a trav\u00e9s de la ley de acceso a la informaci\u00f3n p\u00fablica y entiendo que eso le molest\u00f3 al director. Ahora en la solicitud de informaci\u00f3n que yo hice, en ninguna parte estoy diciendo que el director se tiene que ir, sino que solamente estoy pidiendo informaci\u00f3n en relaci\u00f3n, por ejemplo, a sus horarios y saber si atiende a las personas\u00bb.<br \/>\nEsta acci\u00f3n reiterada del concejal Olgu\u00edn, gener\u00f3 de parte del resto de los ediles un rechazo, quienes en plena sesi\u00f3n pidieron que se dejara trabajar al Director del establecimiento de salud familiar y que el trabajo se enfocara en las metas pendientes, que son la pronta puesta en marcha del nuevo recinto.<br \/>\nPara el concejal Ren\u00e9 Ahumada, es un hecho lamentable, pues dijo conocer al Dr. Te\u00f3filo Reyes desde que era alcalde de la comuna y nunca ha dudado de sus capacidades: \u00abEs muy lamentable lo que ocurri\u00f3, porque el Dr. Reyes lleg\u00f3 en el periodo que yo era alcalde y con \u00e9l luchamos juntos por mejorar la salud en la comuna de Panquehue. Por lo tanto en la sesi\u00f3n de concejo me encontr\u00e9 con una gran sorpresa y por lo mismo le he dado todo mi apoyo\u00bb.<br \/>\nPalabras similares tuvieron los concejales Vanessa Ossand\u00f3n y Patricio Morales. Ossand\u00f3n dijo que no le parece prudente que el Director renuncie cuando su gesti\u00f3n ha sido valorada: \u00abEl es un buen profesional, lo ha demostrado a trav\u00e9s de su administraci\u00f3n, su gesti\u00f3n, el es un muy buen profesional. Creo que mi colega Marcelo Olgu\u00edn no investiga, se deja llevar por comentarios, que en definitiva no tienen base, siempre hace acusaciones sin base, entonces para perder un profesional que ha logrado mejorar la atenci\u00f3n de salud, no me parece\u00bb.<br \/>\nPatricio Morales, miembro de la comisi\u00f3n de salud del concejo, dice conocer la gesti\u00f3n del Dr. Reyes desde hace 12 a\u00f1os y estima que las acusaciones del concejal Olgu\u00edn son infundadas.<br \/>\n\u00abCreo que la acusaci\u00f3n del concejal Marcelo Olgu\u00edn es err\u00f3nea al momento de fiscalizar, porque es como acoso laboral en vez de fiscalizaci\u00f3n, porque Marcelo Olgu\u00edn le hace consultas al doctor de cu\u00e1nto se le paga y de las asignaciones que uno mismo como concejal aprueba, entonces uno no puede desconocer lo que aprueba. Por lo mismo creo que desde que lleg\u00f3 el Dr. Reyes la cosa ha funcionado muy bien\u00bb.<br \/>\nPara su parte el alcalde Luis Pradenas, en su calidad de presidente del concejo municipal, lament\u00f3 el cuestionamiento a la gesti\u00f3n del m\u00e9dico, cuya especialidad en medicina familiar, quien no ha hecho m\u00e1s que mejorar la calidad de la atenci\u00f3n.<br \/>\n\u00abEs lamentable toda esta situaci\u00f3n, por lo mismo quiero dejar muy en claro que parte de la informaci\u00f3n solicitada por oficio por parte del concejal Olgu\u00edn, est\u00e1 siendo investigada, pero no contento con ello acudi\u00f3 a la plataforma de La Ley de Trasparencia, solicitando datos que solo pretenden poner en duda la gesti\u00f3n del Dr. Reyes.<br \/>\n\u00abComo concejal y en su rol de fiscalizador, el Sr. Olgu\u00edn debe saber que hay temas que no le competen, el control de asistencia de los funcionarios es una disposici\u00f3n que le compete al alcalde; \u00e9l debe saber que la funci\u00f3n de un director de salud es administrar, dirigir, organizar y llevar adelante un servicio. Las funciones, deberes y responsabilidades son puestas en conocimiento del concejo por parte del Director del Cesfam, en sesi\u00f3n que todo el concejo aprueba, por lo mismo, su rol de fiscalizaci\u00f3n se debe centrar en hechos que permite la ley org\u00e1nica constitucional de municipalidades. Hemos visto junto al resto del concejo, que su af\u00e1n de persecuci\u00f3n contra el Director de Salud lo ha llevado a que presente su renuncia y perdamos a un profesional muy valorado y que sus conocimientos validados en salud familiar por la Universidad de Chile, se vayan a otra comuna\u00bb.<br \/>\nAgreg\u00f3 el edil panquehuino que har\u00e1 todo lo posible por retener al Dr. Reyes por el bien de la comuna.<\/p>\n<figure id=\"attachment_86669\" aria-describedby=\"caption-attachment-86669\" style=\"width: 578px\" class=\"wp-caption alignnone\"><img data-recalc-dims=\"1\" loading=\"lazy\" decoding=\"async\" class=\"size-full wp-image-86669\" src=\"https:\/\/i0.wp.com\/www.eltrabajo.cl\/portal\/wp-content\/uploads\/2018\/06\/acoso-dr-teofilo-reyes.jpg?resize=578%2C474\" alt=\"El Dr. Te\u00f3filo Reyes se desempe\u00f1a desde hace 12 a\u00f1os en el Cesfam y cuenta con el apoyo del alcalde y de todos los dem\u00e1s concejales.\" width=\"578\" height=\"474\" srcset=\"https:\/\/i0.wp.com\/eltrabajo.cl\/portal\/wp-content\/uploads\/2018\/06\/acoso-dr-teofilo-reyes.jpg?w=578&amp;ssl=1 578w, https:\/\/i0.wp.com\/eltrabajo.cl\/portal\/wp-content\/uploads\/2018\/06\/acoso-dr-teofilo-reyes.jpg?resize=183%2C150&amp;ssl=1 183w, https:\/\/i0.wp.com\/eltrabajo.cl\/portal\/wp-content\/uploads\/2018\/06\/acoso-dr-teofilo-reyes.jpg?resize=300%2C246&amp;ssl=1 300w, https:\/\/i0.wp.com\/eltrabajo.cl\/portal\/wp-content\/uploads\/2018\/06\/acoso-dr-teofilo-reyes.jpg?resize=400%2C328&amp;ssl=1 400w\" sizes=\"auto, (max-width: 578px) 100vw, 578px\" \/><figcaption id=\"caption-attachment-86669\" class=\"wp-caption-text\">El Dr. Te\u00f3filo Reyes se desempe\u00f1a desde hace 12 a\u00f1os en el Cesfam y cuenta con el apoyo del alcalde y de todos los dem\u00e1s concejales.<\/figcaption><\/figure>\n","protected":false},"excerpt":{"rendered":"<p>El Facultativo, experto en Medicina Familiar, manifest\u00f3 su rechazo ante un constante acoso que acusa ser v\u00edctima a su gesti\u00f3n de Director y M\u00e9dico en salud familiar por el concejal Marcelo Olgu\u00edn&#8230;.<\/p>\n","protected":false},"author":1,"featured_media":86668,"comment_status":"open","ping_status":"open","sticky":false,"template":"","format":"standard","meta":{"advanced_seo_description":"","jetpack_seo_html_title":"","jetpack_seo_noindex":false,"_jetpack_memberships_contains_paid_content":false,"footnotes":""},"categories":[1],"tags":[],"class_list":["post-86667","post","type-post","status-publish","format-standard","has-post-thumbnail","hentry","category-cronica"],"jetpack_featured_media_url":"https:\/\/i0.wp.com\/eltrabajo.cl\/portal\/wp-content\/uploads\/2018\/06\/acoso-analisis-foda.jpg?fit=579%2C340&ssl=1","jetpack_sharing_enabled":true,"jetpack_likes_enabled":true,"jetpack-related-posts":[],"_links":{"self":[{"href":"https:\/\/eltrabajo.cl\/portal\/wp-json\/wp\/v2\/posts\/86667","targetHints":{"allow":["GET"]}}],"collection":[{"href":"https:\/\/eltrabajo.cl\/portal\/wp-json\/wp\/v2\/posts"}],"about":[{"href":"https:\/\/eltrabajo.cl\/portal\/wp-json\/wp\/v2\/types\/post"}],"author":[{"embeddable":true,"href":"https:\/\/eltrabajo.cl\/portal\/wp-json\/wp\/v2\/users\/1"}],"replies":[{"embeddable":true,"href":"https:\/\/eltrabajo.cl\/portal\/wp-json\/wp\/v2\/comments?post=86667"}],"version-history":[{"count":0,"href":"https:\/\/eltrabajo.cl\/portal\/wp-json\/wp\/v2\/posts\/86667\/revisions"}],"wp:featuredmedia":[{"embeddable":true,"href":"https:\/\/eltrabajo.cl\/portal\/wp-json\/wp\/v2\/media\/86668"}],"wp:attachment":[{"href":"https:\/\/eltrabajo.cl\/portal\/wp-json\/wp\/v2\/media?parent=86667"}],"wp:term":[{"taxonomy":"category","embeddable":true,"href":"https:\/\/eltrabajo.cl\/portal\/wp-json\/wp\/v2\/categories?post=86667"},{"taxonomy":"post_tag","embeddable":true,"href":"https:\/\/eltrabajo.cl\/portal\/wp-json\/wp\/v2\/tags?post=86667"}],"curies":[{"name":"wp","href":"https:\/\/api.w.org\/{rel}","templated":true}]}}