{"id":86671,"date":"2018-06-06T05:03:22","date_gmt":"2018-06-06T09:03:22","guid":{"rendered":"http:\/\/www.eltrabajo.cl\/2017\/?p=86671"},"modified":"2018-06-06T05:03:22","modified_gmt":"2018-06-06T09:03:22","slug":"general-director-de-carabineros-presente-en-180o-aniversario-del-liceo-de-hombres","status":"publish","type":"post","link":"https:\/\/eltrabajo.cl\/portal\/general-director-de-carabineros-presente-en-180o-aniversario-del-liceo-de-hombres\/","title":{"rendered":"General Director de Carabineros presente en 180\u00ba aniversario del Liceo de Hombres"},"content":{"rendered":"<figure id=\"attachment_86673\" aria-describedby=\"caption-attachment-86673\" style=\"width: 579px\" class=\"wp-caption alignnone\"><img data-recalc-dims=\"1\" loading=\"lazy\" decoding=\"async\" class=\"size-full wp-image-86673\" src=\"https:\/\/i0.wp.com\/www.eltrabajo.cl\/portal\/wp-content\/uploads\/2018\/06\/General2.jpg?resize=579%2C317\" alt=\"CON T\u00cdTULO Y CORONA.- Concejales y el jefe comunal posaron en Exclusiva para Diario El Trabajo, luego que el Concejo le informara de manera oficial su categor\u00eda de Hijo Ilustre de San Felipe.\" width=\"579\" height=\"317\" srcset=\"https:\/\/i0.wp.com\/eltrabajo.cl\/portal\/wp-content\/uploads\/2018\/06\/General2.jpg?w=579&amp;ssl=1 579w, https:\/\/i0.wp.com\/eltrabajo.cl\/portal\/wp-content\/uploads\/2018\/06\/General2.jpg?resize=200%2C109&amp;ssl=1 200w, https:\/\/i0.wp.com\/eltrabajo.cl\/portal\/wp-content\/uploads\/2018\/06\/General2.jpg?resize=300%2C164&amp;ssl=1 300w, https:\/\/i0.wp.com\/eltrabajo.cl\/portal\/wp-content\/uploads\/2018\/06\/General2.jpg?resize=274%2C150&amp;ssl=1 274w, https:\/\/i0.wp.com\/eltrabajo.cl\/portal\/wp-content\/uploads\/2018\/06\/General2.jpg?resize=400%2C219&amp;ssl=1 400w\" sizes=\"auto, (max-width: 579px) 100vw, 579px\" \/><figcaption id=\"caption-attachment-86673\" class=\"wp-caption-text\">CON T\u00cdTULO Y CORONA.- Concejales y el jefe comunal posaron en Exclusiva para Diario El Trabajo, luego que el Concejo le informara de manera oficial su categor\u00eda de Hijo Ilustre de San Felipe.<\/figcaption><\/figure>\n<ul>\n<li><span style=\"color: #ff0000;\"><strong>Anunciaron tambi\u00e9n al General Hermes Soto Isla como Hijo Ilustre:<\/strong><\/span><\/li>\n<\/ul>\n<p>Ayer martes 5 de junio se desarroll\u00f3 con bombos y platillos el 180\u00ba aniversario del hist\u00f3rico Liceo de Hombres de San Felipe, actual Liceo Roberto Humeres, actividad que se desarroll\u00f3 en el teatro Roberto Barraza, dentro de las mismas dependencias del liceo.<br \/>\nEntre lo m\u00e1s destacado de la gala, este a\u00f1o se cont\u00f3 con la presencia del General Director de Carabineros, Hermes Soto Isla (exalumno del liceo), quien tambi\u00e9n fue acompa\u00f1ado por una comitiva especial, y la participaci\u00f3n del Orfe\u00f3n Nacional de Carabineros.<br \/>\nDurante la gala varios fueron los reconocimientos a distinguidos egresados de la instituci\u00f3n, se aplaudieron los logros de profesores y talentos del Orfe\u00f3n Nacional de Carabineros, as\u00ed tambi\u00e9n los presentes aplaudieron de pie el anuncio hecho por las autoridades en relaci\u00f3n a la designaci\u00f3n de Hijo Ilustre de San Felipe, para el General Soto Isla, otorgada por el Concejo municipal de nuestra comuna.<br \/>\n<strong>Roberto Gonz\u00e1lez Short<\/strong><\/p>\n<figure id=\"attachment_86672\" aria-describedby=\"caption-attachment-86672\" style=\"width: 579px\" class=\"wp-caption alignnone\"><img data-recalc-dims=\"1\" loading=\"lazy\" decoding=\"async\" class=\"size-full wp-image-86672\" src=\"https:\/\/i0.wp.com\/www.eltrabajo.cl\/portal\/wp-content\/uploads\/2018\/06\/General1.jpg?resize=579%2C386\" alt=\"SEGURIDAD EXTREMA.- El General Soto fue recibido por el propio alcalde Patricio Freire, ambos se reconocieron con este fraternal abrazo. \" width=\"579\" height=\"386\" srcset=\"https:\/\/i0.wp.com\/eltrabajo.cl\/portal\/wp-content\/uploads\/2018\/06\/General1.jpg?w=579&amp;ssl=1 579w, https:\/\/i0.wp.com\/eltrabajo.cl\/portal\/wp-content\/uploads\/2018\/06\/General1.jpg?resize=200%2C133&amp;ssl=1 200w, https:\/\/i0.wp.com\/eltrabajo.cl\/portal\/wp-content\/uploads\/2018\/06\/General1.jpg?resize=300%2C200&amp;ssl=1 300w, https:\/\/i0.wp.com\/eltrabajo.cl\/portal\/wp-content\/uploads\/2018\/06\/General1.jpg?resize=225%2C150&amp;ssl=1 225w, https:\/\/i0.wp.com\/eltrabajo.cl\/portal\/wp-content\/uploads\/2018\/06\/General1.jpg?resize=400%2C267&amp;ssl=1 400w\" sizes=\"auto, (max-width: 579px) 100vw, 579px\" \/><figcaption id=\"caption-attachment-86672\" class=\"wp-caption-text\">SEGURIDAD EXTREMA.- El General Soto fue recibido por el propio alcalde Patricio Freire, ambos se reconocieron con este fraternal abrazo.<\/figcaption><\/figure>\n","protected":false},"excerpt":{"rendered":"<p>Anunciaron tambi\u00e9n al General Hermes Soto Isla como Hijo Ilustre: Ayer martes 5 de junio se desarroll\u00f3 con bombos y platillos el 180\u00ba aniversario del hist\u00f3rico Liceo de Hombres de San Felipe,&#8230;<\/p>\n","protected":false},"author":1,"featured_media":86672,"comment_status":"open","ping_status":"open","sticky":false,"template":"","format":"standard","meta":{"advanced_seo_description":"","jetpack_seo_html_title":"","jetpack_seo_noindex":false,"_jetpack_memberships_contains_paid_content":false,"footnotes":""},"categories":[1],"tags":[],"class_list":["post-86671","post","type-post","status-publish","format-standard","has-post-thumbnail","hentry","category-cronica"],"jetpack_featured_media_url":"https:\/\/i0.wp.com\/eltrabajo.cl\/portal\/wp-content\/uploads\/2018\/06\/General1.jpg?fit=579%2C386&ssl=1","jetpack_sharing_enabled":true,"jetpack_likes_enabled":true,"jetpack-related-posts":[],"_links":{"self":[{"href":"https:\/\/eltrabajo.cl\/portal\/wp-json\/wp\/v2\/posts\/86671","targetHints":{"allow":["GET"]}}],"collection":[{"href":"https:\/\/eltrabajo.cl\/portal\/wp-json\/wp\/v2\/posts"}],"about":[{"href":"https:\/\/eltrabajo.cl\/portal\/wp-json\/wp\/v2\/types\/post"}],"author":[{"embeddable":true,"href":"https:\/\/eltrabajo.cl\/portal\/wp-json\/wp\/v2\/users\/1"}],"replies":[{"embeddable":true,"href":"https:\/\/eltrabajo.cl\/portal\/wp-json\/wp\/v2\/comments?post=86671"}],"version-history":[{"count":0,"href":"https:\/\/eltrabajo.cl\/portal\/wp-json\/wp\/v2\/posts\/86671\/revisions"}],"wp:featuredmedia":[{"embeddable":true,"href":"https:\/\/eltrabajo.cl\/portal\/wp-json\/wp\/v2\/media\/86672"}],"wp:attachment":[{"href":"https:\/\/eltrabajo.cl\/portal\/wp-json\/wp\/v2\/media?parent=86671"}],"wp:term":[{"taxonomy":"category","embeddable":true,"href":"https:\/\/eltrabajo.cl\/portal\/wp-json\/wp\/v2\/categories?post=86671"},{"taxonomy":"post_tag","embeddable":true,"href":"https:\/\/eltrabajo.cl\/portal\/wp-json\/wp\/v2\/tags?post=86671"}],"curies":[{"name":"wp","href":"https:\/\/api.w.org\/{rel}","templated":true}]}}