{"id":86683,"date":"2018-06-07T05:00:59","date_gmt":"2018-06-07T09:00:59","guid":{"rendered":"http:\/\/www.eltrabajo.cl\/2017\/?p=86683"},"modified":"2018-06-07T05:00:59","modified_gmt":"2018-06-07T09:00:59","slug":"por-una-deuda-arfa-quinta-bloquea-a-la-asociacion-de-futbol-amateur","status":"publish","type":"post","link":"https:\/\/eltrabajo.cl\/portal\/por-una-deuda-arfa-quinta-bloquea-a-la-asociacion-de-futbol-amateur\/","title":{"rendered":"Por una deuda Arfa Quinta bloquea a la Asociaci\u00f3n de F\u00fatbol Amateur"},"content":{"rendered":"<figure id=\"attachment_86684\" aria-describedby=\"caption-attachment-86684\" style=\"width: 580px\" class=\"wp-caption alignnone\"><img data-recalc-dims=\"1\" loading=\"lazy\" decoding=\"async\" class=\"size-full wp-image-86684\" src=\"https:\/\/i0.wp.com\/www.eltrabajo.cl\/portal\/wp-content\/uploads\/2018\/06\/raul-reinoso.jpg?resize=580%2C375\" alt=\"Ra\u00fal Reinoso confirm\u00f3 que, debido a una deuda menor, Arfa Quinta bloque\u00f3 a la Asociaci\u00f3n de F\u00fatbol Amateur de San Felipe.\" width=\"580\" height=\"375\" srcset=\"https:\/\/i0.wp.com\/eltrabajo.cl\/portal\/wp-content\/uploads\/2018\/06\/raul-reinoso.jpg?w=580&amp;ssl=1 580w, https:\/\/i0.wp.com\/eltrabajo.cl\/portal\/wp-content\/uploads\/2018\/06\/raul-reinoso.jpg?resize=200%2C129&amp;ssl=1 200w, https:\/\/i0.wp.com\/eltrabajo.cl\/portal\/wp-content\/uploads\/2018\/06\/raul-reinoso.jpg?resize=300%2C194&amp;ssl=1 300w, https:\/\/i0.wp.com\/eltrabajo.cl\/portal\/wp-content\/uploads\/2018\/06\/raul-reinoso.jpg?resize=232%2C150&amp;ssl=1 232w, https:\/\/i0.wp.com\/eltrabajo.cl\/portal\/wp-content\/uploads\/2018\/06\/raul-reinoso.jpg?resize=400%2C259&amp;ssl=1 400w\" sizes=\"auto, (max-width: 580px) 100vw, 580px\" \/><figcaption id=\"caption-attachment-86684\" class=\"wp-caption-text\">Ra\u00fal Reinoso confirm\u00f3 que, debido a una deuda menor, Arfa Quinta bloque\u00f3 a la Asociaci\u00f3n de F\u00fatbol Amateur de San Felipe.<\/figcaption><\/figure>\n<p>El atraso de algunos clubes en el pago de su cuota anual, provoc\u00f3 que la Asociaci\u00f3n Regional de F\u00fatbol Amateur (Arfa Quinta) tomara la determinaci\u00f3n de bloquear a la Asociaci\u00f3n de F\u00fatbol Amateur para que \u00e9sta no pueda realizar ning\u00fan tr\u00e1mite o consulta administrativa ante el ente rector del balompi\u00e9 aficionado de la regi\u00f3n.<br \/>\nLa medida transitoria de Arfa tiene como efecto inmediato que el torneo de San Felipe no podr\u00e1 comenzar hasta que se salde la deuda, que no deber\u00eda ser superior a los $110.000 (ciento diez mil pesos), una cifra menor que no deber\u00eda ser un problema reunir. \u201cEsto pasa porque algunos dirigentes de los clubes creen que esto es llegar y jugar; pero existen obligaciones y aunque cueste creerlo hay algunas instituciones que no han cancelado los $10.000(diez mil pesos) de la cuota anual; ahora habr\u00e1 que ver como solucionamos esto ya que habr\u00e1 que ir hasta Vi\u00f1a del Mar para normalizar todo\u201d, declar\u00f3 a El Trabajo Deportivo el timonel del balompi\u00e9 aficionado sanfelipe\u00f1o, Ra\u00fal Reinoso.<br \/>\nReinoso mostr\u00f3 su molestia y cansancio por la actual situaci\u00f3n. \u201cHay gente que no aporta nada y solo se dedica a criticar, la verdad estoy cansado y muy decepcionado por todo lo que ha ocurrido\u201d, afirm\u00f3.<\/p>\n","protected":false},"excerpt":{"rendered":"<p>El atraso de algunos clubes en el pago de su cuota anual, provoc\u00f3 que la Asociaci\u00f3n Regional de F\u00fatbol Amateur (Arfa Quinta) tomara la determinaci\u00f3n de bloquear a la Asociaci\u00f3n de F\u00fatbol&#8230;<\/p>\n","protected":false},"author":1,"featured_media":86684,"comment_status":"open","ping_status":"open","sticky":false,"template":"","format":"standard","meta":{"advanced_seo_description":"","jetpack_seo_html_title":"","jetpack_seo_noindex":false,"_jetpack_memberships_contains_paid_content":false,"footnotes":""},"categories":[19],"tags":[],"class_list":["post-86683","post","type-post","status-publish","format-standard","has-post-thumbnail","hentry","category-deportes"],"jetpack_featured_media_url":"https:\/\/i0.wp.com\/eltrabajo.cl\/portal\/wp-content\/uploads\/2018\/06\/raul-reinoso.jpg?fit=580%2C375&ssl=1","jetpack_sharing_enabled":true,"jetpack_likes_enabled":true,"jetpack-related-posts":[],"_links":{"self":[{"href":"https:\/\/eltrabajo.cl\/portal\/wp-json\/wp\/v2\/posts\/86683","targetHints":{"allow":["GET"]}}],"collection":[{"href":"https:\/\/eltrabajo.cl\/portal\/wp-json\/wp\/v2\/posts"}],"about":[{"href":"https:\/\/eltrabajo.cl\/portal\/wp-json\/wp\/v2\/types\/post"}],"author":[{"embeddable":true,"href":"https:\/\/eltrabajo.cl\/portal\/wp-json\/wp\/v2\/users\/1"}],"replies":[{"embeddable":true,"href":"https:\/\/eltrabajo.cl\/portal\/wp-json\/wp\/v2\/comments?post=86683"}],"version-history":[{"count":0,"href":"https:\/\/eltrabajo.cl\/portal\/wp-json\/wp\/v2\/posts\/86683\/revisions"}],"wp:featuredmedia":[{"embeddable":true,"href":"https:\/\/eltrabajo.cl\/portal\/wp-json\/wp\/v2\/media\/86684"}],"wp:attachment":[{"href":"https:\/\/eltrabajo.cl\/portal\/wp-json\/wp\/v2\/media?parent=86683"}],"wp:term":[{"taxonomy":"category","embeddable":true,"href":"https:\/\/eltrabajo.cl\/portal\/wp-json\/wp\/v2\/categories?post=86683"},{"taxonomy":"post_tag","embeddable":true,"href":"https:\/\/eltrabajo.cl\/portal\/wp-json\/wp\/v2\/tags?post=86683"}],"curies":[{"name":"wp","href":"https:\/\/api.w.org\/{rel}","templated":true}]}}