{"id":86686,"date":"2018-06-07T05:01:50","date_gmt":"2018-06-07T09:01:50","guid":{"rendered":"http:\/\/www.eltrabajo.cl\/2017\/?p=86686"},"modified":"2018-06-07T05:01:50","modified_gmt":"2018-06-07T09:01:50","slug":"hoy-es-el-turno-de-natalia-duco-en-los-juegos-sudamericanos","status":"publish","type":"post","link":"https:\/\/eltrabajo.cl\/portal\/hoy-es-el-turno-de-natalia-duco-en-los-juegos-sudamericanos\/","title":{"rendered":"Hoy es el turno de Natalia Duc\u00f3 en los Juegos Sudamericanos"},"content":{"rendered":"<figure id=\"attachment_86687\" aria-describedby=\"caption-attachment-86687\" style=\"width: 578px\" class=\"wp-caption alignnone\"><img data-recalc-dims=\"1\" loading=\"lazy\" decoding=\"async\" class=\"size-full wp-image-86687\" src=\"https:\/\/i0.wp.com\/www.eltrabajo.cl\/portal\/wp-content\/uploads\/2018\/06\/natalia-duc%C3%B3.jpg?resize=578%2C338\" alt=\"La balista sanfelipe\u00f1a Natalia Duc\u00f3 buscar\u00e1 darle otro oro a Chile en los Odesur de Bolivia.\" width=\"578\" height=\"338\" srcset=\"https:\/\/i0.wp.com\/eltrabajo.cl\/portal\/wp-content\/uploads\/2018\/06\/natalia-duc%C3%B3.jpg?w=578&amp;ssl=1 578w, https:\/\/i0.wp.com\/eltrabajo.cl\/portal\/wp-content\/uploads\/2018\/06\/natalia-duc%C3%B3.jpg?resize=200%2C117&amp;ssl=1 200w, https:\/\/i0.wp.com\/eltrabajo.cl\/portal\/wp-content\/uploads\/2018\/06\/natalia-duc%C3%B3.jpg?resize=300%2C175&amp;ssl=1 300w, https:\/\/i0.wp.com\/eltrabajo.cl\/portal\/wp-content\/uploads\/2018\/06\/natalia-duc%C3%B3.jpg?resize=257%2C150&amp;ssl=1 257w, https:\/\/i0.wp.com\/eltrabajo.cl\/portal\/wp-content\/uploads\/2018\/06\/natalia-duc%C3%B3.jpg?resize=400%2C234&amp;ssl=1 400w\" sizes=\"auto, (max-width: 578px) 100vw, 578px\" \/><figcaption id=\"caption-attachment-86687\" class=\"wp-caption-text\">La balista sanfelipe\u00f1a Natalia Duc\u00f3 buscar\u00e1 darle otro oro a Chile en los Odesur de Bolivia.<\/figcaption><\/figure>\n<ul>\n<li><span style=\"color: #ff0000;\"><strong>La atleta sanfelipe\u00f1a buscar\u00e1 reeditar su oro de hace cuatro a\u00f1os en Chile.<\/strong><\/span><\/li>\n<\/ul>\n<p>A partir de las diez de la ma\u00f1ana de hoy en el estadio de Atletismo GAMC se comenzar\u00e1 a disputar la prueba del Lanzamiento de la Bala, en la cual intervendr\u00e1 la sanfelipe\u00f1a Natalia Duc\u00f3, quien buscar\u00e1 sumar otro oro para el team Chile en la und\u00e9cima versi\u00f3n de los Juegos Sudamericanos (Odesur).<br \/>\nLa deportista nacional llega a la cita continental en el que quiz\u00e1s es su mejor momento profesional, luego que hace dos semanas, en un torneo en Florida, EEUU, pulverizara los 18,80 metros (mejor marca personal) que hab\u00eda anotado en los Juegos Ol\u00edmpicos de Londres el 2012.<br \/>\nEn Norteam\u00e9rica Natalia Duc\u00f3 realiz\u00f3 un lanzamiento de 18,97 que la convierten en la principal favorita para subir a lo m\u00e1s alto del podio en la presente edici\u00f3n de los Juegos Odesur que tienen lugar en el pa\u00eds altipl\u00e1nico.<\/p>\n","protected":false},"excerpt":{"rendered":"<p>La atleta sanfelipe\u00f1a buscar\u00e1 reeditar su oro de hace cuatro a\u00f1os en Chile. A partir de las diez de la ma\u00f1ana de hoy en el estadio de Atletismo GAMC se comenzar\u00e1 a&#8230;<\/p>\n","protected":false},"author":1,"featured_media":86687,"comment_status":"open","ping_status":"open","sticky":false,"template":"","format":"standard","meta":{"advanced_seo_description":"","jetpack_seo_html_title":"","jetpack_seo_noindex":false,"_jetpack_memberships_contains_paid_content":false,"footnotes":""},"categories":[19],"tags":[],"class_list":["post-86686","post","type-post","status-publish","format-standard","has-post-thumbnail","hentry","category-deportes"],"jetpack_featured_media_url":"https:\/\/i0.wp.com\/eltrabajo.cl\/portal\/wp-content\/uploads\/2018\/06\/natalia-duc%C3%B3.jpg?fit=578%2C338&ssl=1","jetpack_sharing_enabled":true,"jetpack_likes_enabled":true,"jetpack-related-posts":[],"_links":{"self":[{"href":"https:\/\/eltrabajo.cl\/portal\/wp-json\/wp\/v2\/posts\/86686","targetHints":{"allow":["GET"]}}],"collection":[{"href":"https:\/\/eltrabajo.cl\/portal\/wp-json\/wp\/v2\/posts"}],"about":[{"href":"https:\/\/eltrabajo.cl\/portal\/wp-json\/wp\/v2\/types\/post"}],"author":[{"embeddable":true,"href":"https:\/\/eltrabajo.cl\/portal\/wp-json\/wp\/v2\/users\/1"}],"replies":[{"embeddable":true,"href":"https:\/\/eltrabajo.cl\/portal\/wp-json\/wp\/v2\/comments?post=86686"}],"version-history":[{"count":0,"href":"https:\/\/eltrabajo.cl\/portal\/wp-json\/wp\/v2\/posts\/86686\/revisions"}],"wp:featuredmedia":[{"embeddable":true,"href":"https:\/\/eltrabajo.cl\/portal\/wp-json\/wp\/v2\/media\/86687"}],"wp:attachment":[{"href":"https:\/\/eltrabajo.cl\/portal\/wp-json\/wp\/v2\/media?parent=86686"}],"wp:term":[{"taxonomy":"category","embeddable":true,"href":"https:\/\/eltrabajo.cl\/portal\/wp-json\/wp\/v2\/categories?post=86686"},{"taxonomy":"post_tag","embeddable":true,"href":"https:\/\/eltrabajo.cl\/portal\/wp-json\/wp\/v2\/tags?post=86686"}],"curies":[{"name":"wp","href":"https:\/\/api.w.org\/{rel}","templated":true}]}}