{"id":86689,"date":"2018-06-07T05:02:49","date_gmt":"2018-06-07T09:02:49","guid":{"rendered":"http:\/\/www.eltrabajo.cl\/2017\/?p=86689"},"modified":"2018-06-07T05:02:49","modified_gmt":"2018-06-07T09:02:49","slug":"delincuente-asalta-con-cuchilla-a-trabajador-de-bencinera-shell-de-encon","status":"publish","type":"post","link":"https:\/\/eltrabajo.cl\/portal\/delincuente-asalta-con-cuchilla-a-trabajador-de-bencinera-shell-de-encon\/","title":{"rendered":"Delincuente asalta con cuchilla a trabajador de bencinera Shell de Enc\u00f3n"},"content":{"rendered":"<figure id=\"attachment_86690\" aria-describedby=\"caption-attachment-86690\" style=\"width: 579px\" class=\"wp-caption alignnone\"><img data-recalc-dims=\"1\" loading=\"lazy\" decoding=\"async\" class=\"size-full wp-image-86690\" src=\"https:\/\/i0.wp.com\/www.eltrabajo.cl\/portal\/wp-content\/uploads\/2018\/06\/shell-encon.jpg?resize=579%2C354\" alt=\"El asalto ocurri\u00f3 la tarde de este martes en la estaci\u00f3n de combustibles Shell ubicada en Enc\u00f3n en San Felipe.\" width=\"579\" height=\"354\" srcset=\"https:\/\/i0.wp.com\/eltrabajo.cl\/portal\/wp-content\/uploads\/2018\/06\/shell-encon.jpg?w=579&amp;ssl=1 579w, https:\/\/i0.wp.com\/eltrabajo.cl\/portal\/wp-content\/uploads\/2018\/06\/shell-encon.jpg?resize=200%2C122&amp;ssl=1 200w, https:\/\/i0.wp.com\/eltrabajo.cl\/portal\/wp-content\/uploads\/2018\/06\/shell-encon.jpg?resize=300%2C183&amp;ssl=1 300w, https:\/\/i0.wp.com\/eltrabajo.cl\/portal\/wp-content\/uploads\/2018\/06\/shell-encon.jpg?resize=245%2C150&amp;ssl=1 245w, https:\/\/i0.wp.com\/eltrabajo.cl\/portal\/wp-content\/uploads\/2018\/06\/shell-encon.jpg?resize=400%2C245&amp;ssl=1 400w\" sizes=\"auto, (max-width: 579px) 100vw, 579px\" \/><figcaption id=\"caption-attachment-86690\" class=\"wp-caption-text\">El asalto ocurri\u00f3 la tarde de este martes en la estaci\u00f3n de combustibles Shell ubicada en Enc\u00f3n en San Felipe.<\/figcaption><\/figure>\n<ul>\n<li><span style=\"color: #ff0000;\"><strong>Logr\u00f3 bot\u00edn de $590.000:\u00a0El atraco ocurri\u00f3 pasadas las 19:00 horas de este martes en la estaci\u00f3n de combustibles Shell, siendo v\u00edctima un trabajador de 21 a\u00f1os de edad, quien fue intimidado por un antisocial que manten\u00eda un arma blanca.<\/strong><\/span><\/li>\n<\/ul>\n<p>Un violento asalto se registr\u00f3 pasadas las 19:00 horas de este martes, luego que un delincuente intimidara con un cuchillo de unos 30 cent\u00edmetros que puso en el cuello a un trabajador de 21 a\u00f1os de edad en la estaci\u00f3n de combustibles Shell ubicada en Enc\u00f3n en San Felipe, oblig\u00e1ndolo a hacer entrega de la recaudaci\u00f3n de las ventas consistente en m\u00e1s de $590.000 en efectivo.<br \/>\nSeg\u00fan el testimonio del bombero afectado, los hechos se habr\u00edan producido sorpresivamente en los momentos en que desarrollaba sus labores habituales en la estaci\u00f3n de combustibles, atendiendo a un taxista que requiri\u00f3 bencina.<br \/>\nA los pocos segundos, un desconocido lo abord\u00f3 por la espalda apunt\u00e1ndolo con una cuchilla, arroj\u00e1ndolo al suelo para obligarlo a hacer entrega r\u00e1pidamente del dinero en efectivo que dispon\u00eda en esos momentos.<br \/>\nEl trabajador, bastante conmocionado con el grave atentado, entreg\u00f3 la suculenta suma de dinero al delincuente, quien obtenido el bot\u00edn escap\u00f3 a gran velocidad en direcci\u00f3n a los Departamentos Enc\u00f3n.<br \/>\nPese al schock emocional sufrido por este trabajador, afortunadamente no result\u00f3 con lesiones graves ni cortes en su cuerpo por parte del asaltante, quien al momento del delito cubri\u00f3 parte de su rostro con una bufanda, solicit\u00e1ndose la presencia de Carabineros quienes concurrieron hasta el sitio del suceso para realizar las primeras diligencias a cargo de la Secci\u00f3n de Investigaci\u00f3n Policial (SIP) sin resultados positivos.<br \/>\nEl Fiscal de turno dispuso que la polic\u00eda uniformada continuara las investigaciones del robo con intimidaci\u00f3n, requiri\u00e9ndose a la empresa de combustibles, las grabaciones de las c\u00e1maras de vigilancia instaladas para ser periciadas a fin de lograr establecer la identidad del delincuente, junto con el relato en detalle de la v\u00edctima.<\/p>\n<p><span style=\"color: #ff0000;\"><strong>JOVEN Y DELGADO<\/strong><\/span><br \/>\nDiario El Trabajo logr\u00f3 conversar con el compa\u00f1ero del bombero asaltado, Manuel V\u00e1squez Acu\u00f1a, quien relat\u00f3 lo siguiente: \u201cA eso de las siete y media de la noche estaba trabajando con el compa\u00f1ero Paul Lobos y por las c\u00e1maras divisamos que se acerc\u00f3 un muchacho con un estoque de casi 30 cent\u00edmetros, lo agarr\u00f3 del cuello quit\u00e1ndole toda la plata que ten\u00eda que eran alrededor de 600 mil pesos y lo tir\u00f3 al suelo, yo sal\u00ed para ver si lo pod\u00eda alcanzar y ver d\u00f3nde se pod\u00eda haber escondido, no alcanc\u00e9 a verlo porque se escondi\u00f3 dentro de la poblaci\u00f3n nueva y llam\u00e9 a Carabineros con quienes fuimos a dar unas vueltas si pod\u00edamos divisar al tipo, no hubo caso porque no lo encontramos por ning\u00fan lado. Mi compa\u00f1ero qued\u00f3 en shock porque es primera que nos pasaba a los dos, despu\u00e9s Carabineros tom\u00f3 declaraci\u00f3n y eso fue todo\u201d, dijo Manuel V\u00e1squez Acu\u00f1a.<br \/>\nComenta que su compa\u00f1ero tiene temor que pueda ser despedido por el exceso de plata que ten\u00eda en el momento del asalto.<br \/>\n<strong>&#8211; \u00bfEra un solo sujeto?<\/strong><br \/>\n&#8211; Era un solo muchacho, contextura delgada, m\u00e1s de 25 a\u00f1os no tiene, es primera vez que lo veo, pero le vi bien la cara, ya s\u00e9 qui\u00e9n es y en caso de lo voy a ubicar.<br \/>\n<strong>&#8211; \u00bfQu\u00e9 hicieron despu\u00e9s, le comunicaron a la jefatura?<\/strong><br \/>\n&#8211; Le comunicamos al jefe, a la jefa y al encargado de zona, le dijimos lo que hab\u00eda pasado.<br \/>\n<strong>&#8211; \u00bfTu compa\u00f1ero volver\u00e1 a trabajar?, ojal\u00e1 que se recupere bien.<\/strong><br \/>\n&#8211; Obvio, es lo que yo espero, pase esto y se encuentre bien y que no lo despidan, m\u00e1s que nada porque es un buen compa\u00f1ero, no tenemos problemas, somos todos unidos.<br \/>\n<strong>&#8211; \u00bfT\u00fa c\u00f3mo est\u00e1s con esta situaci\u00f3n?<\/strong><br \/>\n&#8211; Yo estoy ah\u00ed nom\u00e1s, porque igual es chocante, es primera vez que me pasa algo as\u00ed, pese a haber trabajado en otros servicentros, pero es primera vez que me pasa; igual estoy como preocupado, asustado, por lo mismo, porque uno nunca sabe cuando le van a pasar las cosas.<\/p>\n","protected":false},"excerpt":{"rendered":"<p>Logr\u00f3 bot\u00edn de $590.000:\u00a0El atraco ocurri\u00f3 pasadas las 19:00 horas de este martes en la estaci\u00f3n de combustibles Shell, siendo v\u00edctima un trabajador de 21 a\u00f1os de edad, quien fue intimidado por&#8230;<\/p>\n","protected":false},"author":1,"featured_media":86690,"comment_status":"open","ping_status":"open","sticky":false,"template":"","format":"standard","meta":{"advanced_seo_description":"","jetpack_seo_html_title":"","jetpack_seo_noindex":false,"_jetpack_memberships_contains_paid_content":false,"footnotes":""},"categories":[21],"tags":[],"class_list":["post-86689","post","type-post","status-publish","format-standard","has-post-thumbnail","hentry","category-policial"],"jetpack_featured_media_url":"https:\/\/i0.wp.com\/eltrabajo.cl\/portal\/wp-content\/uploads\/2018\/06\/shell-encon.jpg?fit=579%2C354&ssl=1","jetpack_sharing_enabled":true,"jetpack_likes_enabled":true,"jetpack-related-posts":[],"_links":{"self":[{"href":"https:\/\/eltrabajo.cl\/portal\/wp-json\/wp\/v2\/posts\/86689","targetHints":{"allow":["GET"]}}],"collection":[{"href":"https:\/\/eltrabajo.cl\/portal\/wp-json\/wp\/v2\/posts"}],"about":[{"href":"https:\/\/eltrabajo.cl\/portal\/wp-json\/wp\/v2\/types\/post"}],"author":[{"embeddable":true,"href":"https:\/\/eltrabajo.cl\/portal\/wp-json\/wp\/v2\/users\/1"}],"replies":[{"embeddable":true,"href":"https:\/\/eltrabajo.cl\/portal\/wp-json\/wp\/v2\/comments?post=86689"}],"version-history":[{"count":0,"href":"https:\/\/eltrabajo.cl\/portal\/wp-json\/wp\/v2\/posts\/86689\/revisions"}],"wp:featuredmedia":[{"embeddable":true,"href":"https:\/\/eltrabajo.cl\/portal\/wp-json\/wp\/v2\/media\/86690"}],"wp:attachment":[{"href":"https:\/\/eltrabajo.cl\/portal\/wp-json\/wp\/v2\/media?parent=86689"}],"wp:term":[{"taxonomy":"category","embeddable":true,"href":"https:\/\/eltrabajo.cl\/portal\/wp-json\/wp\/v2\/categories?post=86689"},{"taxonomy":"post_tag","embeddable":true,"href":"https:\/\/eltrabajo.cl\/portal\/wp-json\/wp\/v2\/tags?post=86689"}],"curies":[{"name":"wp","href":"https:\/\/api.w.org\/{rel}","templated":true}]}}