{"id":86697,"date":"2018-06-07T05:04:36","date_gmt":"2018-06-07T09:04:36","guid":{"rendered":"http:\/\/www.eltrabajo.cl\/2017\/?p=86697"},"modified":"2018-06-07T05:04:36","modified_gmt":"2018-06-07T09:04:36","slug":"medico-bajo-la-influencia-del-alcohol-no-respeta-pare-y-choca-con-colectivo","status":"publish","type":"post","link":"https:\/\/eltrabajo.cl\/portal\/medico-bajo-la-influencia-del-alcohol-no-respeta-pare-y-choca-con-colectivo\/","title":{"rendered":"M\u00e9dico bajo la influencia del alcohol no respeta Pare y choca con colectivo"},"content":{"rendered":"<figure id=\"attachment_86699\" aria-describedby=\"caption-attachment-86699\" style=\"width: 578px\" class=\"wp-caption alignnone\"><img data-recalc-dims=\"1\" loading=\"lazy\" decoding=\"async\" class=\"size-full wp-image-86699\" src=\"https:\/\/i0.wp.com\/www.eltrabajo.cl\/portal\/wp-content\/uploads\/2018\/06\/Colectivo-auto.jpg?resize=578%2C347\" alt=\"En esta posici\u00f3n quedaron ambos veh\u00edculos tras el impacto, el que por fortuna solo dej\u00f3 da\u00f1os.\" width=\"578\" height=\"347\" srcset=\"https:\/\/i0.wp.com\/eltrabajo.cl\/portal\/wp-content\/uploads\/2018\/06\/Colectivo-auto.jpg?w=578&amp;ssl=1 578w, https:\/\/i0.wp.com\/eltrabajo.cl\/portal\/wp-content\/uploads\/2018\/06\/Colectivo-auto.jpg?resize=200%2C120&amp;ssl=1 200w, https:\/\/i0.wp.com\/eltrabajo.cl\/portal\/wp-content\/uploads\/2018\/06\/Colectivo-auto.jpg?resize=300%2C180&amp;ssl=1 300w, https:\/\/i0.wp.com\/eltrabajo.cl\/portal\/wp-content\/uploads\/2018\/06\/Colectivo-auto.jpg?resize=250%2C150&amp;ssl=1 250w, https:\/\/i0.wp.com\/eltrabajo.cl\/portal\/wp-content\/uploads\/2018\/06\/Colectivo-auto.jpg?resize=400%2C240&amp;ssl=1 400w\" sizes=\"auto, (max-width: 578px) 100vw, 578px\" \/><figcaption id=\"caption-attachment-86699\" class=\"wp-caption-text\">En esta posici\u00f3n quedaron ambos veh\u00edculos tras el impacto, el que por fortuna solo dej\u00f3 da\u00f1os.<\/figcaption><\/figure>\n<ul>\n<li><strong><span style=\"color: #ff0000;\">Violenta colisi\u00f3n en Avenida Chacabuco con Portus:<\/span>\u00a0Solamente da\u00f1os, con p\u00e9rdida total del veh\u00edculo de alquiler, dej\u00f3 accidente de tr\u00e1nsito registrado la ma\u00f1ana de ayer.<\/strong><\/li>\n<\/ul>\n<p>Con lesiones leves y tres d\u00edas de licencia result\u00f3 el conductor de un taxi colectivo que fue colisionado cuando se dirig\u00eda por la avenida Chacabuco de poniente a oriente. El accidente se produjo ayer en la ma\u00f1ana, cuando Oscar Rivera guiaba su taxi colectivo por dicha arteria y al llegar a la intersecci\u00f3n con calle Portus, fue colisionado por otro autom\u00f3vil cuyo conductor no respet\u00f3 el signo Pare, impactando de lleno el veh\u00edculo de alquiler, terminando ambos a cent\u00edmetros de una casa y poste de luz ubicado en el lugar.<br \/>\nConsultado Oscar Rivera, dijo que felizmente estaba bien: \u201cMe duele mucho la cara producto de la explosi\u00f3n del airbag, me molestal me molesta mucho la nariz, pero felizmente es leve; en el momento me colocaron un cuello ortop\u00e9dico porque la verdad cuando me colisionaron me dol\u00eda mucho el cuello, entonces a petici\u00f3n de una persona que estaba en el lugar, no me dejaron que me moviera porque pensaban que pod\u00eda ser algo m\u00e1s fuerte. La verdad que el choque fue de alta energ\u00eda, el auto es p\u00e9rdida total, se activaron los airbags de los dos autos\u201d, indic\u00f3.<br \/>\n<strong>&#8211; \u00bfC\u00f3mo fue el accidente?<\/strong><br \/>\n&#8211; Me llam\u00f3 una persona conocida que la fuera a buscar al Hospital y me fui por Chacabuco, iba solo y yo vi al tipo que ven\u00eda en el medio del bandej\u00f3n (por Portus), pero nunca pens\u00e9 que iba a pasar; bueno, fuera adivino no me hubiera pasado lo que me pas\u00f3, es un doctor (el otro conductor) ven\u00eda en estado de ebriedad, con la licencia vencida.<br \/>\n<strong>&#8211; \u00bfCu\u00e1nto marc\u00f3 el examen de alcoholemia?<\/strong><br \/>\n&#8211; Cero como sesenta y ocho (0,68 gramos por mil de alcohol en la sangre o en el organismo).<br \/>\n<strong>&#8211; \u00bfTiene c\u00e1mara en su auto?<\/strong><br \/>\n&#8211; S\u00ed, s\u00ed, felizmente, espero que haya quedado todo grabado.<br \/>\n<strong>&#8211; \u00bfTom\u00f3 contacto con el otro conductor?<\/strong><br \/>\n&#8211; S\u00ed, se acerc\u00f3, me ha llamado en un par de oportunidades, felizmente para \u00e9l tambi\u00e9n no qued\u00f3 detenido, como yo era la \u00fanica persona que estaba en el auto y son heridas leves las que tengo, el fiscal en realidad lo dej\u00f3 libre porque por el alcohol que llevaba en la sangre correspond\u00eda quedar detenido, seg\u00fan la ley Emilia.<br \/>\nComenta que el m\u00e9dico est\u00e1 reci\u00e9n egresado, \u201centonces es un doctor nuevecito, dijo que me iba a responder con un auto nuevo, pero felizmente \u00e9l tiene seguro as\u00ed es que esperemos que el seguro haga su trabajo\u201d, se\u00f1al\u00f3 Oscar Rivera.<br \/>\nCabe destacar que al conductor del autom\u00f3vil particular se lo llevaron en una ambulancia de una mutual de seguridad, algo que llam\u00f3 bastante la atenci\u00f3n entre las personas que estaban en el lugar, porque lo hicieron cuando Carabineros no llegaba al accidente, y mientras la ambulancia lleg\u00f3 al lugar y se preocuparon solamente del conductor del taxi colectivo. Al parecer ser\u00eda funcionario de esa instituci\u00f3n.<\/p>\n<figure id=\"attachment_86698\" aria-describedby=\"caption-attachment-86698\" style=\"width: 580px\" class=\"wp-caption alignnone\"><img data-recalc-dims=\"1\" loading=\"lazy\" decoding=\"async\" class=\"size-full wp-image-86698\" src=\"https:\/\/i0.wp.com\/www.eltrabajo.cl\/portal\/wp-content\/uploads\/2018\/06\/Colectivo.jpg?resize=580%2C414\" alt=\"As\u00ed qued\u00f3 el taxi colectivo conducido por Oscar Rivera, con p\u00e9rdida total.\" width=\"580\" height=\"414\" srcset=\"https:\/\/i0.wp.com\/eltrabajo.cl\/portal\/wp-content\/uploads\/2018\/06\/Colectivo.jpg?w=580&amp;ssl=1 580w, https:\/\/i0.wp.com\/eltrabajo.cl\/portal\/wp-content\/uploads\/2018\/06\/Colectivo.jpg?resize=200%2C143&amp;ssl=1 200w, https:\/\/i0.wp.com\/eltrabajo.cl\/portal\/wp-content\/uploads\/2018\/06\/Colectivo.jpg?resize=300%2C214&amp;ssl=1 300w, https:\/\/i0.wp.com\/eltrabajo.cl\/portal\/wp-content\/uploads\/2018\/06\/Colectivo.jpg?resize=210%2C150&amp;ssl=1 210w, https:\/\/i0.wp.com\/eltrabajo.cl\/portal\/wp-content\/uploads\/2018\/06\/Colectivo.jpg?resize=400%2C286&amp;ssl=1 400w\" sizes=\"auto, (max-width: 580px) 100vw, 580px\" \/><figcaption id=\"caption-attachment-86698\" class=\"wp-caption-text\">As\u00ed qued\u00f3 el taxi colectivo conducido por Oscar Rivera, con p\u00e9rdida total.<\/figcaption><\/figure>\n","protected":false},"excerpt":{"rendered":"<p>Violenta colisi\u00f3n en Avenida Chacabuco con Portus:\u00a0Solamente da\u00f1os, con p\u00e9rdida total del veh\u00edculo de alquiler, dej\u00f3 accidente de tr\u00e1nsito registrado la ma\u00f1ana de ayer. Con lesiones leves y tres d\u00edas de licencia&#8230;<\/p>\n","protected":false},"author":1,"featured_media":86698,"comment_status":"open","ping_status":"open","sticky":false,"template":"","format":"standard","meta":{"advanced_seo_description":"","jetpack_seo_html_title":"","jetpack_seo_noindex":false,"_jetpack_memberships_contains_paid_content":false,"footnotes":""},"categories":[21],"tags":[],"class_list":["post-86697","post","type-post","status-publish","format-standard","has-post-thumbnail","hentry","category-policial"],"jetpack_featured_media_url":"https:\/\/i0.wp.com\/eltrabajo.cl\/portal\/wp-content\/uploads\/2018\/06\/Colectivo.jpg?fit=580%2C414&ssl=1","jetpack_sharing_enabled":true,"jetpack_likes_enabled":true,"jetpack-related-posts":[],"_links":{"self":[{"href":"https:\/\/eltrabajo.cl\/portal\/wp-json\/wp\/v2\/posts\/86697","targetHints":{"allow":["GET"]}}],"collection":[{"href":"https:\/\/eltrabajo.cl\/portal\/wp-json\/wp\/v2\/posts"}],"about":[{"href":"https:\/\/eltrabajo.cl\/portal\/wp-json\/wp\/v2\/types\/post"}],"author":[{"embeddable":true,"href":"https:\/\/eltrabajo.cl\/portal\/wp-json\/wp\/v2\/users\/1"}],"replies":[{"embeddable":true,"href":"https:\/\/eltrabajo.cl\/portal\/wp-json\/wp\/v2\/comments?post=86697"}],"version-history":[{"count":0,"href":"https:\/\/eltrabajo.cl\/portal\/wp-json\/wp\/v2\/posts\/86697\/revisions"}],"wp:featuredmedia":[{"embeddable":true,"href":"https:\/\/eltrabajo.cl\/portal\/wp-json\/wp\/v2\/media\/86698"}],"wp:attachment":[{"href":"https:\/\/eltrabajo.cl\/portal\/wp-json\/wp\/v2\/media?parent=86697"}],"wp:term":[{"taxonomy":"category","embeddable":true,"href":"https:\/\/eltrabajo.cl\/portal\/wp-json\/wp\/v2\/categories?post=86697"},{"taxonomy":"post_tag","embeddable":true,"href":"https:\/\/eltrabajo.cl\/portal\/wp-json\/wp\/v2\/tags?post=86697"}],"curies":[{"name":"wp","href":"https:\/\/api.w.org\/{rel}","templated":true}]}}